{"id":566180,"date":"2025-11-29T07:21:13","date_gmt":"2025-11-29T07:21:13","guid":{"rendered":"https:\/\/www.europesays.com\/fr\/566180\/"},"modified":"2025-11-29T07:21:13","modified_gmt":"2025-11-29T07:21:13","slug":"lyon-sur-quelle-chaine-et-a-quelle-heure-voir-le-match-de-top-14","status":"publish","type":"post","link":"https:\/\/www.europesays.com\/fr\/566180\/","title":{"rendered":"Lyon\u00a0: Sur quelle cha\u00eene et \u00e0 quelle heure voir le match de Top 14\u00a0?"},"content":{"rendered":"<p>La 11e journ\u00e9e de Top 14 nous offre une affiche entre l\u2019Aviron Bayonnais, 8e, et Lyon, 12e. Intraitables \u00e0 domicile, les Basques attendent le Lou de pied ferme. Ce dernier n\u2019a remport\u00e9 qu\u2019un match \u00e0 l\u2019ext\u00e9rieur cette saison, du c\u00f4t\u00e9 de Montauban, en esp\u00e8re revenir avec des points dans la besace pour s\u2019\u00e9loigner de la zone rouge.<\/p>\n<p>\u00c0 quelle heure et sur quelle cha\u00eene voir Bayonne &#8211; Lyon<\/p>\n<p>Le match entre l\u2019Aviron et le LOU sera diffus\u00e9 sur Canal+\u00a0Live 6, et dans le Multiplex sur Canal+, en direct pour les abonn\u00e9s, le samedi 29\u00a0novembre 2025 \u00e0 16h35.<\/p>\n<p>Bayonne en favori<\/p>\n<p>L\u2019<a href=\"https:\/\/www.20minutes.fr\/sport\/aviron\/\" class=\"c-link c-link--is-underlined\" target=\"_blank\" rel=\"noopener\">Aviron<\/a> Bayonnais est tout proche de faire partie des barragistes du Top 14. Son goal average n\u00e9gatif l\u2019en emp\u00eache pour l\u2019instant. Toutefois, ils re\u00e7oivent le LOU en tant qu\u2019\u00e9quipe invaincue \u00e0 domicile, dans leur forteresse de Jean-Dauger, depuis juin\u00a02024.<\/p>\n<p>Lors des trois derniers matches sur leur pelouse, ils ont inflig\u00e9 au moins 40 points \u00e0 leurs adversaires. De quoi faire douter les visiteurs samedi apr\u00e8s-midi. Les Basques restent sur une d\u00e9faite dans le stade du <a href=\"https:\/\/www.20minutes.fr\/sport\/racing_metro_92\/\" class=\"c-link c-link--is-underlined\" target=\"_blank\" rel=\"noopener\">Racing 92<\/a> (47-27) et veulent relever la t\u00eate devant leur public.<\/p>\n<blockquote class=\"twitter-tweet\" align=\"center\" data-lang=\"fr_FR\">\n<p lang=\"fr\" dir=\"ltr\">\ud835\udc11\ud835\udc1e\ud835\udc27\ud835\udc1d\ud835\udc1e\ud835\udc33-\ud835\udc2f\ud835\udc28\ud835\udc2e\ud835\udc2c \ud835\udc1d\ud835\udc1e\u0300\ud835\udc2c \ud835\udc2c\ud835\udc1a\ud835\udc26\ud835\udc1e\ud835\udc1d\ud835\udc22 \ud835\udc1a\u0300 \ud835\udc01\ud835\udc1a\ud835\udc32\ud835\udc28\ud835\udc27\ud835\udc27\ud835\udc1e \ud83d\udd1c<\/p>\n<p>Apr\u00e8s leur convaincante victoire face \u00e0 l&rsquo;ASM, les Lyonnais ont rendez-vous sur la pelouse de l&rsquo;Aviron Bayonnais. \ud835\ude0a\ud835\ude26 \ud835\ude34\ud835\ude22\ud835\ude2e\ud835\ude26\ud835\ude25\ud835\ude2a 29 \ud835\ude2f\ud835\ude30\ud835\ude37\ud835\ude26\ud835\ude2e\ud835\ude23\ud835\ude33\ud835\ude26 \ud835\ude22\u0300 16\ud835\ude2935 \ud83d\udca5<a href=\"https:\/\/twitter.com\/hashtag\/LaForceDuLOU?src=hash&amp;ref_src=twsrc%5Etfw\" target=\"_blank\" rel=\"noopener\">#LaForceDuLOU<\/a><a href=\"https:\/\/twitter.com\/hashtag\/LaMeute?src=hash&amp;ref_src=twsrc%5Etfw\" target=\"_blank\" rel=\"noopener\">#LaMeute<\/a><a href=\"https:\/\/twitter.com\/hashtag\/ABLOU?src=hash&amp;ref_src=twsrc%5Etfw\" target=\"_blank\" rel=\"noopener\">#ABLOU<\/a> <a href=\"https:\/\/t.co\/llaZRU1gfX\">pic.twitter.com\/llaZRU1gfX<\/a><\/p>\n<p>\u2014 LOU Rugby (@LeLOURugby) <a href=\"https:\/\/twitter.com\/LeLOURugby\/status\/1993017564834783463?ref_src=twsrc%5Etfw\" target=\"_blank\" rel=\"noopener\">November 24, 2025<\/a><\/p><\/blockquote>\n<p class=\"mb-m@xs text-l@xs\">En cliquant sur\u00ab J\u2019accepte \u00bb, vous acceptez le d\u00e9p\u00f4t de cookies par des services externes et aurez ainsi acc\u00e8s aux contenus de nos partenaires.<\/p>\n<p class=\"mb-xl@xs text-s@xs\">Plus d\u2019informations sur la page<a href=\"https:\/\/www.20minutes.fr\/gestion-cookies\" class=\"mx-xxs@xs color-ultramarine\" target=\"_blank\" rel=\"noopener\">Politique de gestion des cookies<\/a><\/p>\n<p>J\u2019accepteLe LOU avec app\u00e9tit<\/p>\n<p>Apr\u00e8s sa large victoire contre Clermont \u00e0 domicile, Lyon doit d\u00e9sormais montrer son potentiel \u00e0 l\u2019ext\u00e9rieur. Les Rhodaniens ne se sont impos\u00e9s qu\u2019une fois hors de leurs bases cette saison, \u00e0 <a href=\"https:\/\/www.20minutes.fr\/societe\/montauban\/\" class=\"c-link c-link--is-underlined\" target=\"_blank\" rel=\"noopener\">Montauban<\/a>. <\/p>\n<p>Puis, ils ont pris 30 points lors des autres d\u00e9placements. Ils restent d\u2019ailleurs sur une d\u00e9faite fleuve \u00e0 <a href=\"https:\/\/www.20minutes.fr\/dossier\/toulon\" class=\"c-link c-link--is-underlined\" target=\"_blank\" rel=\"noopener\">Toulon<\/a> (54-21). La saison derni\u00e8re, Bayonne avait battu le LOU \u00e0 l\u2019aller et au retour (38-49 et 28-14). Il est l&rsquo;heure de prendre sa revanche.<\/p>\n<p>Les compos de Bayonne \u2013 Lyon<\/p>\n<ul>\n<li>Bayonne\u00a0: 15. Tiberghien\u00a0; 14. T.\u00a0Spring, 13. Maqala, 12. Mori, 11.Erbinartegaray\u00a0; 10. Segonds, 9. Germain\u00a0; 7. Capilla, 8. Leota, 6.Bruni\u00a0; 5. Paulos, 4. Iturria (cap.)\u00a0; 3. Setiano, 2. Bosch, 1.Bordelai.<\/li>\n<li>Lyon\u00a0: 15.Tchaptchet\u00a0; 14.Wainiqolo, 13.Parisien, 12.Millet, 11.Ioane\u00a0; 10.Berdeu, 9.Couilloud (cap.)\u00a0; 7.Saginadze, 8.S.Simmonds, 6.Cretin\u00a0; 5.Geraci, 4.William\u00a0; 3.Ainsley, 2.G. Marchand, 1.Kaabeche.<\/li>\n<\/ul>\n<p><script async src=\"https:\/\/platform.twitter.com\/widgets.js\" charset=\"utf-8\"><\/script><\/p>\n","protected":false},"excerpt":{"rendered":"La 11e journ\u00e9e de Top 14 nous offre une affiche entre l\u2019Aviron Bayonnais, 8e, et Lyon, 12e. Intraitables&hellip;\n","protected":false},"author":2,"featured_media":566181,"comment_status":"","ping_status":"","sticky":false,"template":"","format":"standard","meta":{"footnotes":""},"categories":[1889],"tags":[1111,11,3177,2430,9202,1777,674,1011,27,2428,12,2219,6375,25,2429,2431,479,517,478],"class_list":{"0":"post-566180","1":"post","2":"type-post","3":"status-publish","4":"format-standard","5":"has-post-thumbnail","7":"category-lyon","8":"tag-actu","9":"tag-actualites","10":"tag-aquitaine","11":"tag-auvergne-rhone-alpes","12":"tag-bayonne","13":"tag-eu","14":"tag-europe","15":"tag-fr","16":"tag-france","17":"tag-lyon","18":"tag-news","19":"tag-nouvelle-aquitaine","20":"tag-pyrenees-atlantiques","21":"tag-republique-francaise","22":"tag-rhone","23":"tag-rhone-alpes","24":"tag-rugby","25":"tag-sport","26":"tag-top-14"},"share_on_mastodon":{"url":"https:\/\/pubeurope.com\/@fr\/115631782846406084","error":""},"_links":{"self":[{"href":"https:\/\/www.europesays.com\/fr\/wp-json\/wp\/v2\/posts\/566180","targetHints":{"allow":["GET"]}}],"collection":[{"href":"https:\/\/www.europesays.com\/fr\/wp-json\/wp\/v2\/posts"}],"about":[{"href":"https:\/\/www.europesays.com\/fr\/wp-json\/wp\/v2\/types\/post"}],"author":[{"embeddable":true,"href":"https:\/\/www.europesays.com\/fr\/wp-json\/wp\/v2\/users\/2"}],"replies":[{"embeddable":true,"href":"https:\/\/www.europesays.com\/fr\/wp-json\/wp\/v2\/comments?post=566180"}],"version-history":[{"count":0,"href":"https:\/\/www.europesays.com\/fr\/wp-json\/wp\/v2\/posts\/566180\/revisions"}],"wp:featuredmedia":[{"embeddable":true,"href":"https:\/\/www.europesays.com\/fr\/wp-json\/wp\/v2\/media\/566181"}],"wp:attachment":[{"href":"https:\/\/www.europesays.com\/fr\/wp-json\/wp\/v2\/media?parent=566180"}],"wp:term":[{"taxonomy":"category","embeddable":true,"href":"https:\/\/www.europesays.com\/fr\/wp-json\/wp\/v2\/categories?post=566180"},{"taxonomy":"post_tag","embeddable":true,"href":"https:\/\/www.europesays.com\/fr\/wp-json\/wp\/v2\/tags?post=566180"}],"curies":[{"name":"wp","href":"https:\/\/api.w.org\/{rel}","templated":true}]}}