{"id":566182,"date":"2025-11-29T07:23:16","date_gmt":"2025-11-29T07:23:16","guid":{"rendered":"https:\/\/www.europesays.com\/fr\/566182\/"},"modified":"2025-11-29T07:23:16","modified_gmt":"2025-11-29T07:23:16","slug":"comment-les-chiens-des-gardiens-penitentiaires-sont-formes-pour-detecter-des-armes-et-des-produits-stupefiants","status":"publish","type":"post","link":"https:\/\/www.europesays.com\/fr\/566182\/","title":{"rendered":"comment les chiens des gardiens p\u00e9nitentiaires sont form\u00e9s pour d\u00e9tecter des armes et des produits stup\u00e9fiants ?"},"content":{"rendered":"<p class=\"article__intro\">\u00c0 Fleury-M\u00e9rogis, des \u00e9quipes cynophiles s\u2019entra\u00eenent aux fouilles. Il s\u2019agit des futurs chiens et des gardiens p\u00e9nitentiaires qui vont \u00eatre employ\u00e9s en maisons d\u2019arr\u00eat. Des aides utiles, alors que le minist\u00e8re de la Justice a annonc\u00e9 des fouilles massives dans toutes les prisons. Huit chiens capables de d\u00e9tecter stup\u00e9fiants et armes sont en \u00cele-de-France.<\/p>\n<p>\n      La Quotidienne Soci\u00e9t\u00e9\n    <\/p>\n<p>\n      De la vie quotidienne aux grands enjeux, recevez tous les jours les sujets qui font la soci\u00e9t\u00e9 locale, comme la justice, l\u2019\u00e9ducation, la sant\u00e9 et la famille.\n    <\/p>\n<p>    France T\u00e9l\u00e9visions utilise votre adresse e-mail afin de vous envoyer la newsletter \u00ab\u00a0La Quotidienne Soci\u00e9t\u00e9\u00a0\u00bb. Vous pouvez vous d\u00e9sinscrire \u00e0 tout moment via le lien en bas de cette newsletter. <a target=\"_blank\" href=\"https:\/\/www.francetelevisions.fr\/groupe\/confidentialite\/politique-de-confidentialite\/politique-de-confidentialite-de-france-televisions-6503\" rel=\"noopener\">Notre politique de confidentialit\u00e9<\/a><\/p>\n<p>Aujourd\u2019hui, place \u00e0 des exercices d\u2019ob\u00e9issance pour ce chien. \u00ab\u00a0Reste\u00a0! Couch\u00e9\u00a0\u00bb, ass\u00e8ne Fred \u00e0 l\u2019animal. Le malinois ob\u00e9it aux ordres donn\u00e9s, par ce gardien p\u00e9nitentiaire en formation, sans broncher. Faire ob\u00e9ir ces futurs chiens qui vont \u00eatre employ\u00e9s en \u00e9tablissements p\u00e9nitentiaires, c\u2019est l\u2019objectif de cet exercice.<\/p>\n<p><a data-article-figure=\"\" href=\"https:\/\/france3-regions.franceinfo.fr\/image\/FDuXuNo4OcsoIQ4YPoeVQd0JK68\/960x540\/regions\/2025\/11\/28\/127-6929e673306d9316605537.jpg\" data-pswp-width=\"960\" data-pswp-height=\"540\" target=\"_blank\" rel=\"noopener\"><\/p>\n<p>          <img width=\"600\" height=\"400\" class=\"article-image lazy\" data-src=\"https:\/\/www.europesays.com\/fr\/wp-content\/uploads\/2025\/11\/127-6929e673306d9316605537.jpg\" alt=\"Fred, gardien p\u00e9nitentiaire, entra\u00eene l'un des futurs chiens bient\u00f4t employ\u00e9s dans les prisons. \" fetchpriority=\"high\" as=\"image\"\/><\/p>\n<p>\n            Fred, gardien p\u00e9nitentiaire, entra\u00eene l&rsquo;un des futurs chiens bient\u00f4t employ\u00e9s dans les prisons.<br \/>\n                           \u2022<br \/>\n                                      \u00a9 Calypso Vanier \/ France T\u00e9l\u00e9visions\n                      <\/p>\n<p><\/a><\/p>\n<p>Ces animaux vont travailler aux c\u00f4t\u00e9s de gardiens p\u00e9nitentiaires, comme Fred. Depuis trois mois, il est en formation pour int\u00e9grer l&rsquo;unit\u00e9 cynotechnique. \u00ab\u00a0En tant que surveillant, je les ai vus pendant des fouilles sectorielles. Quand je les ai vus travailler, il y a eu un petit truc en me disant : \u00e7a, \u00e7a me pla\u00eet\u00a0\u00bb, se r\u00e9jouit Fred. <\/p>\n<p>S&rsquo;il r\u00e9ussit le concours, il effectuera ses missions en bin\u00f4me avec ce malinois. \u00ab\u00a0Le plus compliqu\u00e9, ce n\u2019est pas le chien, mais plus nous\u00a0: les intonations, la fa\u00e7on de bouger ou de se placer. C\u2019est quelque chose qu&rsquo;il faut travailler assez r\u00e9guli\u00e8rement quand m\u00eame\u00a0\u00bb, compl\u00e8te ce gardien p\u00e9nitentiaire.<\/p>\n<p>Autre exercice de la formation : la recherche d&rsquo;une arme. Tr\u00e8s vite, le chien marque un arr\u00eat puis se couche, signe qu&rsquo;il est parvenu \u00e0 d\u00e9nicher l&rsquo;objet dans cet univers qu&rsquo;il ne conna\u00eet pas. \u00ab\u00a0C&rsquo;est tr\u00e8s bien \u00e7a, mon gros. C&rsquo;est super \u00e7a. On essaie de diversifier les lieux, les caches, par exemple les environnements. L\u00e0, par exemple, vous voyez, il y a du bois. C&rsquo;est une grosse odeur, donc on travaille dans \u00e7a. Par exemple, l\u00e0, c&rsquo;est un entrep\u00f4t, il fait frais. On travaille dans le froid, dans le chaud\u00a0\u00bb, relate Jean-Claude, autre gardien p\u00e9nitentiaire en formation.<\/p>\n<p>L\u2019unit\u00e9 cynotechnique intervient aussi bien dans les cellules, qu&rsquo;en appui de la police et de la gendarmerie, lors de perquisitions partout dans l&rsquo;Hexagone. \u00ab\u00a0Une semaine sur deux, on peut nous appeler 24 heures sur 24, donc il faut \u00eatre pr\u00eat \u00e0 partir 24 heures sur 24. Et \u00e0 peu pr\u00e8s un week-end sur deux, il faut s&rsquo;occuper de tous les chiens du chenil\u00a0\u00bb, ajoute Jean-Claude.<\/p>\n<p><a data-article-figure=\"\" href=\"https:\/\/france3-regions.franceinfo.fr\/image\/wxmUSq8847J_IFnB2yLqBuaog_g\/960x540\/regions\/2025\/11\/28\/3114-6929e63c1f058646325255.jpg\" data-pswp-width=\"960\" data-pswp-height=\"540\" target=\"_blank\" rel=\"noopener\"><\/p>\n<p>          <img width=\"600\" height=\"400\" class=\"article-image lazy\" data-src=\"https:\/\/www.europesays.com\/fr\/wp-content\/uploads\/2025\/11\/3114-6929e63c1f058646325255.jpg\" alt=\"Fred, formateur, d\u00e9plore un nombre encore insuffisant d'\u00e9quipes cynophiles.\" fetchpriority=\"high\" as=\"image\"\/><\/p>\n<p>\n            Fred, formateur, d\u00e9plore un nombre encore insuffisant d&rsquo;\u00e9quipes cynophiles.<br \/>\n                           \u2022<br \/>\n                                      \u00a9 Calypso Vanier \/ France T\u00e9l\u00e9visions\n                      <\/p>\n<p><\/a><\/p>\n<p>S\u00e9curisation, recherche d&rsquo;armes, de stup\u00e9fiants, d&rsquo;explosifs ou de billets de banque, les missions se multiplient de plus en plus pour cette unit\u00e9 de 15 agents cr\u00e9\u00e9e en 2006 et qui peine \u00e0 recruter. \u00ab\u00a0On n&rsquo;est pas assez nombreux. On n&rsquo;est que trois unit\u00e9s cynotechniques sur tout le territoire national,\u00a0pour l&rsquo;instant. Il faut avoir des chiens en \u00e9tablissement p\u00e9nitentiaire. C&rsquo;est un renfort, c&rsquo;est un outil pour nous, au m\u00eame titre que la police nationale ou la gendarmerie\u00a0\u00bb, pr\u00e9cise Fred, le formateur.<\/p>\n<p>En \u00cele-de-France, neuf postes sont vacants. Les prochains recrutements auront lieu en juin.<\/p>\n","protected":false},"excerpt":{"rendered":"\u00c0 Fleury-M\u00e9rogis, des \u00e9quipes cynophiles s\u2019entra\u00eenent aux fouilles. Il s\u2019agit des futurs chiens et des gardiens p\u00e9nitentiaires qui&hellip;\n","protected":false},"author":2,"featured_media":566183,"comment_status":"","ping_status":"","sticky":false,"template":"","format":"standard","meta":{"footnotes":""},"categories":[1592],"tags":[1111,11,1777,674,1011,27,662,12,626,25],"class_list":{"0":"post-566182","1":"post","2":"type-post","3":"status-publish","4":"format-standard","5":"has-post-thumbnail","7":"category-ile-de-france","8":"tag-actu","9":"tag-actualites","10":"tag-eu","11":"tag-europe","12":"tag-fr","13":"tag-france","14":"tag-ile-de-france","15":"tag-news","16":"tag-paris","17":"tag-republique-francaise"},"share_on_mastodon":{"url":"https:\/\/pubeurope.com\/@fr\/115631790814593639","error":""},"_links":{"self":[{"href":"https:\/\/www.europesays.com\/fr\/wp-json\/wp\/v2\/posts\/566182","targetHints":{"allow":["GET"]}}],"collection":[{"href":"https:\/\/www.europesays.com\/fr\/wp-json\/wp\/v2\/posts"}],"about":[{"href":"https:\/\/www.europesays.com\/fr\/wp-json\/wp\/v2\/types\/post"}],"author":[{"embeddable":true,"href":"https:\/\/www.europesays.com\/fr\/wp-json\/wp\/v2\/users\/2"}],"replies":[{"embeddable":true,"href":"https:\/\/www.europesays.com\/fr\/wp-json\/wp\/v2\/comments?post=566182"}],"version-history":[{"count":0,"href":"https:\/\/www.europesays.com\/fr\/wp-json\/wp\/v2\/posts\/566182\/revisions"}],"wp:featuredmedia":[{"embeddable":true,"href":"https:\/\/www.europesays.com\/fr\/wp-json\/wp\/v2\/media\/566183"}],"wp:attachment":[{"href":"https:\/\/www.europesays.com\/fr\/wp-json\/wp\/v2\/media?parent=566182"}],"wp:term":[{"taxonomy":"category","embeddable":true,"href":"https:\/\/www.europesays.com\/fr\/wp-json\/wp\/v2\/categories?post=566182"},{"taxonomy":"post_tag","embeddable":true,"href":"https:\/\/www.europesays.com\/fr\/wp-json\/wp\/v2\/tags?post=566182"}],"curies":[{"name":"wp","href":"https:\/\/api.w.org\/{rel}","templated":true}]}}