{"id":566184,"date":"2025-11-29T07:24:12","date_gmt":"2025-11-29T07:24:12","guid":{"rendered":"https:\/\/www.europesays.com\/fr\/566184\/"},"modified":"2025-11-29T07:24:12","modified_gmt":"2025-11-29T07:24:12","slug":"un-des-restaurants-etoiles-michelin-de-stephane-manigold-ferme-ses-portes-deux-ans-apres-son-ouverture","status":"publish","type":"post","link":"https:\/\/www.europesays.com\/fr\/566184\/","title":{"rendered":"un des restaurants \u00e9toil\u00e9s Michelin de St\u00e9phane Manigold ferme ses portes deux ans apr\u00e8s son ouverture"},"content":{"rendered":"<p>                    Par<br \/>\n        <strong><br \/>\n            <a href=\"https:\/\/actu.fr\/auteur\/thomas-martin\" title=\"Consulter tous les articles de Thomas Martin\" target=\"_blank\" rel=\"noopener\">Thomas Martin<\/a><br \/>\n                    <\/strong><\/p>\n<p>        Publi\u00e9 le<\/p>\n<p>            29 nov. 2025 \u00e0 8h06        <\/p>\n<p>L\u2019aventure s\u2019ach\u00e8ve apr\u00e8s \u00e0 peine plus de deux ans. Le <a href=\"https:\/\/actu.fr\/tag\/restaurant\" target=\"_blank\" rel=\"noopener\">restaurant<\/a> <strong>H\u00e9micycle<\/strong> situ\u00e9 5 rue de Bourgogne dans le 7\u1d49 arrondissement de Paris, tout pr\u00e8s de l\u2019<a href=\"https:\/\/actu.fr\/tag\/assemblee-nationale\" target=\"_blank\" rel=\"noopener\">Assembl\u00e9e nationale<\/a>, ferme ses portes mi-d\u00e9cembre 2025. L\u2019adresse, inaugur\u00e9e fin ao\u00fbt 2023, \u00e9tait la huiti\u00e8me table parisienne du groupe Eclore dirig\u00e9 par <a href=\"https:\/\/actu.fr\/ile-de-france\/paris_75056\/axa-oblige-d-indemniser-un-restaurateur-de-paris-pour-ses-pertes-liees-au-confinement_33802472.html\" target=\"_blank\" rel=\"noopener\">St\u00e9phane Manigold<\/a>, ancien vendeur de voitures reconverti avec succ\u00e8s dans la <a href=\"https:\/\/actu.fr\/tag\/gastronomie\" target=\"_blank\" rel=\"noopener\">gastronomie<\/a>.\u00a0<\/p>\n<p>Une \u00e9toile Michelin gagn\u00e9e rapidement<\/p>\n<p class=\" wall-content\">Lors de son ouverture, H\u00e9micycle s\u2019annon\u00e7ait comme un pari audacieux \u2014 \u00e0 l\u2019image de l\u2019homme d\u2019affaires-restaurateur qu\u2019est St\u00e9phane Manigold. Le restaurant, install\u00e9 dans les murs de l\u2019ancien \u00e9tablissement historique Loiseau Rive Gauche, avait totalement \u00e9t\u00e9 repens\u00e9 : trois \u00e9tages \u2014 salle de 32 couverts, bar \u00e0 p\u00e2tisseries, salon priv\u00e9, et m\u00eame un bar \u00e0 cocktails fa\u00e7on speakeasy au dernier \u00e9tage.\u00a0<\/p>\n<p class=\" wall-content\">En cuisine, c\u2019est le tandem form\u00e9 par le chef italien Flavio Lucarini et la cheffe-p\u00e2tissi\u00e8re italienne Aurora Storari qui prenait les commandes et visait haut.\u00a0<\/p>\n<p class=\" wall-content\">Quelques mois seulement apr\u00e8s l\u2019ouverture, le restaurant avait d\u2019ailleurs obtenu une \u00e9toile dans le <a href=\"https:\/\/actu.fr\/tag\/guide-michelin\" target=\"_blank\" rel=\"noopener\">guide Michelin<\/a>.\u00a0<\/p>\n<p class=\" wall-content\">Malgr\u00e9 ce succ\u00e8s, H\u00e9micycle n\u2019aura dur\u00e9 que deux ans. Selon St\u00e9phane Manigold, le d\u00e9part a \u00e9t\u00e9 contraint du fait de la volont\u00e9 d\u2019un des propri\u00e9taires des murs de les r\u00e9cup\u00e9rer. L\u2019entrepreneur a cherch\u00e9 d\u2019autres lieux dans le quartier pouvant accueillir le restaurant mais pour l\u2019instant en vain. \u00ab\u00a0Je suis toujours en recherche\u00a0\u00bb, indique St\u00e9phane Manigold.\u00a0<\/p>\n<p class=\" wall-content\">Le couple Lucarini-Storari, aux fourneaux, pourrait rebondir bient\u00f4t dans une nouvelle adresse parisienne. bouillantes.com+1<\/p>\n<p class=\" wall-content\">\u00c0 H\u00e9micycle, la carte visait la finesse et la surprise : plats d\u2019inspiration transalpine, sauces audacieuses, associations sucr\u00e9-sal\u00e9 pens\u00e9s par Aurora Storari, risotto, ris de veau, desserts inventifs selon les saisons\u2026<\/p>\n<p>Votre r\u00e9gion, votre actu !<\/p>\n<p>Recevez chaque jour les infos qui comptent pour vous.<\/p>\n<p>\t<a href=\"https:\/\/actu.fr\/newsletter\" class=\"ac-btn ac-btn--corner ac-btn--medium ac-btn--blue800\" target=\"_blank\" rel=\"noopener\">S&rsquo;incrire<\/a><\/p>\n<p class=\" wall-content\">Le restaurant n\u2019\u00e9tait que l\u2019une des \u00ab tables \u00bb de la galaxie de St\u00e9phane Manigold, au sein du groupe Groupe \u00c9clore qui compte \u00e9galement Substance, Contraste, Granite, Liquide, Braise, Maison Rostang et Bistrot Flaubert.\u00a0<\/p>\n<p class=\" wall-content\">Personnalisez votre actualit\u00e9 en ajoutant vos villes et m\u00e9dias en favori avec <a href=\"https:\/\/moncompte.actu.fr\" title=\"D\u00e9couvez Mon Actu\" rel=\"nofollow noopener\" data-trk=\"{&quot;cta&quot;:{&quot;action&quot;:&quot;https:\\\/\\\/moncompte.actu.fr&quot;,&quot;category&quot;:&quot;mon compte&quot;,&quot;from&quot;:&quot;article footer&quot;,&quot;name&quot;:&quot;Mon actu&quot;,&quot;type&quot;:&quot;cta&quot;}}\" target=\"_blank\">Mon Actu<\/a>.<\/p>\n","protected":false},"excerpt":{"rendered":"Par Thomas Martin Publi\u00e9 le 29 nov. 2025 \u00e0 8h06 L\u2019aventure s\u2019ach\u00e8ve apr\u00e8s \u00e0 peine plus de deux&hellip;\n","protected":false},"author":2,"featured_media":566185,"comment_status":"","ping_status":"","sticky":false,"template":"","format":"standard","meta":{"footnotes":""},"categories":[1888],"tags":[1111,1928,11,1927,33,1777,674,1011,27,1661,493,12,1926,626,1925,25,1340],"class_list":{"0":"post-566184","1":"post","2":"type-post","3":"status-publish","4":"format-standard","5":"has-post-thumbnail","7":"category-paris","8":"tag-actu","9":"tag-actu-paris","10":"tag-actualites","11":"tag-actualites-paris","12":"tag-economie","13":"tag-eu","14":"tag-europe","15":"tag-fr","16":"tag-france","17":"tag-gastronomie","18":"tag-guide-michelin","19":"tag-news","20":"tag-news-paris","21":"tag-paris","22":"tag-paris-news","23":"tag-republique-francaise","24":"tag-restaurant"},"share_on_mastodon":{"url":"https:\/\/pubeurope.com\/@fr\/115631794653933093","error":""},"_links":{"self":[{"href":"https:\/\/www.europesays.com\/fr\/wp-json\/wp\/v2\/posts\/566184","targetHints":{"allow":["GET"]}}],"collection":[{"href":"https:\/\/www.europesays.com\/fr\/wp-json\/wp\/v2\/posts"}],"about":[{"href":"https:\/\/www.europesays.com\/fr\/wp-json\/wp\/v2\/types\/post"}],"author":[{"embeddable":true,"href":"https:\/\/www.europesays.com\/fr\/wp-json\/wp\/v2\/users\/2"}],"replies":[{"embeddable":true,"href":"https:\/\/www.europesays.com\/fr\/wp-json\/wp\/v2\/comments?post=566184"}],"version-history":[{"count":0,"href":"https:\/\/www.europesays.com\/fr\/wp-json\/wp\/v2\/posts\/566184\/revisions"}],"wp:featuredmedia":[{"embeddable":true,"href":"https:\/\/www.europesays.com\/fr\/wp-json\/wp\/v2\/media\/566185"}],"wp:attachment":[{"href":"https:\/\/www.europesays.com\/fr\/wp-json\/wp\/v2\/media?parent=566184"}],"wp:term":[{"taxonomy":"category","embeddable":true,"href":"https:\/\/www.europesays.com\/fr\/wp-json\/wp\/v2\/categories?post=566184"},{"taxonomy":"post_tag","embeddable":true,"href":"https:\/\/www.europesays.com\/fr\/wp-json\/wp\/v2\/tags?post=566184"}],"curies":[{"name":"wp","href":"https:\/\/api.w.org\/{rel}","templated":true}]}}