{"id":566199,"date":"2025-11-29T07:32:17","date_gmt":"2025-11-29T07:32:17","guid":{"rendered":"https:\/\/www.europesays.com\/fr\/566199\/"},"modified":"2025-11-29T07:32:17","modified_gmt":"2025-11-29T07:32:17","slug":"lallemagne-de-merz-peine-a-lancer-ses-reformes-sociales","status":"publish","type":"post","link":"https:\/\/www.europesays.com\/fr\/566199\/","title":{"rendered":"l\u2019Allemagne de Merz peine \u00e0 lancer ses r\u00e9formes sociales"},"content":{"rendered":"<p class=\"upper-letter\">Apr\u00e8s des premiers mois mouvement\u00e9s consacr\u00e9s \u00e0 la diplomatie et \u00e0 la s\u00e9curit\u00e9, le chancelier Merz a promis de se recentrer sur l\u2019\u00e9conomie du pays, qui conna\u00eet sa sixi\u00e8me ann\u00e9e de stagnation et sur son mod\u00e8le social, qui engloutit pr\u00e8s d\u2019un tiers du PIB. Le comit\u00e9 des sages, cinq \u00e9conomistes ind\u00e9pendants cens\u00e9s \u00e9clairer l\u2019ex\u00e9cutif f\u00e9d\u00e9ral, estime que la croissance sera limit\u00e9e l\u2019an prochain \u00e0 0,9 %, inf\u00e9rieure \u00e0 celle anticip\u00e9e par le gouvernement (+ 1,3 %).<\/p>\n","protected":false},"excerpt":{"rendered":"Apr\u00e8s des premiers mois mouvement\u00e9s consacr\u00e9s \u00e0 la diplomatie et \u00e0 la s\u00e9curit\u00e9, le chancelier Merz a promis&hellip;\n","protected":false},"author":2,"featured_media":566200,"comment_status":"","ping_status":"","sticky":false,"template":"","format":"standard","meta":{"footnotes":""},"categories":[1587],"tags":[11,672,1804,1805,1803,1777,674,4710,1801,12,11036,1802],"class_list":{"0":"post-566199","1":"post","2":"type-post","3":"status-publish","4":"format-standard","5":"has-post-thumbnail","7":"category-allemagne","8":"tag-actualites","9":"tag-allemagne","10":"tag-bundesrepublik-deutschland","11":"tag-de","12":"tag-deutschland","13":"tag-eu","14":"tag-europe","15":"tag-friedrich-merz","16":"tag-germany","17":"tag-news","18":"tag-reforme-des-retraites","19":"tag-republique-federale-dallemagne"},"share_on_mastodon":{"url":"https:\/\/pubeurope.com\/@fr\/115631826146066550","error":""},"_links":{"self":[{"href":"https:\/\/www.europesays.com\/fr\/wp-json\/wp\/v2\/posts\/566199","targetHints":{"allow":["GET"]}}],"collection":[{"href":"https:\/\/www.europesays.com\/fr\/wp-json\/wp\/v2\/posts"}],"about":[{"href":"https:\/\/www.europesays.com\/fr\/wp-json\/wp\/v2\/types\/post"}],"author":[{"embeddable":true,"href":"https:\/\/www.europesays.com\/fr\/wp-json\/wp\/v2\/users\/2"}],"replies":[{"embeddable":true,"href":"https:\/\/www.europesays.com\/fr\/wp-json\/wp\/v2\/comments?post=566199"}],"version-history":[{"count":0,"href":"https:\/\/www.europesays.com\/fr\/wp-json\/wp\/v2\/posts\/566199\/revisions"}],"wp:featuredmedia":[{"embeddable":true,"href":"https:\/\/www.europesays.com\/fr\/wp-json\/wp\/v2\/media\/566200"}],"wp:attachment":[{"href":"https:\/\/www.europesays.com\/fr\/wp-json\/wp\/v2\/media?parent=566199"}],"wp:term":[{"taxonomy":"category","embeddable":true,"href":"https:\/\/www.europesays.com\/fr\/wp-json\/wp\/v2\/categories?post=566199"},{"taxonomy":"post_tag","embeddable":true,"href":"https:\/\/www.europesays.com\/fr\/wp-json\/wp\/v2\/tags?post=566199"}],"curies":[{"name":"wp","href":"https:\/\/api.w.org\/{rel}","templated":true}]}}