{"id":566203,"date":"2025-11-29T07:34:17","date_gmt":"2025-11-29T07:34:17","guid":{"rendered":"https:\/\/www.europesays.com\/fr\/566203\/"},"modified":"2025-11-29T07:34:17","modified_gmt":"2025-11-29T07:34:17","slug":"derive-de-lunion-europeenne-realites-a-considerer","status":"publish","type":"post","link":"https:\/\/www.europesays.com\/fr\/566203\/","title":{"rendered":"D\u00e9rive de l\u2019Union europ\u00e9enne : r\u00e9alit\u00e9s \u00e0 consid\u00e9rer"},"content":{"rendered":"<p><img fetchpriority=\"high\" decoding=\"async\" width=\"1024\" height=\"536\" src=\"https:\/\/www.europesays.com\/fr\/wp-content\/uploads\/2025\/11\/Image-LD-5-copie-2-7-1024x536.jpg\" alt=\"Femme s\u2019exprimant \u00e0 la tribune du Parlement europ\u00e9en, v\u00eatue aux couleurs de l\u2019UE, avec des drapeaux europ\u00e9ens en arri\u00e8re-plan.\" class=\"wp-image-17260\"  \/><strong>Capture d\u2019\u00e9cran<\/strong><\/p>\n<p><strong>Par Jean Daspry, pseudonyme d\u2019un haut fonctionnaire, Docteur en sciences politiques<\/strong><\/p>\n<p>\u00ab\u00a0Il faut prendre les choses comme elles sont, car on ne fait pas de politique autrement que sur des r\u00e9alit\u00e9s. Bien entendu, on peut sauter sur sa chaise comme un cabri en disant \u2018l\u2019Europe\u00a0! L\u2019Europe\u00a0! L\u2019Europe\u00a0!\u2019 mais cela n\u2019aboutit \u00e0 rien et cela ne signifie rien [\u2026] Vous en avez qui crient \u2018Mais l\u2019Europe, l\u2019Europe supranationale\u00a0! Il n\u2019y a qu\u2019\u00e0 mettre tout cela ensemble, il n\u2019y a qu\u2019\u00e0 fondre tout cela ensemble, les Fran\u00e7ais avec les Allemands, les Italiens avec les Anglais\u2019 etc [\u2026] Oui, c\u2019est commode et quelquefois c\u2019est assez s\u00e9duisant, on va sur des chim\u00e8res, on va sur des mythes. Mais, il y a les r\u00e9alit\u00e9s et les r\u00e9alit\u00e9s ne se traitent pas comme cela. Les r\u00e9alit\u00e9s se traitent \u00e0 partir d\u2019elles-m\u00eames\u00a0\u00bb.<\/p>\n<p>Une fois encore, le g\u00e9n\u00e9ral de Gaulle fait preuve de clairvoyance lorsqu\u2019il prononce ces paroles, dans un entretien avec Michel Droit, le 14 d\u00e9cembre 1965. C\u2019\u00e9tait il y a soixante ans d\u00e9j\u00e0 et ses propos n\u2019ont pas pris la moindre ride \u00e0 la lumi\u00e8re des d\u00e9veloppements r\u00e9cents de la (d\u00e9) construction europ\u00e9enne\u00a0!<a href=\"applewebdata:\/\/A1CFF980-C2A3-4717-B1B1-EB0AF8C083EC#_ftn1\">[1]<\/a>\u00a0Quelques informations r\u00e9centes sur les querelles picrocholines qui secouent le machin bruxellois en disent plus que de longs discours sur la d\u00e9rive de l\u2019Union (la d\u00e9sunion) europ\u00e9enne au fil des ann\u00e9es, des mois pass\u00e9es. De quoi s\u2019agit-il\u00a0? Du contr\u00f4le effectif de la (non) diplomatie europ\u00e9enne par la Commission europ\u00e9enne au d\u00e9triment de la structure qui en est th\u00e9oriquement charg\u00e9e, \u00e0 savoir le Service europ\u00e9en d\u2019action ext\u00e9rieure (SEAE)\u00a0<a href=\"applewebdata:\/\/A1CFF980-C2A3-4717-B1B1-EB0AF8C083EC#_ftn2\">[2]<\/a>. Voil\u00e0 \u00e0 quoi s\u2019amuse, passe son temps, la cr\u00e8me de l\u2019\u00e9lite technocratique bruxelloise\u00a0! \u00c0 de vaines et ridicules batailles de regrattiers. Alors que le monde s\u2019embrase aux quatre coins de la plan\u00e8te, deux p\u00e9ronnelles de haute vol\u00e9e -l es susdites Ursula von der Leyen (allemande) et Kaja Lallas (estonienne) \u2013 se cherchent des poux dans la t\u00eate pendant que l\u2019Europe s\u2019embrasse.<\/p>\n<p><strong>\u00c0 lire aussi :<\/strong> <a href=\"https:\/\/lediplomate.media\/aveuglement-strategique-ue-tragedie-ukrainienne\/\" target=\"_blank\" rel=\"noreferrer noopener\">ANALYSE \u2013 Trente ans d\u2019aveuglement strat\u00e9gique\u00a0: L\u2019Union europ\u00e9enne face \u00e0 la trag\u00e9die ukrainienne<\/a><\/p>\n<p><strong>Le monde s\u2019embrase\u00a0<\/strong><\/p>\n<p>Le moins que l\u2019on soit autoris\u00e9 \u00e0 dire est que le monde va mal en 2025. Ceci rel\u00e8ve de la tautologie. En d\u00e9pit de l\u2019activisme du 47\u00e8me\u00a0Pr\u00e9sident des \u00c9tats-Unis, parfois couronn\u00e9 de succ\u00e8s, le conflit meurtrier en Ukraine, aux portes de l\u2019Europe, se poursuit<a href=\"applewebdata:\/\/A1CFF980-C2A3-4717-B1B1-EB0AF8C083EC#_ftn3\">[3]<\/a>. Certains, comme le chef d\u2019\u00e9tat-Major des arm\u00e9es, le g\u00e9n\u00e9ral Fabien Mandon nous dresse un tableau apocalyptique de la situation lors de son intervention devant le Congr\u00e8s des maires de France le 19 novembre 2025<a href=\"applewebdata:\/\/A1CFF980-C2A3-4717-B1B1-EB0AF8C083EC#_ftn4\">[4]<\/a>. Les perspectives de guerre sur le continent nous sont annonc\u00e9es \u00e0 l\u2019\u00e9ch\u00e9ance 2030<a href=\"applewebdata:\/\/A1CFF980-C2A3-4717-B1B1-EB0AF8C083EC#_ftn5\">[5]<\/a>. Au Moyen-Orient, malgr\u00e9 le plan de paix conclu sous les auspices du malappris \u00e0 la crini\u00e8re jaune, Isra\u00ebl et Hamas s\u2019accusent mutuellement de violer le cessez-le-feu<a href=\"applewebdata:\/\/A1CFF980-C2A3-4717-B1B1-EB0AF8C083EC#_ftn6\">[6]<\/a>. Au Soudan, la communaut\u00e9 internationale reste passive en d\u00e9pit des milliers de morts, de bless\u00e9s, de violences faites aux femmes \u2026 En RdC, la tr\u00eave est fragile alors que l\u2019on ne compte plus le nombre des victimes de violences de toute nature. Au Mali, les djihadistes asphyxient la capitale Bamako qui pourrait bient\u00f4t tomber comme un fruit mur. Au Nig\u00e9ria, on assassine les chr\u00e9tiens dont le sort n\u2019int\u00e9resse que Donald Trump. En Asie, les armes parlent un temps entre Inde et Pakistan, entre Talibans et Pakistan, entre Cambodge et Tha\u00eflande, le ton monte entre P\u00e9kin et Tokyo<a href=\"applewebdata:\/\/A1CFF980-C2A3-4717-B1B1-EB0AF8C083EC#_ftn7\">[7]<\/a>, P\u00e9kin lorgne toujours sur Ta\u00efwan \u2026 Les paradigmes du multilat\u00e9ralisme, de la paix par le droit, par la confiance \u2026 sont ignor\u00e9s. L\u2019ONU comme l\u2019OMC sont aux abonn\u00e9s absents. La soci\u00e9t\u00e9 internationale se montre incapable de relever le d\u00e9fi de l\u2019environnement, du climat, des d\u00e9rives du num\u00e9rique<a href=\"applewebdata:\/\/A1CFF980-C2A3-4717-B1B1-EB0AF8C083EC#_ftn8\">[8]<\/a>, de l\u2019intelligence artificielle, des r\u00e9seaux (a) sociaux, des drones, des guerres hybrides \u2026 Le monde du XXIe si\u00e8cle est pass\u00e9 de la confiance \u00e0 la m\u00e9fiance, de la coop\u00e9ration \u00e0 la confrontation, de la r\u00e9gulation \u00e0 la d\u00e9r\u00e9gulation, de la mondialisation heureuse \u00e0 la mondialisation malheureuse, du village global aux multiples villages, des trente glorieuses aux trente piteuses \u2026\u00a0<\/p>\n<p>Face \u00e0 ce tableau apocalyptique d\u2019un monde sans dessus dessous, l\u2019on aurait pu imaginer que nos t\u00eates bien faites bruxelloises s\u2019agitent pour conna\u00eetre le pass\u00e9 afin de comprendre le pr\u00e9sent et anticiper l\u2019avenir. Vous n\u2019y pensez pas. Elles ont d\u2019autres chats \u00e0 fouetter.<\/p>\n<p><strong>\u00c0 lire aussi : <\/strong><a href=\"https:\/\/lediplomate.media\/ue-guerre-ukraine-conflit-integration-federale-europeenne\/\" target=\"_blank\" rel=\"noreferrer noopener\">ANALYSE \u2013 L\u2019Union europ\u00e9enne face \u00e0 la guerre en Ukraine : Conflit g\u00e9opolitique ou pr\u00e9texte \u00e0 une int\u00e9gration f\u00e9d\u00e9rale europ\u00e9enne ?<\/a><\/p>\n<p><strong>L\u2019Europe s\u2019embrase\u00a0<\/strong><\/p>\n<p>Au Berlaymont, croyez-vous que l\u2019on fasse de la strat\u00e9gie\u00a0pour anticiper et se pr\u00e9parer aux d\u00e9fis et aux menaces de demain ? Que nenni. Les technocrates de haut vol ont mieux \u00e0 faire que de r\u00e9fl\u00e9chir \u00e0 la guerre et \u00e0 la paix. Ce sont les querelles de boutique, de Clochemerle qui tiennent le haut du pav\u00e9. Cela au moins, c\u2019est du lourd, du s\u00e9rieux. D\u2019un c\u00f4t\u00e9, la pr\u00e9sidente de la Commission europ\u00e9enne \u00e9largit au fil des jours son champ d\u2019action diplomatique et de renseignement au m\u00e9pris des textes, souhaitant devenir de facto la ministre europ\u00e9enne des \u00e9tranges affaires. La fr\u00eale Dame se comporte comme un Panzer lourd. De l\u2019autre, la non moins fr\u00eale ministre en charge des affaires diplomatiques se fait d\u00e9pouiller de ses maigres attributions, ne parvenant pas \u00e0 faire face au \u00ab\u00a0Blitz Krieg\u00a0\u00bb d\u2019Ursula von der Pfizer. Une sorte d\u2019offensive de 1940 assortie d\u2019une \u00e9trange d\u00e9faite qui a pour th\u00e9\u00e2tre le Berlaymont. Avec nos amis allemands, c\u2019est souvent, chassez le naturel, il revient au galop.<\/p>\n<p>Sur l\u2019Ukraine, des Europ\u00e9ens humili\u00e9s d\u00e9couvrent l\u2019existence d\u2019un plan de paix am\u00e9ricain par la presse<a href=\"applewebdata:\/\/A1CFF980-C2A3-4717-B1B1-EB0AF8C083EC#_ftn9\">[9]<\/a>, projet qui a \u00e9t\u00e9 discut\u00e9 dans leur dos et fait la part belle aux revendications de Moscou<a href=\"applewebdata:\/\/A1CFF980-C2A3-4717-B1B1-EB0AF8C083EC#_ftn10\">[10]<\/a>. \u00c0 ce stade, Volodymyr Zelensky reste sur une prudente r\u00e9serve<a href=\"applewebdata:\/\/A1CFF980-C2A3-4717-B1B1-EB0AF8C083EC#_ftn11\">[11]<\/a>. Dame Kaja Kallas, Haute repr\u00e9sentante de l\u2019Union europ\u00e9enne pour les affaires \u00e9trang\u00e8res et la politique de s\u00e9curit\u00e9 depuis le 1er\u00a0d\u00e9cembre 2024 \u2013 un Ersatz de ministre europ\u00e9en des affaires \u00e9trang\u00e8res \u2013 peut bien pousser des cris d\u2019orfraie \u00e0 la d\u00e9couverte du pot aux roses (\u00ab\u00a0La paix en Ukraine ne peut se faire sans les Europ\u00e9ens\u00a0\u00bb)\u00a0mais plus personne ne l\u2019\u00e9coute si tant est que sa voix n\u2019ait jamais \u00e9t\u00e9 audible dans le concert des nations<a href=\"applewebdata:\/\/A1CFF980-C2A3-4717-B1B1-EB0AF8C083EC#_ftn12\">[12]<\/a>. Cette ex-premi\u00e8re ministre estonienne est parfaite dans son r\u00f4le d\u2019idiote utile des Vingt-Sept incapables de faire pi\u00e8ce au tandem Trump-Poutine<a href=\"applewebdata:\/\/A1CFF980-C2A3-4717-B1B1-EB0AF8C083EC#_ftn13\">[13]<\/a>. L\u2019Obersturmbahnf\u00fchrer (in) von der Leyen d\u00e9clare urbi et orbi que la paix ne peut se faire sans les Ukrainiens et les Europ\u00e9ens. Cause toujours, tu m\u2019int\u00e9resses\u00a0! Une fois de plus, les Europ\u00e9ens subissent les \u00e9v\u00e8nements plut\u00f4t qu\u2019ils ne les provoquent<a href=\"applewebdata:\/\/A1CFF980-C2A3-4717-B1B1-EB0AF8C083EC#_ftn14\">[14]<\/a>. Leurs objurgations sont vaines face au rouleau compresseur Trump\/Poutine<a href=\"applewebdata:\/\/A1CFF980-C2A3-4717-B1B1-EB0AF8C083EC#_ftn15\">[15]<\/a>.<\/p>\n<p>Au Moyen-Orient, l\u2019Union europ\u00e9enne est marginalis\u00e9e alors que Donald Trump trace son chemin, obtient la lib\u00e9ration des otages, un cessez-le-feu, le vote d\u2019une r\u00e9solution au Conseil de s\u00e9curit\u00e9 de l\u2019ONU sur le conflit avec abstention chinoise et russe<a href=\"applewebdata:\/\/A1CFF980-C2A3-4717-B1B1-EB0AF8C083EC#_ftn16\">[16]<\/a>. Sur le sujet, les Vingt-Sept sont divis\u00e9s et l\u2019initiative fran\u00e7aise sur la reconnaissance de la Palestine fait pschitt apr\u00e8s la pr\u00e9sentation du plan de paix am\u00e9ricain. Vers qui le prince MBS se tourne-t-il pour obtenir des garanties de s\u00e9curit\u00e9\u00a0? Vers l\u2019Am\u00e9rique tout naturellement et certainement pas vers l\u2019Union europ\u00e9enne et sa mauvaise troupe. La visite de MBS n\u2019est pas un simple rendez-vous diplomatique. C\u2019est un portrait du nouvel ordre mondial : un syst\u00e8me o\u00f9 les droits humains deviennent une variable secondaire et o\u00f9 les grandes puissances utilisent l\u2019argent, les armes et l\u2019influence g\u00e9opolitique comme uniques crit\u00e8res d\u2019alliance. Dans ce monde-l\u00e0 (auquel l\u2019Union europ\u00e9enne est \u00e9trang\u00e8re), celui qui poss\u00e8de les capitaux a aussi le pouvoir de r\u00e9\u00e9crire l\u2019histoire<a href=\"applewebdata:\/\/A1CFF980-C2A3-4717-B1B1-EB0AF8C083EC#_ftn17\">[17]<\/a>.<\/p>\n<p>Sur l\u2019imposition d\u2019importants droits de douanes par l\u2019administration am\u00e9ricaine, la Gauleiterin von der Leyen se couche avec le sourie devant Donald Trump. Pour leur part, les Vingt-Sept tentent de limiter les frais sur une base bilat\u00e9rale, se souciant peu de ce qui se trame ou pas \u00e0 Bruxelles. O\u00f9 est et que fait l\u2019Europe qui fait la force dans les paroles mais qui est inexistante dans les actes. Un classique bruxellois qui se confirme \u00e0 l\u2019occasion de chaque grande crise internationale. L\u2019Europe n\u2019existe que dans les chim\u00e8res de certains \u00ab\u00a0f\u00e9d\u00e9rastes\u00a0\u00bb.<\/p>\n<p>Et, cette liste de B\u00e9r\u00e9zina europ\u00e9ennes n\u2019est pas exhaustive, n\u2019\u00e9tant qu\u2019indicative.<\/p>\n<p>Quant \u00e0 la France, elle se d\u00e9bat avec le sparadrap du capitaine Haddock qui a pour nom accord UE-Mercosur<a href=\"applewebdata:\/\/A1CFF980-C2A3-4717-B1B1-EB0AF8C083EC#_ftn18\">[18]<\/a>, \u00ab\u00a0fruit pourri de d\u00e9cennies d\u2019errance productiviste de la PAC\u00a0\u00bb<a href=\"applewebdata:\/\/A1CFF980-C2A3-4717-B1B1-EB0AF8C083EC#_ftn19\">[19]<\/a>. Et Jupiter s\u2019amuse, comme il peut, avec \u00ab\u00a0Choose France\u00a0\u00bb, \u00ab\u00a0One Health Summit\u00a0\u00bb,\u00a0ses voyages en Am\u00e9rique, en Afrique, ses mises en garde sur les dangers des r\u00e9seaux sociaux pour nos ch\u00e8res t\u00eates blondes<a href=\"applewebdata:\/\/A1CFF980-C2A3-4717-B1B1-EB0AF8C083EC#_ftn20\">[20]<\/a>. Nous sommes bien en peine de trouver chez le \u00ab\u00a0Mozart de la diplomatie\u00a0\u00bb le moindre discours de strat\u00e9gie et de prospective coh\u00e9rent et visionnaire qui \u00e9claire la voie de la France mais aussi de l\u2019Europe. Gouverner, c\u2019est avant toute chose, communiquer.<\/p>\n<p>Pour la bonne bouche, que dire de toutes ces f\u00e9ministes de salon \u2013 \u00e9trangement muettes sur le sort des femmes en Afghanistan, Iran \u2013 qui nous expliquaient, il y a peu encore, que lorsque la gente f\u00e9minine aurait en mains la destin\u00e9e de l\u2019Europe, tout irait mieux qu\u2019avec ces affreux machistes\u00a0incomp\u00e9tents et dominateurs ? Avec ce dernier \u00e9pisode de la saga UVL-Kallas, nous sommes servis. Mais, rares sont ceux qui mettent le doigt o\u00f9 \u00e7a fait mal. Pourquoi\u00a0? Certaines v\u00e9rit\u00e9s crues ne seraient-elles pas bonnes \u00e0 dire\u00a0?<\/p>\n<p><strong>\u00c0 lire aussi :<\/strong> <a href=\"https:\/\/lediplomate.media\/analyse-attentats-13-novembre-2015-reveil-tragique-france-vulnerable\/\" target=\"_blank\" rel=\"noreferrer noopener\">ANALYSE \u2013 Les attentats du 13 novembre 2015 : Le r\u00e9veil tragique d\u2019une France vuln\u00e9rable<\/a><\/p>\n<p><strong>L\u2019Europe est nue\u00a0<\/strong><\/p>\n<p>\u00ab\u00a0Le r\u00e9el, c\u2019est quand on se cogne\u00a0\u00bb.\u00a0Une fois encore, le psychanalyste, Jacques Lacan fait preuve de clairvoyance avec cette citation tr\u00e8s en vogue des ann\u00e9es soixante. C\u2019\u00e9tait il y a soixante ans d\u00e9j\u00e0 et ses propos n\u2019ont pas pris la moindre ride \u00e0 la lumi\u00e8re des d\u00e9veloppements r\u00e9cents de la (d\u00e9) construction europ\u00e9enne\u00a0! En r\u00e9alit\u00e9, le r\u00e9el, n\u2019est-il pas ce qui nous emp\u00eache de flotter hors du monde\u00a0? N\u2019est-ce pas la f\u00e2cheuse m\u00e9saventure que conna\u00eet une Union europ\u00e9enne d\u00e9boussol\u00e9e qui ne sait plus \u00e0 quel saint se vouer si ce n\u2019est \u00e0 Eris, la d\u00e9esse de la discorde dans la mythologie grecque\u00a0? Et dire que certains de nos intellectuels et autres politiques de bas \u00e9tage ont encore le toupet de nous vanter les m\u00e9rites incommensurables de cette Europe imaginaire, chim\u00e9rique qui nous d\u00e9fendrait efficacement contre les m\u00e9chants et autres infr\u00e9quentables de la Terre. En derni\u00e8re analyse, cette s\u00e9quence, qui m\u00e9rite une franche rigolade, nous rappelle les bons souvenirs, les d\u00e9lices de la lecture de la bande dessin\u00e9e de Louis Forton de notre enfance. Elle pourrait avoir une suite intitul\u00e9e Les Pieds Nickel\u00e9s \u00e0 Bruxelles.<\/p>\n<p><strong>\u00c0 lire aussi :<\/strong> <a href=\"https:\/\/lediplomate.media\/tribune-diplomatie-donald-trump-double-rupture\/\" target=\"_blank\" rel=\"noreferrer noopener\">TRIBUNE \u2013 Diplomatie de Donald Trump\u00a0: La double rupture\u00a0<\/a><\/p>\n<p class=\"has-text-align-center\"><a><strong>Les opinions exprim\u00e9es ici n\u2019engagent que leur auteur<\/strong><\/a><strong><\/strong><\/p>\n<p><a href=\"applewebdata:\/\/A1CFF980-C2A3-4717-B1B1-EB0AF8C083EC#_ftnref1\">[1]<\/a>\u00a0Paul Dahan,\u00a0R\u00e9flexions sur les modalit\u00e9s et vicissitudes de la construction europ\u00e9enne,\u00a0Questions internationales, La Documentation fran\u00e7aise, n\u00b0 134, d\u00e9cembre 2025-janvier 2025, pp. 112 \u00e0 117.<\/p>\n<p><a href=\"applewebdata:\/\/A1CFF980-C2A3-4717-B1B1-EB0AF8C083EC#_ftnref2\">[2]<\/a>\u00a0Philippe Jacqu\u00e9,\u00a0Bataille pour le contr\u00f4le de la diplomatie \u00e0 la Commission europ\u00e9enne,\u00a0Le Monde, 20 novembre 2025, p. 6.<\/p>\n<p><a href=\"applewebdata:\/\/A1CFF980-C2A3-4717-B1B1-EB0AF8C083EC#_ftnref3\">[3]<\/a>\u00a0Sylvie Kauffmann,\u00a0La guerre russe change d\u2019\u00e9chelle, Le Monde, 14 novembre 2025, p. 33.<\/p>\n<p><a href=\"applewebdata:\/\/A1CFF980-C2A3-4717-B1B1-EB0AF8C083EC#_ftnref4\">[4]<\/a>[4]\u00a0Elsa Conesa,\u00a0Les propos du g\u00e9n\u00e9ral Mandon, une position partag\u00e9e en Europe, Le Monde, 23-24 novembre 2025, p. 5.<\/p>\n<p><a href=\"applewebdata:\/\/A1CFF980-C2A3-4717-B1B1-EB0AF8C083EC#_ftnref5\">[5]<\/a>\u00a0Antoine Margueritte,\u00a0Discours \u00ab\u00a0martial\u00a0\u00bb au congr\u00e8s des maires de France\u00a0: un chef d\u2019\u00e9tat-major devrait-il dire \u00e7\u00e0\u00a0?,\u00a0<a href=\"http:\/\/www.marianne.net\/\" target=\"_blank\" rel=\"noopener\">www.marianne.net<\/a>\u00a0, 20 novembre 2025.<\/p>\n<p><a href=\"applewebdata:\/\/A1CFF980-C2A3-4717-B1B1-EB0AF8C083EC#_ftnref6\">[6]<\/a>\u00a0Luc Bronner,\u00a0L\u2019\u00c9tat h\u00e9breu multiplie les offensives tous azimuts, Le Monde, 22 novembre 2025, p. 3.<\/p>\n<p><a href=\"applewebdata:\/\/A1CFF980-C2A3-4717-B1B1-EB0AF8C083EC#_ftnref7\">[7]<\/a>\u00a0Harold Thibault,\u00a0Les tensions s\u2019exacerbent entre la Chine et le Japon, Le Monde, 21 novembre 2025, p. 7.<\/p>\n<p><a href=\"applewebdata:\/\/A1CFF980-C2A3-4717-B1B1-EB0AF8C083EC#_ftnref8\">[8]<\/a>\u00a0Nathalie Segaunes,\u00a0Macron au d\u00e9fi d\u2019agir sur la r\u00e9gulation du num\u00e9rique, Le Monde, 11-12 novembre 2025, p. 10.<\/p>\n<p><a href=\"applewebdata:\/\/A1CFF980-C2A3-4717-B1B1-EB0AF8C083EC#_ftnref9\">[9]<\/a>\u00a0Giuseppe Gagliano,\u00a0Le plan de paix de Trump pour l\u2019Ukraine\u00a0: pour Kiev, cession du Donbass et fin des ambitions dans l\u2019Alliance. L\u2019Union europ\u00e9enne humili\u00e9e,\u00a0<a href=\"http:\/\/www.lemedia.fr\/\" target=\"_blank\" rel=\"noopener\">www.lemedia.fr<\/a>\u00a0, 20 novembre 2025.<\/p>\n<p><a href=\"applewebdata:\/\/A1CFF980-C2A3-4717-B1B1-EB0AF8C083EC#_ftnref10\">[10]<\/a>\u00a0Benjamin Qu\u00e9nelle\/Philippe Ricard,\u00a0N\u00e9gociations am\u00e9ricaines dans le dos des Europ\u00e9ens, Le Monde, 21 novembre 2025, p. 4.<\/p>\n<p><a href=\"applewebdata:\/\/A1CFF980-C2A3-4717-B1B1-EB0AF8C083EC#_ftnref11\">[11]<\/a>\u00a0Thomas d\u2019Istria,\u00a0Kiev prudent sur le plan de paix russo-am\u00e9ricain, Le Monde, 22 novembre 2025, p. 4.<\/p>\n<p><a href=\"applewebdata:\/\/A1CFF980-C2A3-4717-B1B1-EB0AF8C083EC#_ftnref12\">[12]<\/a>\u00a0Philippe Jacqu\u00e9,\u00a0Les Europ\u00e9ens oppos\u00e9s \u00e0 une \u00ab\u00a0capitulation\u00a0\u00bb de Kiev, Le Monde, 22 novembre 2025, p. 4.<\/p>\n<p><a href=\"applewebdata:\/\/A1CFF980-C2A3-4717-B1B1-EB0AF8C083EC#_ftnref13\">[13]<\/a>\u00a0\u00c9ditorial,\u00a0Ukraine\u00a0: le p\u00e9ril pour l\u2019Europe d\u2019un axe Trump-Poutine, Le Monde, 22 novembre 2025, p. 31.<\/p>\n<p><a href=\"applewebdata:\/\/A1CFF980-C2A3-4717-B1B1-EB0AF8C083EC#_ftnref14\">[14]<\/a>\u00a0Claire Gatinois\/Piotr Smolar,\u00a0L\u2019Ukraine sous pression maximale, Le Monde, 23-24 novembre 2025, p. 2.<\/p>\n<p><a href=\"applewebdata:\/\/A1CFF980-C2A3-4717-B1B1-EB0AF8C083EC#_ftnref15\">[15]<\/a>\u00a0Piotr Smolar (propos recueillis par), Fiona Hill\u00a0: \u00ab\u00a0La Maison Blanche veut que l\u2019Ukraine capitule face aux demandes russes\u00a0\u00bb, Le Monde, 23-24 novembre 2025, p. 4.<\/p>\n<p><a href=\"applewebdata:\/\/A1CFF980-C2A3-4717-B1B1-EB0AF8C083EC#_ftnref16\">[16]<\/a>\u00a0Alain Frachon,\u00a0Un an de Trump au Moyen-Orient, Le Monde, 21 novembre 2025, p. 26.<\/p>\n<p><a href=\"applewebdata:\/\/A1CFF980-C2A3-4717-B1B1-EB0AF8C083EC#_ftnref17\">[17]<\/a>\u00a0Guiseppe Gagliano,\u00a0Trump, MBS et le retour du r\u00e9alisme brutal sans \u00e9tat d\u2019\u00e2me,\u00a0<a href=\"http:\/\/www.lemedia.fr\/\" target=\"_blank\" rel=\"noopener\">www.lemedia.fr<\/a>\u00a0, 21 novembre 2025.<\/p>\n<p><a href=\"applewebdata:\/\/A1CFF980-C2A3-4717-B1B1-EB0AF8C083EC#_ftnref18\">[18]<\/a>\u00a0Virginie Malingre,\u00a0UE-Mercosur\u00a0: la France veut \u00e9viter l\u2019isolement, Le Monde, 21 novembre 2025, p. 13.<\/p>\n<p><a href=\"applewebdata:\/\/A1CFF980-C2A3-4717-B1B1-EB0AF8C083EC#_ftnref19\">[19]<\/a>\u00a0Gilles Luneau,\u00a0L\u2019accord UE-Mercosur est le fruit pourri de d\u00e9cennies d\u2019errance productiviste de la PAC, Le Monde, 23-24 novembre 2025, p. 26.<\/p>\n<p><a href=\"applewebdata:\/\/A1CFF980-C2A3-4717-B1B1-EB0AF8C083EC#_ftnref20\">[20]<\/a>\u00a0Nathalie Segaunes,\u00a0Macron s\u2019impose dans la presse locale, Le Monde, 21 novembre 2025, p. 9.<\/p>\n<p>#Europe, #UnionEuropeenne, #Bruxelles, #UrsulaVonDerLeyen, #KajaKallas, #\u00c9liteTechnocratique, #Geopolitique, #DiplomatieEuropeenne, #CommissionEuropeenne, #SEAE, #Ukraine, #DonaldTrump, #Poutine, #MoyenOrient, #Israel, #Hamas, #OTAN, #CriseInternationale, #DesunionEuropeenne, #Brexit, #Multilat\u00e9ralisme, #UEMercosur, #Macron, #France, #Souverainet\u00e9, #PolitiqueInternationale, #GuerresHybrides, #Afghanistan, #Iran, #Afrique, #Ta\u00efwan, #GouvernanceMondiale, #Realpolitik, #DroitsHumains, #Berlaymont, #HauteRepresentante, #Fed\u00e9ralismeEuropeen, #D\u00e9clinOccidental, #S\u00e9curit\u00e9Internationale, #TribunePolitique<\/p>\n<p><img loading=\"lazy\" decoding=\"async\" alt=\"Jean Daspry\" src=\"https:\/\/www.europesays.com\/fr\/wp-content\/uploads\/2025\/11\/5f520bb9e70240802bdd7ba6a7b59958288c52202bec0f27a5706649999aa4d3\"  class=\"avatar avatar-100 photo\" height=\"100\" width=\"100\" itemprop=\"image\"\/><\/p>\n","protected":false},"excerpt":{"rendered":"Capture d\u2019\u00e9cran Par Jean Daspry, pseudonyme d\u2019un haut fonctionnaire, Docteur en sciences politiques \u00ab\u00a0Il faut prendre les choses&hellip;\n","protected":false},"author":2,"featured_media":566204,"comment_status":"","ping_status":"","sticky":false,"template":"","format":"standard","meta":{"footnotes":""},"categories":[1586],"tags":[11,68149,1777,674,1779,1011,27,12,25,5030,1778,364],"class_list":{"0":"post-566203","1":"post","2":"type-post","3":"status-publish","4":"format-standard","5":"has-post-thumbnail","7":"category-europe","8":"tag-actualites","9":"tag-corruption-europeenne","10":"tag-eu","11":"tag-europe","12":"tag-european-union","13":"tag-fr","14":"tag-france","15":"tag-news","16":"tag-republique-francaise","17":"tag-tribune","18":"tag-ue","19":"tag-union-europeenne"},"share_on_mastodon":{"url":"https:\/\/pubeurope.com\/@fr\/115631835412544809","error":""},"_links":{"self":[{"href":"https:\/\/www.europesays.com\/fr\/wp-json\/wp\/v2\/posts\/566203","targetHints":{"allow":["GET"]}}],"collection":[{"href":"https:\/\/www.europesays.com\/fr\/wp-json\/wp\/v2\/posts"}],"about":[{"href":"https:\/\/www.europesays.com\/fr\/wp-json\/wp\/v2\/types\/post"}],"author":[{"embeddable":true,"href":"https:\/\/www.europesays.com\/fr\/wp-json\/wp\/v2\/users\/2"}],"replies":[{"embeddable":true,"href":"https:\/\/www.europesays.com\/fr\/wp-json\/wp\/v2\/comments?post=566203"}],"version-history":[{"count":0,"href":"https:\/\/www.europesays.com\/fr\/wp-json\/wp\/v2\/posts\/566203\/revisions"}],"wp:featuredmedia":[{"embeddable":true,"href":"https:\/\/www.europesays.com\/fr\/wp-json\/wp\/v2\/media\/566204"}],"wp:attachment":[{"href":"https:\/\/www.europesays.com\/fr\/wp-json\/wp\/v2\/media?parent=566203"}],"wp:term":[{"taxonomy":"category","embeddable":true,"href":"https:\/\/www.europesays.com\/fr\/wp-json\/wp\/v2\/categories?post=566203"},{"taxonomy":"post_tag","embeddable":true,"href":"https:\/\/www.europesays.com\/fr\/wp-json\/wp\/v2\/tags?post=566203"}],"curies":[{"name":"wp","href":"https:\/\/api.w.org\/{rel}","templated":true}]}}