{"id":566215,"date":"2025-11-29T07:47:14","date_gmt":"2025-11-29T07:47:14","guid":{"rendered":"https:\/\/www.europesays.com\/fr\/566215\/"},"modified":"2025-11-29T07:47:14","modified_gmt":"2025-11-29T07:47:14","slug":"amincie-et-nouvelle-coupe-de-cheveux-loana-est-totalement-metamorphosee","status":"publish","type":"post","link":"https:\/\/www.europesays.com\/fr\/566215\/","title":{"rendered":"Amincie et nouvelle coupe de cheveux, Loana est totalement m\u00e9tamorphos\u00e9e"},"content":{"rendered":"<p>Loana n\u2019en finit plus de surprendre. Vingt-trois ans apr\u00e8s son<br \/>\n\u00e9norme succ\u00e8s dans Loft Story, l\u2019ancienne star de t\u00e9l\u00e9-r\u00e9alit\u00e9<br \/>\ncontinue de fasciner le public. Et ces derniers mois, la<br \/>\nquadrag\u00e9naire a fait beaucoup parler d\u2019elle\u2026 <strong>parfois pour<br \/>\nde mauvaises raisons.<\/strong> Apr\u00e8s la diffusion de la s\u00e9rie<br \/>\nCulte sur Prime Video \u2014 dont la premi\u00e8re saison revenait<br \/>\nsur Loft Story \u2014 Loana avait repris la parole dans plusieurs<br \/>\nm\u00e9dias. Mais ses interventions, o\u00f9 elle apparaissait affaiblie,<br \/>\navaient tr\u00e8s vite inqui\u00e9t\u00e9 ses fans. Quelques semaines plus tard,<br \/>\nune nouvelle vid\u00e9o tourn\u00e9e dans les rues de Nice avait encore<br \/>\n<strong>raviv\u00e9 les interrogations.<\/strong> Loana y apparaissait<br \/>\ndans une tenue n\u00e9glig\u00e9e, l\u2019air fatigu\u00e9, tirant son chien. Certains<br \/>\ninternautes avaient m\u00eame imagin\u00e9 qu\u2019elle n\u2019avait plus de domicile<br \/>\nfixe. De quoi provoquer <strong>un d\u00e9ferlement de commentaires<br \/>\ninquiets\u2026<\/strong> auxquels Loana avait r\u00e9pondu s\u00e8chement, assurant<br \/>\naller \u00ab tr\u00e8s bien \u00bb.<\/p>\n<p>Loana en mode myst\u00e8re : les indices qui intriguent ses<br \/>\nabonn\u00e9s<\/p>\n<p>Depuis, la starlette entretient le myst\u00e8re. Sur Instagram, elle<br \/>\npublie en septembre un clich\u00e9 montrant <strong>deux mains<br \/>\nenlac\u00e9es,<\/strong> accompagn\u00e9 de la l\u00e9gende : \u00ab Juste heureuse.<br \/>\nLa t\u00eate dans les nuages. Gros gros bisous. \u00bb. De quoi agiter<br \/>\nimm\u00e9diatement la toile et lancer mille rumeurs sur un possible<br \/>\nnouveau compagnon. Pour son anniversaire, elle enfonce le clou.<br \/>\nLoana d\u00e9voile un bracelet Herm\u00e8s couleur or et rose, offert, selon<br \/>\nelle, par <strong>\u00ab une personne qu\u2019elle aime \u00e9norm\u00e9ment<br \/>\n\u00bb.<\/strong> L\u00e0 encore, aucune identit\u00e9, rien de concret\u2026 mais<br \/>\nsuffisamment pour alimenter l\u2019imaginaire de ses abonn\u00e9s.<\/p>\n<p>Et ce n\u2019est pas Halloween qui a calm\u00e9 les choses : Loana publie<br \/>\nalors <a href=\"https:\/\/www.melty.fr\/people\/loana-de-nouveau-en-couple-elle-devoile-son-monstre-a-ses-fans-et-relance-les-rumeurs-2272743.html\" target=\"_blank\" rel=\"noopener\"><br \/>\nun selfie en compagnie d\u2019un myst\u00e9rieux \u00ab monstre \u00bb<\/a> masqu\u00e9 fa\u00e7on<br \/>\nScream, l\u00e9gend\u00e9 \u00ab Super soir\u00e9e en perspective<br \/>\n<strong>avec mon Monstre \u00e0 moi\u2026<\/strong> Des bonbons ou un sort ???<br \/>\n\u00bb. Les fans, ravis de la voir sourire, multiplient les<br \/>\nmessages de soutien.<\/p>\n<p>La star du Loft reprend la main : son \u00ab retour \u00e0 la maison \u00bb<br \/>\nd\u00e9voile une transformation inattendue<\/p>\n<p>Mais derri\u00e8re ces apparitions et ces indices, Loana semble<br \/>\naujourd\u2019hui <strong>reprendre le contr\u00f4le de son image.<\/strong><br \/>\nElle cherche aussi, visiblement, \u00e0 montrer une version plus<br \/>\npositive d\u2019elle-m\u00eame. Jeudi 27 novembre, elle poste une vid\u00e9o<br \/>\ndepuis un avion, annon\u00e7ant \u00e0 ses abonn\u00e9s son \u00ab retour \u00e0 la<br \/>\nmaison \u00bb. \u00ab Il fait meilleur \u00e0 la maison (\u2026) Bisous les loulous<br \/>\n\u00bb, peut-on entendre malgr\u00e9 le bruit du moteur. En l\u00e9gende,<br \/>\nelle \u00e9crit : <strong>\u00ab Nouveau look, moi, j\u2019adore.<\/strong> Et<br \/>\nvous ? \u00bb.<\/p>\n<p><img loading=\"lazy\" decoding=\"async\" itemprop=\"thumbnailUrl\" class=\"aligncenter wp-image-2279154 img-responsive size-medium\" src=\"data:image\/svg+xml,%3Csvg%20xmlns=\" http:=\"\" alt=\"Amincie et nouvelle coupe de cheveux, Loana est totalement m\u00e9tamorphos\u00e9e\" width=\"160\" height=\"300\" data-lazy-src=\"https:\/\/www.europesays.com\/fr\/wp-content\/uploads\/2025\/11\/img_9862-160x300.webp.webp\"\/> \u00a9 Story Nouche Paris<\/p>\n<p>Il faut dire que c\u2019est difficile, sur ce premier extrait, de<br \/>\nd\u00e9couvrir pr\u00e9cis\u00e9ment ce fameux \u00ab nouveau look \u00bb\u2026 mais les<br \/>\nimages publi\u00e9es quelques heures plus tard changent la donne. Car<br \/>\ncette fois, Loana <strong>s\u2019affiche totalement<br \/>\ntransform\u00e9e.<\/strong> Et c\u2019est rare ! Rappelez-vous <a href=\"https:\/\/www.melty.fr\/people\/loana-defoncee-pendant-son-relooking-sur-m6-un-membre-de-lequipe-balance-tout-une-moule-un-flan-2263981.html\" target=\"_blank\" rel=\"noopener\"><br \/>\nle scandale lors de son relooking sur M6.<\/a><\/p>\n<p>Blond platine, volume XXL : Loana<br \/>\nrena\u00eet avec un look digne des ann\u00e9es 90<\/p>\n<p>C\u2019est dans la story Instagram du salon Nouche Paris que la<br \/>\nm\u00e9tamorphose appara\u00eet au grand jour. Exit les cheveux courts ou<br \/>\n<strong>les extensions approximatives :<\/strong> Loana adopte<br \/>\nd\u00e9sormais une chevelure XXL, d\u2019un blond platine. De longues<br \/>\nondulations glamour, un volume parfaitement ma\u00eetris\u00e9, un style qui<br \/>\nrappelle les popstars am\u00e9ricaines des ann\u00e9es 90. Le r\u00e9sultat est<br \/>\nspectaculaire ! Le maquillage suit la m\u00eame direction : teint<br \/>\nlumineux, contouring subtil, regard soulign\u00e9, l\u00e8vres mises en<br \/>\nvaleur. Une beaut\u00e9 travaill\u00e9e, beaucoup plus professionnelle, qui<br \/>\nlui <strong>redonne un joli coup de fra\u00eecheur.<\/strong><\/p>\n<p>De plus, Loana appara\u00eet souriante et semble plus sereine que<br \/>\njamais. Une image qui fait plaisir \u00e0 ses fans, qui n\u2019h\u00e9sitent pas \u00e0<br \/>\nsaluer ce \u00ab renouveau \u00bb. C\u00f4t\u00e9 v\u00eatements, elle porte un<br \/>\npantalon en cuir noir avec un t-shirt rock. Alors, Loana vit-elle<br \/>\nun vrai renouveau ? Difficile \u00e0 dire. Ce qui est certain, c\u2019est<br \/>\nqu\u2019elle semble avoir <strong>retrouv\u00e9 un peu de stabilit\u00e9<\/strong><br \/>\net \u00e7a fait plaisir \u00e0 voir.<\/p>\n","protected":false},"excerpt":{"rendered":"Loana n\u2019en finit plus de surprendre. Vingt-trois ans apr\u00e8s son \u00e9norme succ\u00e8s dans Loft Story, l\u2019ancienne star de&hellip;\n","protected":false},"author":2,"featured_media":566216,"comment_status":"","ping_status":"","sticky":false,"template":"","format":"standard","meta":{"footnotes":""},"categories":[1359],"tags":[58,59,1011,27,13033,973],"class_list":{"0":"post-566215","1":"post","2":"type-post","3":"status-publish","4":"format-standard","5":"has-post-thumbnail","7":"category-people","8":"tag-divertissement","9":"tag-entertainment","10":"tag-fr","11":"tag-france","12":"tag-loana","13":"tag-people"},"share_on_mastodon":{"url":"https:\/\/pubeurope.com\/@fr\/115631885199110655","error":""},"_links":{"self":[{"href":"https:\/\/www.europesays.com\/fr\/wp-json\/wp\/v2\/posts\/566215","targetHints":{"allow":["GET"]}}],"collection":[{"href":"https:\/\/www.europesays.com\/fr\/wp-json\/wp\/v2\/posts"}],"about":[{"href":"https:\/\/www.europesays.com\/fr\/wp-json\/wp\/v2\/types\/post"}],"author":[{"embeddable":true,"href":"https:\/\/www.europesays.com\/fr\/wp-json\/wp\/v2\/users\/2"}],"replies":[{"embeddable":true,"href":"https:\/\/www.europesays.com\/fr\/wp-json\/wp\/v2\/comments?post=566215"}],"version-history":[{"count":0,"href":"https:\/\/www.europesays.com\/fr\/wp-json\/wp\/v2\/posts\/566215\/revisions"}],"wp:featuredmedia":[{"embeddable":true,"href":"https:\/\/www.europesays.com\/fr\/wp-json\/wp\/v2\/media\/566216"}],"wp:attachment":[{"href":"https:\/\/www.europesays.com\/fr\/wp-json\/wp\/v2\/media?parent=566215"}],"wp:term":[{"taxonomy":"category","embeddable":true,"href":"https:\/\/www.europesays.com\/fr\/wp-json\/wp\/v2\/categories?post=566215"},{"taxonomy":"post_tag","embeddable":true,"href":"https:\/\/www.europesays.com\/fr\/wp-json\/wp\/v2\/tags?post=566215"}],"curies":[{"name":"wp","href":"https:\/\/api.w.org\/{rel}","templated":true}]}}