{"id":566217,"date":"2025-11-29T07:48:41","date_gmt":"2025-11-29T07:48:41","guid":{"rendered":"https:\/\/www.europesays.com\/fr\/566217\/"},"modified":"2025-11-29T07:48:41","modified_gmt":"2025-11-29T07:48:41","slug":"palette-automne-hiver-2025-5-couleurs-tendance-pour-un-interieur-cosy-et-style","status":"publish","type":"post","link":"https:\/\/www.europesays.com\/fr\/566217\/","title":{"rendered":"Palette automne-hiver 2025 : 5 couleurs tendance pour un int\u00e9rieur cosy et styl\u00e9"},"content":{"rendered":"<p>Lumineux et <strong>l\u00e9g\u00e8rement acidul\u00e9<\/strong>, le vert pistache fait souffler un<strong> vent de fra\u00eecheur <\/strong>dans les int\u00e9rieurs. Son atout\u00a0? Il \u00e9claire la pi\u00e8ce et lui <strong>donne de l\u2019\u00e9nergie<\/strong>, sans perdre en douceur.<\/p>\n<p>On le privil\u00e9gie <strong>dans la cuisine<\/strong>, o\u00f9 il anime une cr\u00e9dence et des fa\u00e7ades de meubles. Il s\u2019invite aussi dans la <a data-entity-substitution=\"canonical\" data-entity-type=\"node\" data-entity-uuid=\"6d4fa91c-e1fe-4f10-bc09-afd70625fe3c\" href=\"https:\/\/edito.seloger.com\/tendances\/decoration-interieure\/7-astuces-apprendre-vos-kids-ranger-chambre-article-19196.html\" rel=\"noopener\" target=\"_blank\"><strong>chambre des enfants<\/strong><\/a>, pour dessiner une <strong>ambiance joyeuse<\/strong> et stimulante.<\/p>\n<p>Dans le salon ou le bureau, il s\u2019exprime plut\u00f4t par <strong>petites touches<\/strong>,<strong> <\/strong>sur un mur d\u2019accent, un tapis ou un fauteuil.<\/p>\n<p>Et pour le mettre en valeur, on privil\u00e9gie un <strong>mobilier et des textiles en blanc cass\u00e9<\/strong>, gris doux, avec des d\u00e9tails en m\u00e9tal noir.<\/p>\n","protected":false},"excerpt":{"rendered":"Lumineux et l\u00e9g\u00e8rement acidul\u00e9, le vert pistache fait souffler un vent de fra\u00eecheur dans les int\u00e9rieurs. Son atout\u00a0?&hellip;\n","protected":false},"author":2,"featured_media":418384,"comment_status":"","ping_status":"","sticky":false,"template":"","format":"standard","meta":{"footnotes":""},"categories":[1358],"tags":[1348,1384,1385,1386,58,59,1011,27],"class_list":{"0":"post-566217","1":"post","2":"type-post","3":"status-publish","4":"format-standard","5":"has-post-thumbnail","7":"category-arts-et-design","8":"tag-arts","9":"tag-arts-and-design","10":"tag-arts-et-design","11":"tag-design","12":"tag-divertissement","13":"tag-entertainment","14":"tag-fr","15":"tag-france"},"share_on_mastodon":{"url":"https:\/\/pubeurope.com\/@fr\/115631888965431847","error":""},"_links":{"self":[{"href":"https:\/\/www.europesays.com\/fr\/wp-json\/wp\/v2\/posts\/566217","targetHints":{"allow":["GET"]}}],"collection":[{"href":"https:\/\/www.europesays.com\/fr\/wp-json\/wp\/v2\/posts"}],"about":[{"href":"https:\/\/www.europesays.com\/fr\/wp-json\/wp\/v2\/types\/post"}],"author":[{"embeddable":true,"href":"https:\/\/www.europesays.com\/fr\/wp-json\/wp\/v2\/users\/2"}],"replies":[{"embeddable":true,"href":"https:\/\/www.europesays.com\/fr\/wp-json\/wp\/v2\/comments?post=566217"}],"version-history":[{"count":0,"href":"https:\/\/www.europesays.com\/fr\/wp-json\/wp\/v2\/posts\/566217\/revisions"}],"wp:featuredmedia":[{"embeddable":true,"href":"https:\/\/www.europesays.com\/fr\/wp-json\/wp\/v2\/media\/418384"}],"wp:attachment":[{"href":"https:\/\/www.europesays.com\/fr\/wp-json\/wp\/v2\/media?parent=566217"}],"wp:term":[{"taxonomy":"category","embeddable":true,"href":"https:\/\/www.europesays.com\/fr\/wp-json\/wp\/v2\/categories?post=566217"},{"taxonomy":"post_tag","embeddable":true,"href":"https:\/\/www.europesays.com\/fr\/wp-json\/wp\/v2\/tags?post=566217"}],"curies":[{"name":"wp","href":"https:\/\/api.w.org\/{rel}","templated":true}]}}