{"id":566220,"date":"2025-11-29T07:51:13","date_gmt":"2025-11-29T07:51:13","guid":{"rendered":"https:\/\/www.europesays.com\/fr\/566220\/"},"modified":"2025-11-29T07:51:13","modified_gmt":"2025-11-29T07:51:13","slug":"johnny-depp-se-confie-sur-ses-annees-aux-cotes-de-vanessa-paradis-cetait-le-bonheur","status":"publish","type":"post","link":"https:\/\/www.europesays.com\/fr\/566220\/","title":{"rendered":"Johnny Depp se confie sur ses ann\u00e9es aux c\u00f4t\u00e9s de Vanessa Paradis\u00a0: \u00ab\u00a0C\u2019\u00e9tait le bonheur\u00a0\u00bb"},"content":{"rendered":"<p>\n                                                                    l&rsquo;essentiel<br \/>\n                                                                En d\u00e9placement \u00e0 Tokyo pour inaugurer une exposition de ses \u0153uvres, Johnny Depp est revenu sur ses ann\u00e9es pass\u00e9es avec Vanessa Paradis.\n                            <\/p>\n<p>L\u2019acteur am\u00e9ricain Johnny Depp, \u00e2g\u00e9 de 62 ans, a d\u00e9clar\u00e9 \u00e0 l\u2019AFP n\u2019avoir que des \u00ab\u00a0souvenirs incroyables\u00a0\u00bb de sa p\u00e9riode de vie avec la chanteuse fran\u00e7aise Vanessa Paradis, dont il a \u00e9t\u00e9 le compagnon entre\u00a01998 et\u00a02012 et avec qui il a eu deux enfants.<\/p>\n<p>Il a expliqu\u00e9, lors d\u2019une interview r\u00e9alis\u00e9e \u00e0 Tokyo, que durant les tourn\u00e9es de la chanteuse, il avait \u00ab\u00a0le temps d\u2019\u00eatre p\u00e8re\u00a0\u00bb. \u00ab\u00a0Vanessa faisait ses concerts, vous savez, diff\u00e9rentes tourn\u00e9es. J\u2019ai pu \u00eatre juste papa pendant tout ce temps\u00a0\u00bb, a-t-il pr\u00e9cis\u00e9.<\/p>\n<p>\u00ab\u00a0D\u2019o\u00f9 le nom de son album, &lsquo;Bliss'\u00a0\u00bb (\u00ab\u00a0Bonheur\u00a0\u00bb en anglais, ndlr), sorti en 2000. \u00ab\u00a0C\u2019\u00e9tait le bonheur\u00a0\u00bb, a-t-il lanc\u00e9.<\/p>\n<p>\u00ab\u00a0Mon cerveau explose\u00a0\u00bb<\/p>\n<p>Au Japon, l\u2019acteur est venu inaugurer une exposition intitul\u00e9e \u00ab\u00a0A Bunch of Stuff\u00a0\u00bb, regroupant une soixantaine de ses \u0153uvres, telles que des dessins, des peintures et des photos, r\u00e9alis\u00e9es sur trois d\u00e9cennies. Il a cependant tenu \u00e0 temp\u00e9rer son statut artistique\u00a0: \u00ab\u00a0Je ne pr\u00e9tends \u00eatre rien d\u2019autre qu\u2019une personne qui peint, tout au plus. Je ne suis m\u00eame pas vraiment peintre\u00a0\u00bb, a-t-il d\u00e9clar\u00e9.<\/p>\n<p class=\"std-elt__inline\">\n        <strong>\u00c0 lire aussi :<\/strong><br \/>\n        <a href=\"https:\/\/www.ladepeche.fr\/2023\/05\/16\/festival-de-cannes-2023-pourquoi-la-presence-de-johnny-depp-et-maiwenn-font-polemique-11200606.php\" target=\"_blank\" rel=\"noopener\">Festival de Cannes 2023 : pourquoi la pr\u00e9sence de Johnny Depp et Ma\u00efwenn fait pol\u00e9mique ?<\/a>\n    <\/p>\n<p>Lors de cet entretien, Johnny Depp a assur\u00e9 que ce qui l\u2019enthousiasme dans son processus de cr\u00e9ation, \u00ab\u00a0ce qui me donne une sorte de d\u00e9charge \u00e9lectrique, c\u2019est ce qui me surprend\u00a0\u00bb. Il a affirm\u00e9 en conf\u00e9rence de presse que \u00ab\u00a0jouer est une forme d\u2019expression, la musique aussi, et la peinture, le dessin, la cr\u00e9ation, tout cela est essentiel\u00a0\u00bb. Il a ajout\u00e9\u00a0: \u00ab\u00a0C\u2019est mon seul v\u00e9ritable besoin permanent. Sinon, mon cerveau explose\u00a0\u00bb.<\/p>\n<p class=\"std-elt__inline\">\n        <strong>\u00c0 lire aussi :<\/strong><br \/>\n        <a href=\"https:\/\/www.ladepeche.fr\/2023\/05\/18\/johnny-depp-a-cannes-ce-que-vous-avez-lu-est-une-fiction-horrible-repond-lacteur-americain-a-ses-detracteurs-11202354.php\" target=\"_blank\" rel=\"noopener\">VIDEO. Johnny Depp \u00e0 Cannes : \u00ab\u00a0Ce que vous avez lu est une fiction horrible\u00a0\u00bb, r\u00e9pond l&rsquo;acteur am\u00e9ricain \u00e0 ses d\u00e9tracteurs<\/a>\n    <\/p>\n<p>En 2022 au Royaume-Uni, une collection pr\u00e9c\u00e9dente d\u2019\u0153uvres de Johnny Depp, \u00ab\u00a0Friends and Heroes\u00a0\u00bb, avait \u00e9t\u00e9 vendue en quelques heures par la maison d\u2019art Castle Fine Art, rapportant trois millions de livres sterling (soit 3,5\u00a0millions d\u2019euros \u00e0 l\u2019\u00e9poque) pour 780 tirages vendus.<\/p>\n","protected":false},"excerpt":{"rendered":"l&rsquo;essentiel En d\u00e9placement \u00e0 Tokyo pour inaugurer une exposition de ses \u0153uvres, Johnny Depp est revenu sur ses&hellip;\n","protected":false},"author":2,"featured_media":566221,"comment_status":"","ping_status":"","sticky":false,"template":"","format":"standard","meta":{"footnotes":""},"categories":[1355],"tags":[58,59,1011,27,1361,873],"class_list":{"0":"post-566220","1":"post","2":"type-post","3":"status-publish","4":"format-standard","5":"has-post-thumbnail","7":"category-musique","8":"tag-divertissement","9":"tag-entertainment","10":"tag-fr","11":"tag-france","12":"tag-music","13":"tag-musique"},"share_on_mastodon":{"url":"https:\/\/pubeurope.com\/@fr\/115631900909388788","error":""},"_links":{"self":[{"href":"https:\/\/www.europesays.com\/fr\/wp-json\/wp\/v2\/posts\/566220","targetHints":{"allow":["GET"]}}],"collection":[{"href":"https:\/\/www.europesays.com\/fr\/wp-json\/wp\/v2\/posts"}],"about":[{"href":"https:\/\/www.europesays.com\/fr\/wp-json\/wp\/v2\/types\/post"}],"author":[{"embeddable":true,"href":"https:\/\/www.europesays.com\/fr\/wp-json\/wp\/v2\/users\/2"}],"replies":[{"embeddable":true,"href":"https:\/\/www.europesays.com\/fr\/wp-json\/wp\/v2\/comments?post=566220"}],"version-history":[{"count":0,"href":"https:\/\/www.europesays.com\/fr\/wp-json\/wp\/v2\/posts\/566220\/revisions"}],"wp:featuredmedia":[{"embeddable":true,"href":"https:\/\/www.europesays.com\/fr\/wp-json\/wp\/v2\/media\/566221"}],"wp:attachment":[{"href":"https:\/\/www.europesays.com\/fr\/wp-json\/wp\/v2\/media?parent=566220"}],"wp:term":[{"taxonomy":"category","embeddable":true,"href":"https:\/\/www.europesays.com\/fr\/wp-json\/wp\/v2\/categories?post=566220"},{"taxonomy":"post_tag","embeddable":true,"href":"https:\/\/www.europesays.com\/fr\/wp-json\/wp\/v2\/tags?post=566220"}],"curies":[{"name":"wp","href":"https:\/\/api.w.org\/{rel}","templated":true}]}}