{"id":566222,"date":"2025-11-29T07:52:19","date_gmt":"2025-11-29T07:52:19","guid":{"rendered":"https:\/\/www.europesays.com\/fr\/566222\/"},"modified":"2025-11-29T07:52:19","modified_gmt":"2025-11-29T07:52:19","slug":"sadie-sink-avengers-6-un-gros-indice-sur-la-suite-journal-du-geek","status":"publish","type":"post","link":"https:\/\/www.europesays.com\/fr\/566222\/","title":{"rendered":"Sadie Sink Avengers 6 : un gros indice sur la suite &#8211; Journal du Geek"},"content":{"rendered":"<ol>\n<li><a href=\"https:\/\/news.google.com\/rss\/articles\/CBMilgFBVV95cUxNcktXLV93YWZYX1c3NG1CSF9saU1KNzhpdEgyS1dMWkQ4Nkl6d0lrTDZPUm5VVUVPcmVobkZzdDNHRk1obk1ackVrZlFoMlBiNWRILXBjdmhNWUY1Nl9UeGlkU1FMWEdWRnhTajc1aFVreVFvd1NrX0p3bXBaWnpaZUxuaWpfaWtLS3o1Qi1WZ0pCMkdNWkE?oc=5\" target=\"_blank\" rel=\"noopener\">Sadie Sink Avengers 6 : un gros indice sur la suite<\/a>&nbsp;&nbsp;Journal du Geek<\/li>\n<li><a href=\"https:\/\/news.google.com\/rss\/articles\/CBMikwFBVV95cUxQdzRqNlpUbHVYS3BKMGZsM1hGZjVJaEFaU1NzTUtxUG9UM29uR3lETlFzMC1JUG93NEVDWVk3MzhkeFA1bTdfOGZxNHZTSG8zcFNhNmZkRXFuYkNzMUM3bWxzOHNKRTMwZ001RHpWZmJ6eC1vOGRCWFMtTWMtTWpOaEtXLUJDWUcwX1VPeGV5ODdmV2M?oc=5\" target=\"_blank\" rel=\"noopener\">Le personnage myst\u00e8re de Spider-Man 4 : 5 th\u00e9ories sur le r\u00f4le de Sadie Sink (Stranger Things)<\/a>&nbsp;&nbsp;Ecran Large<\/li>\n<li><a href=\"https:\/\/news.google.com\/rss\/articles\/CBMixgFBVV95cUxNWE11YTgzSVdoY29SM0prbWJWUjRSNUtPcnYwS0NqYVJFeEgwSldSNEpOMkloanJ1Ym9LblkwYWstb2dIT0gwSDNyRXJ1YUtmZmx2aTZ6emFMWVMteXhlY3RrNm53R3JZTE1FbHhscmFOeEpfb3FaQVNGYWhCYXptN3R1cllEWmJUNXFMNGFudHZlQjE5VFZiQWJRaEN3RVQybWNEZk4weEF5ZTdkN1FhZmpkN1lpMlFGU2pHbXk3YTRpVV9NckE?oc=5\" target=\"_blank\" rel=\"noopener\">Sadie Sink r\u00e9agit aux rumeurs sur son r\u00f4le potentiel dans Spider-Man 4 et Avengers : Secret Wars<\/a>&nbsp;&nbsp;incroyable.fr<\/li>\n<li><a href=\"https:\/\/news.google.com\/rss\/articles\/CBMiXkFVX3lxTE9SbXQwVlNlN2JCWlBzcE1FRC1hbVM1ai1oSTlVcGYxeTZuZ0RJNTFOT3FTcTVtcE5KMV9ubURZZlFkU0dzRmU3RklTalptdzZVODBJWjE2LV9GOXkwcUE?oc=5\" target=\"_blank\" rel=\"noopener\">De \u00ab\u00a0Stranger Things\u00a0\u00bb \u00e0 \u00ab\u00a0Avengers\u00a0\u00bb : Sadie Sink, nouvelle h\u00e9ro\u00efne<\/a>&nbsp;&nbsp;Marie Claire<\/li>\n<li><a href=\"https:\/\/news.google.com\/rss\/articles\/CBMi0wFBVV95cUxNY1pjX3E4bXpnbTdFY0lQeV9XOVZUajRiOVJpUjRkV0J6QTYwOVFSM0NWTHIxZ2RRNVhCeHZyT1Y0VjViV3lpRndtVGhGdFFaMUNxOGR4bUlRbHByX1NDbVBSaXR4cldzVzJySkhIMEtEb2ZnelpKRm5OR2hZck9yR1dOaVVDR08tSXByV09OZjBLZWVHcFhqQ0dZSFhzWWVKU3FhbmVVd1UyU3RiN0lWZy1fUk80V0V2VDZjSnh6cXg5MFduTWRLMEZzLUxYM2M5N1Nr?oc=5\" target=\"_blank\" rel=\"noopener\">La r\u00e9v\u00e9lation du casting d\u2019Avengers: Secret Wars ravive l\u2019espoir d\u2019un X-Men in\u00e9dit dans Spider-Man: Brand New Day<\/a>&nbsp;&nbsp;Begeek<\/li>\n<\/ol>\n","protected":false},"excerpt":{"rendered":"Sadie Sink Avengers 6 : un gros indice sur la suite&nbsp;&nbsp;Journal du Geek Le personnage myst\u00e8re de Spider-Man&hellip;\n","protected":false},"author":2,"featured_media":566223,"comment_status":"","ping_status":"","sticky":false,"template":"","format":"standard","meta":{"footnotes":""},"categories":[1354],"tags":[4553,24281,58,59,1346,1011,27,2135,1360,42825,26589],"class_list":{"0":"post-566222","1":"post","2":"type-post","3":"status-publish","4":"format-standard","5":"has-post-thumbnail","7":"category-films","8":"tag-avengers-doomsday","9":"tag-avengers-secret-wars","10":"tag-divertissement","11":"tag-entertainment","12":"tag-films","13":"tag-fr","14":"tag-france","15":"tag-marvel","16":"tag-movies","17":"tag-spider-man-4","18":"tag-x-men"},"share_on_mastodon":{"url":"https:\/\/pubeurope.com\/@fr\/115631904802450961","error":""},"_links":{"self":[{"href":"https:\/\/www.europesays.com\/fr\/wp-json\/wp\/v2\/posts\/566222","targetHints":{"allow":["GET"]}}],"collection":[{"href":"https:\/\/www.europesays.com\/fr\/wp-json\/wp\/v2\/posts"}],"about":[{"href":"https:\/\/www.europesays.com\/fr\/wp-json\/wp\/v2\/types\/post"}],"author":[{"embeddable":true,"href":"https:\/\/www.europesays.com\/fr\/wp-json\/wp\/v2\/users\/2"}],"replies":[{"embeddable":true,"href":"https:\/\/www.europesays.com\/fr\/wp-json\/wp\/v2\/comments?post=566222"}],"version-history":[{"count":0,"href":"https:\/\/www.europesays.com\/fr\/wp-json\/wp\/v2\/posts\/566222\/revisions"}],"wp:featuredmedia":[{"embeddable":true,"href":"https:\/\/www.europesays.com\/fr\/wp-json\/wp\/v2\/media\/566223"}],"wp:attachment":[{"href":"https:\/\/www.europesays.com\/fr\/wp-json\/wp\/v2\/media?parent=566222"}],"wp:term":[{"taxonomy":"category","embeddable":true,"href":"https:\/\/www.europesays.com\/fr\/wp-json\/wp\/v2\/categories?post=566222"},{"taxonomy":"post_tag","embeddable":true,"href":"https:\/\/www.europesays.com\/fr\/wp-json\/wp\/v2\/tags?post=566222"}],"curies":[{"name":"wp","href":"https:\/\/api.w.org\/{rel}","templated":true}]}}