{"id":566224,"date":"2025-11-29T07:53:15","date_gmt":"2025-11-29T07:53:15","guid":{"rendered":"https:\/\/www.europesays.com\/fr\/566224\/"},"modified":"2025-11-29T07:53:15","modified_gmt":"2025-11-29T07:53:15","slug":"les-doses-de-vaccins-contre-la-grippe-seront-bientot-epuisees-alerte-lunion-des-syndicats-de-pharmaciens-dofficine","status":"publish","type":"post","link":"https:\/\/www.europesays.com\/fr\/566224\/","title":{"rendered":"Les doses de vaccins contre la grippe seront bient\u00f4t \u00e9puis\u00e9es, alerte l&rsquo;Union des syndicats de pharmaciens d\u2019officine"},"content":{"rendered":"\n<p class=\"c-chapo \">\n  Certaines pharmacies n&rsquo;ont d\u00e9j\u00e0 plus aucune dose, et d&rsquo;autres sont oblig\u00e9es de leur en pr\u00eater. Le syndicat de pharmaciens appelle l&rsquo;\u00c9tat \u00e0 d\u00e9bloquer sa r\u00e9serve de s\u00e9curit\u00e9.\n<\/p>\n<p>      lire plus tard<\/p>\n<p id=\"dialog__title\" class=\"dialog__title\">Pour sauvegarder cet article, connectez-vous ou cr\u00e9ez un compte franceinfo<\/p>\n<p class=\"dialog__description\">Sans paiement. Sans abonnement.<\/p>\n<p>        Fermer la fen\u00eatre d\u2019activation des notifications France Info<\/p>\n<p>      cr\u00e9er votre compte<\/p>\n<p>      se connecter<\/p>\n<p>        Fermer la fen\u00eatre de pr\u00e9sentation<\/p>\n<p>    <img loading=\"lazy\" decoding=\"async\" class=\"signature__image lazyload\" width=\"100\" height=\"100\" data- alt=\"\" src=\"https:\/\/www.europesays.com\/fr\/wp-content\/uploads\/2025\/05\/64a7df4c5fe71_placeholder-36b69ec8.png\"\/><\/p>\n<p>    Publi\u00e9 le 29\/11\/2025 06:05<\/p>\n<p>        Temps de lecture : 2min<\/p>\n<p>    <img decoding=\"async\"  alt=\"Une personne se fait injecter une dose de vaccin contre la grippe, le 14 janvier 2025 \u00e0 Nancy. Photo d'illustration. (ALEXANDRE MARCHI \/ MAXPPP)\" width=\"432\" height=\"243\" src=\"https:\/\/www.europesays.com\/fr\/wp-content\/uploads\/2025\/11\/vaccin-contre-la-grippe-68e616954d609148262686.jpg\" fetchpriority=\"high\"\/><\/p>\n<p>      Une personne se fait injecter une dose de vaccin contre la grippe, le 14 janvier 2025 \u00e0 Nancy. Photo d&rsquo;illustration. (ALEXANDRE MARCHI \/ MAXPPP)<\/p>\n<p>Les doses de vaccins contre la grippe seront bient\u00f4t \u00e9puis\u00e9es, alerte samedi aupr\u00e8s de franceinfo l&rsquo;Union des syndicats de pharmaciens d\u2019officine (USPO), appelant l&rsquo;Etat \u00e0 d\u00e9bloquer son stock strat\u00e9gique, plus d\u2019un mois apr\u00e8s le <a href=\"https:\/\/www.franceinfo.fr\/sante\/vaccins\/grippe-pres-de-8-millions-de-francais-se-sont-deja-fait-vacciner_7636304.html\" target=\"_blank\" rel=\"noopener\">d\u00e9but de la campagne annuelle de vaccination<\/a> contre la grippe.<\/p>\n<p>Selon les chiffres communiqu\u00e9s \u00e0 franceinfo par l&rsquo;USPO, pr\u00e8s de 9,5 millions de doses ont d\u00e9j\u00e0 \u00e9t\u00e9 inject\u00e9es depuis le d\u00e9but de la campagne, le 14 octobre dernier. C&rsquo;est 1,3 million de doses inject\u00e9es suppl\u00e9mentaires par rapport \u00e0 l&rsquo;ann\u00e9e derni\u00e8re \u00e0 la m\u00eame p\u00e9riode (+16%). Par cons\u00e9quent, il ne reste plus qu&rsquo;1,5 million de doses disponibles.<\/p>\n<p>Au rythme auquel se d\u00e9roule cette campagne annuelle, les stocks seront \u00e9puis\u00e9s d&rsquo;ici quelques jours, alerte le syndicat de pharmaciens. Certaines officines n&rsquo;ont d\u00e9j\u00e0 plus aucune dose, et d&rsquo;autres sont oblig\u00e9es de leur en pr\u00eater. Le syndicat demande donc au minist\u00e8re de la Sant\u00e9 de d\u00e9bloquer le stock de s\u00e9curit\u00e9 de l&rsquo;\u00c9tat, faisant valoir que l&rsquo;\u00e9pid\u00e9mie arrive en France. L&rsquo;\u00cele-de-France, la Normandie et la Nouvelle Aquitaine sont d\u00e9j\u00e0 en phase \u00ab\u00a0pr\u00e9-\u00e9pid\u00e9mique\u00a0\u00bb, selon Sant\u00e9 publique France, et pour les professionnels de sant\u00e9, il faudrait id\u00e9alement se faire vacciner avant les f\u00eates de No\u00ebl, une p\u00e9riode propices \u00e0 la diffusion du virus.<\/p>\n<p>Lors de la pr\u00e9c\u00e9dente \u00e9pid\u00e9mie de grippe l&rsquo;ann\u00e9e derni\u00e8re, particuli\u00e8rement virulente, 17 600 personnes sont mortes, selon les chiffres de Sant\u00e9 publique France. Comme tous les automnes et les hivers, cette campagne vise \u00e0 prot\u00e9ger les personnes jug\u00e9es \u00e0 risque de complications, alors que la grippe revient chaque ann\u00e9e et que le Covid conna\u00eet des vagues plus fr\u00e9quentes.\u00a0<\/p>\n","protected":false},"excerpt":{"rendered":"Certaines pharmacies n&rsquo;ont d\u00e9j\u00e0 plus aucune dose, et d&rsquo;autres sont oblig\u00e9es de leur en pr\u00eater. Le syndicat de&hellip;\n","protected":false},"author":2,"featured_media":566225,"comment_status":"","ping_status":"","sticky":false,"template":"","format":"standard","meta":{"footnotes":""},"categories":[10],"tags":[1011,27,72,71],"class_list":{"0":"post-566224","1":"post","2":"type-post","3":"status-publish","4":"format-standard","5":"has-post-thumbnail","7":"category-sante","8":"tag-fr","9":"tag-france","10":"tag-health","11":"tag-sante"},"share_on_mastodon":{"url":"https:\/\/pubeurope.com\/@fr\/115631909876666139","error":""},"_links":{"self":[{"href":"https:\/\/www.europesays.com\/fr\/wp-json\/wp\/v2\/posts\/566224","targetHints":{"allow":["GET"]}}],"collection":[{"href":"https:\/\/www.europesays.com\/fr\/wp-json\/wp\/v2\/posts"}],"about":[{"href":"https:\/\/www.europesays.com\/fr\/wp-json\/wp\/v2\/types\/post"}],"author":[{"embeddable":true,"href":"https:\/\/www.europesays.com\/fr\/wp-json\/wp\/v2\/users\/2"}],"replies":[{"embeddable":true,"href":"https:\/\/www.europesays.com\/fr\/wp-json\/wp\/v2\/comments?post=566224"}],"version-history":[{"count":0,"href":"https:\/\/www.europesays.com\/fr\/wp-json\/wp\/v2\/posts\/566224\/revisions"}],"wp:featuredmedia":[{"embeddable":true,"href":"https:\/\/www.europesays.com\/fr\/wp-json\/wp\/v2\/media\/566225"}],"wp:attachment":[{"href":"https:\/\/www.europesays.com\/fr\/wp-json\/wp\/v2\/media?parent=566224"}],"wp:term":[{"taxonomy":"category","embeddable":true,"href":"https:\/\/www.europesays.com\/fr\/wp-json\/wp\/v2\/categories?post=566224"},{"taxonomy":"post_tag","embeddable":true,"href":"https:\/\/www.europesays.com\/fr\/wp-json\/wp\/v2\/tags?post=566224"}],"curies":[{"name":"wp","href":"https:\/\/api.w.org\/{rel}","templated":true}]}}