{"id":566228,"date":"2025-11-29T07:55:13","date_gmt":"2025-11-29T07:55:13","guid":{"rendered":"https:\/\/www.europesays.com\/fr\/566228\/"},"modified":"2025-11-29T07:55:13","modified_gmt":"2025-11-29T07:55:13","slug":"ce-roman-recompense-du-prix-femina-va-vous-bouleverser","status":"publish","type":"post","link":"https:\/\/www.europesays.com\/fr\/566228\/","title":{"rendered":"ce roman, r\u00e9compens\u00e9 du Prix Femina, va vous bouleverser"},"content":{"rendered":"<p itemprop=\"description\">Il suffit de quelques lignes pour<br \/>\ncomprendre qu\u2019on entre ici dans un r\u00e9cit qui touche juste, l\u00e0 o\u00f9<br \/>\nl\u2019on ne s\u2019y attend pas.<\/p>\n<p>Chaque ann\u00e9e, <strong>le Prix Femina<\/strong> met en lumi\u00e8re une<br \/>\n\u0153uvre qui marque durablement les esprits. En 2025, c\u2019est<br \/>\n<strong><a href=\"https:\/\/www.bibamagazine.fr\/culture\/livres\/ces-3-romans-ont-ete-selectionnes-au-prix-goncourt-et-aussi-au-prix-femina-cette-annee-489746.html\" target=\"_blank\" rel=\"noopener\">Nathacha Appanah<\/a><\/strong> qui a<br \/>\n\u00e9mu le jury avec <strong><a href=\"https:\/\/www.bibamagazine.fr\/culture\/livres\/prix-femina-2025-ce-roman-puissant-sacre-chef-doeuvre-vous-plonge-au-coeur-de-lemotion-493455.html\" target=\"_blank\" rel=\"noopener\">La nuit au<br \/>\nc\u0153ur<\/a><\/strong>, un roman d\u2019une sensibilit\u00e9 rare sur<br \/>\n<strong>le f\u00e9minicide conjugal<\/strong>. Un sujet dur, trait\u00e9<br \/>\npourtant avec une d\u00e9licatesse et une humilit\u00e9 qui ont imm\u00e9diatement<br \/>\nconquis le jury. Mais cette distinction prestigieuse nous rappelle<br \/>\nqu\u2019avant ce titre bouleversant, <strong>un autre roman avait d\u00e9j\u00e0<br \/>\nchamboul\u00e9 le paysage litt\u00e9raire<\/strong>.<\/p>\n<p>Il s\u2019agit de <strong>S\u2019adapter, de Clara<br \/>\nDupont-Monod<\/strong>, lui aussi couronn\u00e9 <a href=\"https:\/\/www.bibamagazine.fr\/culture\/livres\/bouleversant-sublime-ce-livre-finaliste-du-prix-goncourt-2025-vient-de-remporter-le-prix-femina-493543.html\" target=\"_blank\" rel=\"noopener\">du Prix Femina<\/a> quatre ans plus<br \/>\nt\u00f4t. <strong>Direction les C\u00e9vennes, au c\u0153ur d\u2019une famille pas tout<br \/>\n\u00e0 fait comme les autres<\/strong>, pour comprendre pourquoi ce livre<br \/>\ncontinue de toucher en plein c\u0153ur celles et ceux qui l\u2019ouvrent.<\/p>\n<p>Dans S\u2019adapter, Clara Dupont-Monod livre un r\u00e9cit<br \/>\ninspir\u00e9 de son histoire personnelle<\/p>\n<p>Publi\u00e9 en 2021 aux \u00e9ditions Stock, S\u2019adapter s\u2019\u00e9tait<br \/>\nimpos\u00e9 comme <strong>l\u2019un des grands succ\u00e8s de la rentr\u00e9e<br \/>\nlitt\u00e9raire<\/strong>. Couronn\u00e9 <strong><a href=\"https:\/\/www.bibamagazine.fr\/culture\/apres-le-grand-prix-du-roman-ce-livre-fascinant-vient-detre-laureat-du-prix-femina-437755.html\" target=\"_blank\" rel=\"noopener\">du Prix Femina<\/a>, du Prix<br \/>\nLanderneau et du Goncourt des Lyc\u00e9ens<\/strong>, le roman a<br \/>\nimm\u00e9diatement s\u00e9duit par son \u00e9criture lumineuse, sa pudeur et sa<br \/>\nforce \u00e9motionnelle. Et si l\u2019histoire r\u00e9sonne avec autant<br \/>\nd\u2019intensit\u00e9, c\u2019est qu\u2019<strong>elle s\u2019enracine dans l\u2019exp\u00e9rience<br \/>\nintime de l\u2019autrice<\/strong>. Enfant, Clara Dupont-Monod a<br \/>\n<strong>elle aussi grandi aux c\u00f4t\u00e9s d\u2019un fr\u00e8re atteint d\u2019un<br \/>\nhandicap lourd<\/strong>.<\/p>\n<p>Le roman raconte <strong>la naissance d\u2019un enfant<br \/>\n\u201cinadapt\u00e9\u201d<\/strong>, incapable de voir, de marcher ou de<br \/>\ncommuniquer autrement que par quelques sons t\u00e9nus. Cet enfant,<br \/>\n\u00e9ternel b\u00e9b\u00e9, devient <strong>le centre gravitationnel d\u2019une<br \/>\nfamille c\u00e9venole<\/strong> jusque-l\u00e0 \u201cbanalement heureuse\u201d.<br \/>\nPour donner \u00e0 cette histoire une dimension presque mythique,<br \/>\n<strong>l\u2019autrice confie la narration\u2026 aux pierres de la<br \/>\ncour<\/strong>. T\u00e9moins immobiles, elles observent, \u00e9coutent et<br \/>\nracontent la lente m\u00e9tamorphose de chacun face \u00e0 l\u2019arriv\u00e9e de cet<br \/>\nenfant fragile.<\/p>\n<p>Le th\u00e8me du handicap vu \u00e0 travers le prisme d\u2019une fratrie<\/p>\n<p>La force du roman r\u00e9side dans son exploration minutieuse<br \/>\n<strong>des r\u00e9actions contrast\u00e9es des trois enfants<\/strong> face \u00e0<br \/>\nce petit fr\u00e8re inadapt\u00e9. <strong>L\u2019a\u00een\u00e9<\/strong>, profond\u00e9ment<br \/>\nd\u00e9vou\u00e9, tisse avec lui <strong>un lien fusionnel<\/strong> : ne<br \/>\npouvant ni voir ni parler, l\u2019enfant \u00e9coute, et le grand fr\u00e8re<br \/>\ntransforme le monde en une symphonie sensorielle faite de voix<br \/>\nmurmur\u00e9es, de verveine froiss\u00e9e et de pierres qu\u2019on laisse tomber<br \/>\npour offrir un \u00e9cho discret. Cette relation d\u2019amour absolu finit<br \/>\npar isoler l\u2019adolescent, mais lui permet aussi de cr\u00e9er un langage<br \/>\nqui n\u2019appartient qu\u2019\u00e0 eux.<\/p>\n<p><strong>La cadette<\/strong>, en revanche, vit la pr\u00e9sence du<br \/>\npetit enfant <strong>comme une injustice<\/strong>. <strong>Elle<br \/>\n\u00e9prouve du rejet et de la col\u00e8re<\/strong>, se prot\u00e8ge comme elle<br \/>\npeut, cherche refuge aupr\u00e8s de sa grand-m\u00e8re et se cabre face \u00e0<br \/>\ncette famille qui semble se dissoudre autour de la douleur. Enfin,<br \/>\n<strong>la naissance du petit dernier<\/strong>, des ann\u00e9es apr\u00e8s la<br \/>\nmort de l\u2019enfant, ouvre une nouvelle \u00e8re. Portant en lui la m\u00e9moire<br \/>\nfamiliale, <strong>il devient celui qui recolle les<br \/>\nfragments<\/strong>, celui qui \u201cr\u00e9concilie les<br \/>\nhistoires\u201d.<\/p>\n<p>\u201cUn bijou de livre, bijou<br \/>\nd\u00a0\u00bbhumanit\u00e9 et de sensibilit\u00e9\u2026\u201d : les lecteurs sont<br \/>\nconquis<\/p>\n<p>Les lectrices et lecteurs ont accueilli S\u2019adapter avec<br \/>\n<strong>un enthousiasme remarquable<\/strong>. Beaucoup \u00e9voquent<br \/>\n<strong>un texte \u201c\u00e9blouissant\u201d, capable de \u201cfaire<br \/>\nvibrer les sens\u201d<\/strong>, port\u00e9 par <strong>une langue<br \/>\n\u201cpo\u00e9tique, a\u00e9rienne, subtile\u201d<\/strong>. L\u2019\u00e9motion suscit\u00e9e<br \/>\nest souvent d\u00e9crite comme profonde, certains disant avoir \u00e9t\u00e9<br \/>\n\u201ctouch\u00e9e en plein c\u0153ur\u201d ou encore boulevers\u00e9s par la<br \/>\njustesse avec laquelle Clara Dupont-Monod d\u00e9peint <strong>les<br \/>\nr\u00e9actions face au handicap, sans apitoiement mais avec une rare<br \/>\nhumanit\u00e9<\/strong>.<\/p>\n<p>Les critiques saluent aussi <strong>la singularit\u00e9 du dispositif<br \/>\nnarratif<\/strong> et <strong>la finesse psychologique du<br \/>\nroman<\/strong>. L\u2019un parle d\u2019un \u201croman franchement touchant,<br \/>\nd&rsquo;une port\u00e9e universelle\u201d, un autre d\u2019un texte qui \u201couvre<br \/>\nles yeux sur la r\u00e9elle richesse des inadapt\u00e9s\u201d. Beaucoup<br \/>\nsoulignent <strong>la beaut\u00e9 lumineuse du r\u00e9cit, qui transforme la<br \/>\ndouleur en une forme d\u2019espoir<\/strong>. Et puis il y a cette phrase<br \/>\n: \u201cUn bijou de livre, bijou d\u2019humanit\u00e9 et de<br \/>\nsensibilit\u00e9\u2026\u201d. Peut-\u00eatre la meilleure fa\u00e7on de r\u00e9sumer le<br \/>\nsentiment que laisse S\u2019adapter laisse derri\u00e8re lui.<\/p>\n","protected":false},"excerpt":{"rendered":"Il suffit de quelques lignes pour comprendre qu\u2019on entre ici dans un r\u00e9cit qui touche juste, l\u00e0 o\u00f9&hellip;\n","protected":false},"author":2,"featured_media":566229,"comment_status":"","ping_status":"","sticky":false,"template":"","format":"standard","meta":{"footnotes":""},"categories":[8],"tags":[68152,17488,7818,6521,58,68150,3029,3026,59,68151,1011,27,11388,2141,5593,2004,37342,29721,4568],"class_list":{"0":"post-566228","1":"post","2":"type-post","3":"status-publish","4":"format-standard","5":"has-post-thumbnail","7":"category-divertissement","8":"tag-bouleverser","9":"tag-ce","10":"tag-chef","11":"tag-coeur","12":"tag-divertissement","13":"tag-doeuvre","14":"tag-du","15":"tag-en","16":"tag-entertainment","17":"tag-femina","18":"tag-fr","19":"tag-france","20":"tag-plein","21":"tag-prix","22":"tag-recompense","23":"tag-roman","24":"tag-touchee","25":"tag-va","26":"tag-vous"},"share_on_mastodon":{"url":"https:\/\/pubeurope.com\/@fr\/115631916653012813","error":""},"_links":{"self":[{"href":"https:\/\/www.europesays.com\/fr\/wp-json\/wp\/v2\/posts\/566228","targetHints":{"allow":["GET"]}}],"collection":[{"href":"https:\/\/www.europesays.com\/fr\/wp-json\/wp\/v2\/posts"}],"about":[{"href":"https:\/\/www.europesays.com\/fr\/wp-json\/wp\/v2\/types\/post"}],"author":[{"embeddable":true,"href":"https:\/\/www.europesays.com\/fr\/wp-json\/wp\/v2\/users\/2"}],"replies":[{"embeddable":true,"href":"https:\/\/www.europesays.com\/fr\/wp-json\/wp\/v2\/comments?post=566228"}],"version-history":[{"count":0,"href":"https:\/\/www.europesays.com\/fr\/wp-json\/wp\/v2\/posts\/566228\/revisions"}],"wp:featuredmedia":[{"embeddable":true,"href":"https:\/\/www.europesays.com\/fr\/wp-json\/wp\/v2\/media\/566229"}],"wp:attachment":[{"href":"https:\/\/www.europesays.com\/fr\/wp-json\/wp\/v2\/media?parent=566228"}],"wp:term":[{"taxonomy":"category","embeddable":true,"href":"https:\/\/www.europesays.com\/fr\/wp-json\/wp\/v2\/categories?post=566228"},{"taxonomy":"post_tag","embeddable":true,"href":"https:\/\/www.europesays.com\/fr\/wp-json\/wp\/v2\/tags?post=566228"}],"curies":[{"name":"wp","href":"https:\/\/api.w.org\/{rel}","templated":true}]}}