{"id":566235,"date":"2025-11-29T07:59:13","date_gmt":"2025-11-29T07:59:13","guid":{"rendered":"https:\/\/www.europesays.com\/fr\/566235\/"},"modified":"2025-11-29T07:59:13","modified_gmt":"2025-11-29T07:59:13","slug":"faut-il-ou-non-ecraser-les-bouteilles-en-plastique-avant-de-les-jeter-a-la-poubelle-jaune","status":"publish","type":"post","link":"https:\/\/www.europesays.com\/fr\/566235\/","title":{"rendered":"Faut-il ou non \u00e9craser les bouteilles en plastique avant de les jeter \u00e0 la poubelle jaune\u00a0?"},"content":{"rendered":"<p>Vous pensez \u00eatre incollable sur le tri s\u00e9lectif et pouvez dire sans h\u00e9siter dans quelle poubelle mettre chaque type de d\u00e9chets\u00a0? F\u00e9licitations, et vous n\u2019\u00eates pas le seul\u00a0: d\u2019apr\u00e8s le <a href=\"https:\/\/www.suez.com\/fr\/actualites\/communiques-de-presse\/barometre-suez-odoxa-2025\" target=\"_blank\" class=\"c-link c-link--is-underlined\" rel=\"noopener\">6e barom\u00e8tre Suez-Odoxa<\/a> publi\u00e9 vendredi 21\u00a0novembre, 89\u00a0% des Fran\u00e7ais estiment qu\u2019il est facile de trier ses <a href=\"https:\/\/www.20minutes.fr\/planete\/dechets\/\" class=\"c-link c-link--is-underlined\" target=\"_blank\" rel=\"noopener\">d\u00e9chets<\/a>. \u00c7a, c\u2019est le niveau facile. Mais savez-vous s\u2019il faut ou non \u00e9craser les bouteilles en <a href=\"https:\/\/www.20minutes.fr\/planete\/plastique\/\" class=\"c-link c-link--is-underlined\" target=\"_blank\" rel=\"noopener\">plastique <\/a>avant de les jeter dans la poubelle jaune\u00a0? 20 Minutes fait le point pour que vous ne vous posiez plus la question.<\/p>\n<\/p>\n<p>Bonne nouvelle\u00a0: \u00ab\u00a0Aujourd\u2019hui, il y a suffisamment d\u2019homog\u00e9n\u00e9it\u00e9 au niveau fran\u00e7ais pour avoir un message unique\u00a0\u00bb, explique Sylvain Pasquier, responsable op\u00e9rationnel du p\u00f4le de responsabilit\u00e9 \u00e9largie des producteurs emballages et papiers de l\u2019Ademe (Agence de l\u2019<a href=\"https:\/\/www.20minutes.fr\/planete\/environnement\/\" class=\"c-link c-link--is-underlined\" target=\"_blank\" rel=\"noopener\">environnement<\/a> et de la ma\u00eetrise de l\u2019\u00e9nergie). La consigne nationale, que l\u2019on retrouve notamment sur la <a href=\"https:\/\/quefairedemesdechets.ademe.fr\/\" target=\"_blank\" class=\"c-link c-link--is-underlined\" rel=\"noopener\">page \u00ab\u00a0Que faire de mes objets et d\u00e9chets\u00a0\u00bb<\/a> de l\u2019Agence, est simple. \u00ab\u00a0Il est conseill\u00e9 de ne pas \u00e9craser ni aplatir la bouteille en plastique lors du tri\u00a0\u00bb, \u00e9nonce l\u2019expert.<\/p>\n<p>Eviter de perturber les machines<\/p>\n<p>Cependant, si vous souhaitez gagner de la place dans votre bac de tri, un geste \u00ab\u00a0est autoris\u00e9 mais pas demand\u00e9\u00a0\u00bb, d\u00e9taille Sylvain Pasquier\u00a0: vous pouvez aplatir votre bouteille dans le sens de la longueur. En revanche, l\u2019\u00e9craser dans l\u2019autre sens est \u00ab\u00a0\u00e0 proscrire\u00a0\u00bb. \u00ab\u00a0Si vous \u00e9crasez votre bouteille sur toute sa hauteur \u00e0 partir du goulot pour en faire une esp\u00e8ce de galette ronde, elle ne va plus \u00eatre d\u00e9tect\u00e9e dans les centres de tri et \u00eatre tri\u00e9e dans les refus, donc elle ne sera pas recycl\u00e9e\u00a0\u00bb, explicite le sp\u00e9cialiste des emballages.<\/p>\n<p>Pour comprendre pourquoi, il faut se pencher sur ce qui arrive \u00e0 vos d\u00e9chets une fois arriv\u00e9s en centre de tri. \u00ab\u00a0Le processus de tri est un encha\u00eenement de machines qui a pour objectif de s\u00e9parer les flux dans diff\u00e9rentes cat\u00e9gories, comme le flux canettes ou le flux bouteilles\u00a0\u00bb, pr\u00e9cise Juliette Beaulieu, responsable d\u00e9veloppement du <a href=\"https:\/\/www.20minutes.fr\/planete\/recyclage\/\" class=\"c-link c-link--is-underlined\" target=\"_blank\" rel=\"noopener\">recyclage <\/a>chez Citeo, dont l\u2019<a href=\"https:\/\/citeo.guidedutri.fr\/\" target=\"_blank\" class=\"c-link c-link--is-underlined\" rel=\"noopener\">application Guide du tri<\/a> donne exactement les m\u00eames consignes pour les bouteilles en plastique. Ces machines vont reconna\u00eetre les d\u00e9chets et les s\u00e9parer en fonction de leur mati\u00e8re et de leur forme. Elles distinguent notamment les objets dits volants, appel\u00e9s corps plats, et les corps creux, auxquels appartiennent les bouteilles.<\/p>\n<p>Or, \u00ab\u00a0quand on les \u00e9crase, les machines ont du mal \u00e0 les reconna\u00eetre, pose la sp\u00e9cialiste du recyclage. \u00c7a ne veut pas dire que ces objets ne seront pas du tout recycl\u00e9s, mais ils seront moins bien reconnus\u00a0\u00bb. Les bouteilles aplaties dans le sens de la longueur ne posent en revanche aucun probl\u00e8me, car elles \u00ab\u00a0auront toujours un petit volume et une forme\u00a0\u00bb qui leur permettent d\u2019\u00eatre correctement identifi\u00e9es.<\/p>\n<p>Des gestes simples<\/p>\n<p>Si certains centres de tri recommandent sur leur site Internet un compactage vertical des bouteilles en plastique, le mieux reste toujours de suivre la consigne nationale\u00a0: les laisser intactes, ou les aplatir dans le sens de la longueur. Ces consignes contradictoires peuvent \u00eatre dues \u00e0 un manque d\u2019actualisation des pages Web ou d\u2019une mauvaise compr\u00e9hension des r\u00e8gles, selon Sylvain Pasquier.<\/p>\n<p>D\u2019autres r\u00e8gles, en plus de celles sur le compactage des bouteilles, permettent d\u2019optimiser le tri. \u00ab\u00a0Il ne faut pas retirer le bouchon ni les \u00e9tiquettes et ne pas laver les bouteilles\u00a0\u00bb, \u00e9num\u00e8re Juliette Beaulieu. Et la consigne la plus importante, m\u00eame si elle semble \u00e9vidente\u00a0: \u00ab\u00a0Vous les mettez dans le bac jaune\u00a0!\u00a0\u00bb Dans lequel, comme le pr\u00e9cise Citeo sur son site, il ne faut pas ni imbriquer, ni embo\u00eeter les diff\u00e9rents emballages.<\/p>\n<p><a href=\"https:\/\/www.20minutes.fr\/planete\/\" class=\"c-link c-btn c-btn--primary\" target=\"_blank\" rel=\"noopener\">Notre dossier Plan\u00e8te<\/a><\/p>\n<p>Ces consignes sont valables pour toutes les bouteilles en plastique (pour le lait, l\u2019eau, les sodas, les yaourts \u00e0 boire\u2026) &#8211; dans son Guide du tri, Citeo rappelle \u00e9galement de \u00ab\u00a0bien s\u00e9parer l\u2019opercule en aluminium\u00a0\u00bb-, mais aussi pour celles de produits cosm\u00e9tiques ou m\u00e9nagers. Des gestes simples qui permettent un recyclage optimal\u00a0: en\u00a02023, 55,3\u00a0% des bouteilles en plastique de boisson ont \u00e9t\u00e9 collect\u00e9es pour \u00eatre recycl\u00e9es en\u00a02023, <a href=\"https:\/\/librairie.ademe.fr\/economie-circulaire-et-dechets\/8211-evaluation-du-taux-de-collecte-des-bouteilles-en-plastique-de-boisson-pour-2022-et-2023.html\" target=\"_blank\" class=\"c-link c-link--is-underlined\" rel=\"noopener\">d\u2019apr\u00e8s les donn\u00e9es provisoires de l\u2019Ademe<\/a>.<\/p>\n","protected":false},"excerpt":{"rendered":"Vous pensez \u00eatre incollable sur le tri s\u00e9lectif et pouvez dire sans h\u00e9siter dans quelle poubelle mettre chaque&hellip;\n","protected":false},"author":2,"featured_media":566236,"comment_status":"","ping_status":"","sticky":false,"template":"","format":"standard","meta":{"footnotes":""},"categories":[4],"tags":[47,11,3008,436,1011,27,12,52,6579,3887,25,104],"class_list":{"0":"post-566235","1":"post","2":"type-post","3":"status-publish","4":"format-standard","5":"has-post-thumbnail","7":"category-france","8":"tag-actualite","9":"tag-actualites","10":"tag-dechets","11":"tag-environnement","12":"tag-fr","13":"tag-france","14":"tag-news","15":"tag-planete","16":"tag-plastique","17":"tag-recyclage","18":"tag-republique-francaise","19":"tag-societe"},"share_on_mastodon":{"url":"https:\/\/pubeurope.com\/@fr\/115631932415415536","error":""},"_links":{"self":[{"href":"https:\/\/www.europesays.com\/fr\/wp-json\/wp\/v2\/posts\/566235","targetHints":{"allow":["GET"]}}],"collection":[{"href":"https:\/\/www.europesays.com\/fr\/wp-json\/wp\/v2\/posts"}],"about":[{"href":"https:\/\/www.europesays.com\/fr\/wp-json\/wp\/v2\/types\/post"}],"author":[{"embeddable":true,"href":"https:\/\/www.europesays.com\/fr\/wp-json\/wp\/v2\/users\/2"}],"replies":[{"embeddable":true,"href":"https:\/\/www.europesays.com\/fr\/wp-json\/wp\/v2\/comments?post=566235"}],"version-history":[{"count":0,"href":"https:\/\/www.europesays.com\/fr\/wp-json\/wp\/v2\/posts\/566235\/revisions"}],"wp:featuredmedia":[{"embeddable":true,"href":"https:\/\/www.europesays.com\/fr\/wp-json\/wp\/v2\/media\/566236"}],"wp:attachment":[{"href":"https:\/\/www.europesays.com\/fr\/wp-json\/wp\/v2\/media?parent=566235"}],"wp:term":[{"taxonomy":"category","embeddable":true,"href":"https:\/\/www.europesays.com\/fr\/wp-json\/wp\/v2\/categories?post=566235"},{"taxonomy":"post_tag","embeddable":true,"href":"https:\/\/www.europesays.com\/fr\/wp-json\/wp\/v2\/tags?post=566235"}],"curies":[{"name":"wp","href":"https:\/\/api.w.org\/{rel}","templated":true}]}}