{"id":566244,"date":"2025-11-29T08:07:42","date_gmt":"2025-11-29T08:07:42","guid":{"rendered":"https:\/\/www.europesays.com\/fr\/566244\/"},"modified":"2025-11-29T08:07:42","modified_gmt":"2025-11-29T08:07:42","slug":"vote-sarreguemines-as-nancy-lorraine-quel-est-votre-pronostic","status":"publish","type":"post","link":"https:\/\/www.europesays.com\/fr\/566244\/","title":{"rendered":"Vote. Sarreguemines &#8211; AS Nancy Lorraine : quel est votre pronostic ?"},"content":{"rendered":"<p>Quatre divisions s\u00e9parent l&rsquo;ASNL de Sarreguemines. Les pros nanc\u00e9iens vont-ils faire respecter la hi\u00e9rarchie et se qualifier pour les 32es de finale ou les amateurs sarregueminois vont-ils cr\u00e9er l&rsquo;exploit ? A vous de jouer\u00a0!<\/p>\n<p>&#13;<br \/>\n              L&rsquo;Est R\u00e9publicain  &#8211; &#13;<br \/>\n        &#13;<br \/>\n          27 nov. 2025 \u00e0 07:00&#13;<br \/>\n    &#13;<br \/>\n                  | mis \u00e0 jour hier \u00e0 14:07&#13;<br \/>\n              &#8211; Temps de lecture : &#13;<br \/>\n  &#13;\n<\/p>\n<p>                        &#13;<br \/>\n    &#13;<br \/>\n    &#13;<br \/>\n    <a href=\"https:\/\/cdn-s-www.estrepublicain.fr\/images\/7EE9AFC9-8B93-41E1-86BE-A9073739DE1F\/NW_raw\/sarreguemines-as-nancy-lorraine-quel-est-votre-pronostic-1764174544.jpg\" title=\"Sarreguemines - AS Nancy Lorraine : quel est votre pronostic ?\" class=\"chocolat-image GA-tracking\" data-ga_type=\"click\" data-ga_category=\"D\u00e9tail\" data-ga_action=\"zoomer\" data-ga_label=\"aggrandir image\" target=\"_blank\" rel=\"noopener\">&#13;<br \/>\n        <img src=\"https:\/\/www.europesays.com\/fr\/wp-content\/uploads\/2025\/11\/sarreguemines-as-nancy-lorraine-quel-est-votre-pronostic-1764174544.jpg\"   alt=\"Sarreguemines - AS Nancy Lorraine : quel est votre pronostic ?\" fetchpriority=\"high\" decoding=\"async\" data-mobile=\"NW_detail_M|1764174544\" data-base=\"NW_detail|1764174544\"\/>&#13;<br \/>\n    <\/a>&#13;<\/p>\n<p>Sarreguemines &#8211; AS Nancy Lorraine : quel est votre pronostic ?<\/p>\n","protected":false},"excerpt":{"rendered":"Quatre divisions s\u00e9parent l&rsquo;ASNL de Sarreguemines. Les pros nanc\u00e9iens vont-ils faire respecter la hi\u00e9rarchie et se qualifier pour&hellip;\n","protected":false},"author":2,"featured_media":195867,"comment_status":"","ping_status":"","sticky":false,"template":"","format":"standard","meta":{"footnotes":""},"categories":[9635],"tags":[1111,11,3703,15922,1707,1704,1706,1705,1777,674,107,1701,63,1011,27,775,1702,12,25,517,1700,10606],"class_list":{"0":"post-566244","1":"post","2":"type-post","3":"status-publish","4":"format-standard","5":"has-post-thumbnail","7":"category-nancy","8":"tag-actu","9":"tag-actualites","10":"tag-asnl","11":"tag-coupe-de-france-de-football","12":"tag-edition-luneville","13":"tag-edition-nancy-et-agglomeration","14":"tag-edition-pont-a-mousson","15":"tag-edition-toul","16":"tag-eu","17":"tag-europe","18":"tag-fil-info","19":"tag-fil-info-sport","20":"tag-football","21":"tag-fr","22":"tag-france","23":"tag-grand-est","24":"tag-nancy","25":"tag-news","26":"tag-republique-francaise","27":"tag-sport","28":"tag-sport-lorrain","29":"tag-vote-sport-lorrain"},"share_on_mastodon":{"url":"https:\/\/pubeurope.com\/@fr\/115631964378893433","error":""},"_links":{"self":[{"href":"https:\/\/www.europesays.com\/fr\/wp-json\/wp\/v2\/posts\/566244","targetHints":{"allow":["GET"]}}],"collection":[{"href":"https:\/\/www.europesays.com\/fr\/wp-json\/wp\/v2\/posts"}],"about":[{"href":"https:\/\/www.europesays.com\/fr\/wp-json\/wp\/v2\/types\/post"}],"author":[{"embeddable":true,"href":"https:\/\/www.europesays.com\/fr\/wp-json\/wp\/v2\/users\/2"}],"replies":[{"embeddable":true,"href":"https:\/\/www.europesays.com\/fr\/wp-json\/wp\/v2\/comments?post=566244"}],"version-history":[{"count":0,"href":"https:\/\/www.europesays.com\/fr\/wp-json\/wp\/v2\/posts\/566244\/revisions"}],"wp:featuredmedia":[{"embeddable":true,"href":"https:\/\/www.europesays.com\/fr\/wp-json\/wp\/v2\/media\/195867"}],"wp:attachment":[{"href":"https:\/\/www.europesays.com\/fr\/wp-json\/wp\/v2\/media?parent=566244"}],"wp:term":[{"taxonomy":"category","embeddable":true,"href":"https:\/\/www.europesays.com\/fr\/wp-json\/wp\/v2\/categories?post=566244"},{"taxonomy":"post_tag","embeddable":true,"href":"https:\/\/www.europesays.com\/fr\/wp-json\/wp\/v2\/tags?post=566244"}],"curies":[{"name":"wp","href":"https:\/\/api.w.org\/{rel}","templated":true}]}}