{"id":566245,"date":"2025-11-29T08:09:14","date_gmt":"2025-11-29T08:09:14","guid":{"rendered":"https:\/\/www.europesays.com\/fr\/566245\/"},"modified":"2025-11-29T08:09:14","modified_gmt":"2025-11-29T08:09:14","slug":"top-14-le-rc-toulon-vise-le-podium-contre-montauban","status":"publish","type":"post","link":"https:\/\/www.europesays.com\/fr\/566245\/","title":{"rendered":"Top 14 : le RC Toulon vise le podium contre Montauban"},"content":{"rendered":"<p>Largement battu par le Stade Fran\u00e7ais la semaine derni\u00e8re, Toulon doit rebondir cet apr\u00e8s-midi face au promu montalbanais. Un match largement \u00e0 la port\u00e9e du club varois sur le papier mais \u00e0 pr\u00e9parer avec beaucoup de s\u00e9rieux. 49 points \u00e0 Bayonne, 54 \u00e0 La Rochelle, 71 \u00e0 Bordeaux ou encore 84 \u00e0 Clermont&#8230; Montauban a encaiss\u00e9 305 points en cinq matches \u00e0 l&rsquo;ext\u00e9rieur cette saison. Pire \u00e9quipe en d\u00e9placement sur ce d\u00e9but de championnat, le promu d\u00e9barque sur la Rade pour affronter une formation varoise \u00e0 deux visages.<\/p>\n<p>Ce qu&rsquo;il faut faire, justement, c&rsquo;est d&rsquo;oublier les chiffres \u00e9crits ci-dessus. \u00ab\u00a0Regarder les scores, c&rsquo;est l&rsquo;erreur qu&rsquo;il ne faut pas faire. Si on pense d\u00e9j\u00e0 avoir gagn\u00e9 ce match avec le bonus, on va mal le d\u00e9marrer. Il faut avoir les bons processus et, si on les a, on sera r\u00e9compens\u00e9s\u00a0\u00bb, a ajout\u00e9 l&rsquo;ancien demi de m\u00eal\u00e9e. La concentration des Toulonnais est donc cibl\u00e9e sur leur propre comportement depuis le d\u00e9but de cette semaine. Oubliez les r\u00e9sultats des concurrents directs face \u00e0 Montauban, Toulon doit r\u00e9aliser son propre match et le pr\u00e9parer en faisant preuve d&rsquo;humilit\u00e9. Enfin&#8230; \u00ab\u00a0Vous parlez d&rsquo;humilit\u00e9, mais c&rsquo;est comme \u00e7a pour tous les matches, quels que soient l&rsquo;adversaire et le contexte, a r\u00e9agi Mignoni. Ici, c&rsquo;est la base, on y veille tous les jours. Montauban a connu des difficult\u00e9s \u00e0 l&rsquo;ext\u00e9rieur, vous pensez qu&rsquo;on doit gagner largement et c&rsquo;est normal que vous pensiez cela, mais nous, on ne se dit pas \u00e7a. S&rsquo;ils encaissent beaucoup d&rsquo;essais, ils en marquent \u00e9galement beaucoup.\u00a0\u00bb<\/p>\n<p>Dernier match avant la Champions Cup<\/p>\n<p>Un discours de pr\u00e9vention prolong\u00e9 par ses joueurs et notamment le troisi\u00e8me ligne Jules Coulon qui s&rsquo;appr\u00eate \u00e0 disputer son sixi\u00e8me match de la saison. \u00ab\u00a0Il ne faut surtout pas aborder le match comme s&rsquo;il \u00e9tait gagn\u00e9 facilement, a expliqu\u00e9 le joueur form\u00e9 au club. Ce n&rsquo;est m\u00eame pas quelque chose que l&rsquo;on pense ou que l&rsquo;on s&rsquo;est dit. On doit simplement se concentrer sur ce qu&rsquo;on veut faire et on fera les comptes \u00e0 la fin.\u00a0\u00bb<\/p>\n<p>Si les comptes seront meilleurs avec un cinqui\u00e8me succ\u00e8s bonifi\u00e9 \u00e0 domicile, une simple victoire pourrait suffire au RC Toulon pour retrouver la 2e place du championnat. Un autre r\u00e9sultat, en revanche, serait une d\u00e9ception face \u00e0 l&rsquo;un des deux concurrents pour le maintien et ne permettrait pas de regagner de la confiance avant de lancer la saison europ\u00e9enne.<\/p>\n","protected":false},"excerpt":{"rendered":"Largement battu par le Stade Fran\u00e7ais la semaine derni\u00e8re, Toulon doit rebondir cet apr\u00e8s-midi face au promu montalbanais.&hellip;\n","protected":false},"author":2,"featured_media":566246,"comment_status":"","ping_status":"","sticky":false,"template":"","format":"standard","meta":{"footnotes":""},"categories":[9619],"tags":[17,1111,11,1444,1777,674,1011,27,19054,12,44246,882,25,479,60,3030,2310,575],"class_list":{"0":"post-566245","1":"post","2":"type-post","3":"status-publish","4":"format-standard","5":"has-post-thumbnail","7":"category-toulon","8":"tag-17","9":"tag-actu","10":"tag-actualites","11":"tag-contre","12":"tag-eu","13":"tag-europe","14":"tag-fr","15":"tag-france","16":"tag-montauban","17":"tag-news","18":"tag-podium","19":"tag-provence-alpes-cote-dazur","20":"tag-republique-francaise","21":"tag-rugby","22":"tag-sports","23":"tag-top","24":"tag-toulon","25":"tag-vise"},"share_on_mastodon":{"url":"https:\/\/pubeurope.com\/@fr\/115631971666701488","error":""},"_links":{"self":[{"href":"https:\/\/www.europesays.com\/fr\/wp-json\/wp\/v2\/posts\/566245","targetHints":{"allow":["GET"]}}],"collection":[{"href":"https:\/\/www.europesays.com\/fr\/wp-json\/wp\/v2\/posts"}],"about":[{"href":"https:\/\/www.europesays.com\/fr\/wp-json\/wp\/v2\/types\/post"}],"author":[{"embeddable":true,"href":"https:\/\/www.europesays.com\/fr\/wp-json\/wp\/v2\/users\/2"}],"replies":[{"embeddable":true,"href":"https:\/\/www.europesays.com\/fr\/wp-json\/wp\/v2\/comments?post=566245"}],"version-history":[{"count":0,"href":"https:\/\/www.europesays.com\/fr\/wp-json\/wp\/v2\/posts\/566245\/revisions"}],"wp:featuredmedia":[{"embeddable":true,"href":"https:\/\/www.europesays.com\/fr\/wp-json\/wp\/v2\/media\/566246"}],"wp:attachment":[{"href":"https:\/\/www.europesays.com\/fr\/wp-json\/wp\/v2\/media?parent=566245"}],"wp:term":[{"taxonomy":"category","embeddable":true,"href":"https:\/\/www.europesays.com\/fr\/wp-json\/wp\/v2\/categories?post=566245"},{"taxonomy":"post_tag","embeddable":true,"href":"https:\/\/www.europesays.com\/fr\/wp-json\/wp\/v2\/tags?post=566245"}],"curies":[{"name":"wp","href":"https:\/\/api.w.org\/{rel}","templated":true}]}}