{"id":566247,"date":"2025-11-29T08:10:10","date_gmt":"2025-11-29T08:10:10","guid":{"rendered":"https:\/\/www.europesays.com\/fr\/566247\/"},"modified":"2025-11-29T08:10:10","modified_gmt":"2025-11-29T08:10:10","slug":"yann-tiersen-en-ouverture-du-2030-festival","status":"publish","type":"post","link":"https:\/\/www.europesays.com\/fr\/566247\/","title":{"rendered":"Yann Tiersen en ouverture du 2030 Festival\u00a0"},"content":{"rendered":"<p> <strong>Un festival en trois temps<\/strong><\/p>\n<p style=\"text-align: justify;\">\u00a0<\/p>\n<p style=\"text-align: justify;\">Pierre explique le fonctionnement comme un triptyque :<\/p>\n<ul style=\"text-align: justify;\">\n<li><strong>L\u2019action concr\u00e8te :<\/strong> ramassages de d\u00e9chets, d\u00e9bitumage, fresques dans les quartiers\u2026<\/li>\n<li><strong>La m\u00e9diation :<\/strong> aller discuter avec les habitants, sensibiliser, expliquer.<\/li>\n<li><strong>La c\u00e9l\u00e9bration : <\/strong>des moments festifs pour vivre ensemble l\u2019\u00e9cologie plut\u00f4t que la subir.<\/li>\n<\/ul>\n<p style=\"text-align: justify;\">\u00a0<\/p>\n<p><strong>Cette ann\u00e9e : plus grand, plus long, plus vivant<\/strong><\/p>\n<p style=\"text-align: justify;\">\u00a0<\/p>\n<p style=\"text-align: justify;\">Le festival s\u2019\u00e9tend d\u00e9sormais sur <strong>une semaine enti\u00e8re avec trois grosses soir\u00e9es et une trentaine d\u2019\u00e9v\u00e9nements dans toute la ville<\/strong>.<\/p>\n<p style=\"text-align: justify;\">\u00a0<\/p>\n<p><strong>1) 30 novembre : Ouverture avec Yann Tiersen<\/strong><\/p>\n<p style=\"text-align: justify;\">Le 30 novembre, le musicien d\u00e9barque \u00e0 Montpellier (coucou la Halle Tropisme !) avec<a href=\"https:\/\/www.wecheers.app\/event\/9da55c2a-6591-41ca-a998-c2877d36fff9\" rel=\"noopener\" target=\"_blank\"> un set \u00e9lectro exceptionnel<\/a> issu de son nouvel album \u201cRathlin from a Distance | The Liquid Hour\u201d. Dans son style engag\u00e9, sans artifices. Parfait pour lancer le festival.<\/p>\n<p style=\"text-align: justify;\">\u00a0<\/p>\n<p><strong>2) La Semaine de l\u2019Engagement (1er\u20135 d\u00e9cembre)<\/strong><\/p>\n<p style=\"text-align: justify;\">Assos, habitants, collectifs, institutions : tout le monde propose ses actions.<\/p>\n<p style=\"text-align: justify;\">Au menu :<\/p>\n<ul style=\"text-align: justify;\">\n<li><strong>conf\u00e9rences <\/strong>(dont une sur\u2026 la salamandre),<\/li>\n<li><strong>fresques<\/strong> (finance, r\u00e9novation, football),<\/li>\n<li><strong>ateliers pratiques <\/strong>(\u00e9conomie d\u2019eau, thermographie),<\/li>\n<li><strong>balades, projections, visites, upcycling, jeux de soci\u00e9t\u00e9, ap\u00e9ro-ramassage\u2026<\/strong><\/li>\n<\/ul>\n<p style=\"text-align: justify;\">Bref, une vraie carte de l\u2019engagement montpelli\u00e9rain qui a lieu dans plusieurs lieux de la ville, la halle tropisme, mais aussi le campus Triolet, La Base, le jardin des plantes et bien d&rsquo;autres&#8230;<strong> Le programme complet,<\/strong><a href=\"https:\/\/2030festival.org\/programmation\/\" rel=\"noopener\" target=\"_blank\"> c&rsquo;est par ici !<\/a><\/p>\n<p style=\"text-align: justify;\">\u00a0<\/p>\n<p><strong>3) Deux soir\u00e9es \u00e0 la Halle Tropisme<\/strong><\/p>\n<p style=\"text-align: justify;\"><strong>5 d\u00e9cembre :<\/strong> <a href=\"https:\/\/www.wecheers.app\/event\/e3863fcf-24f2-488d-9090-c6f330832007\" rel=\"noopener\" target=\"_blank\">Dragnini + Kiddy Smile<\/a><\/p>\n<p style=\"text-align: justify;\">Dragshows, tenues upcycl\u00e9es, performances travaill\u00e9es pour l\u2019occasion. Une soir\u00e9e inclusive et explosive.<\/p>\n<p style=\"text-align: justify;\"><strong>6 d\u00e9cembre :<\/strong> <a href=\"https:\/\/www.wecheers.app\/event\/1ebf44f7-7904-4750-99ab-38ea8563e2a6\" rel=\"noopener\" target=\"_blank\">Rap et Electro<\/a><\/p>\n<p style=\"text-align: justify;\">Sameer Ahmad, Gen, Okis, Mani De\u00efz, Nova du collectif No Name. Une soir\u00e9e rap pens\u00e9e avec la sc\u00e8ne locale.<\/p>\n<p style=\"text-align: justify;\">\u00a0<\/p>\n<p><strong>Pourquoi \u201c2030\u201d ?<\/strong><\/p>\n<p style=\"text-align: justify;\">\u00a0<\/p>\n<p style=\"text-align: justify;\">Parce que le festival s\u2019est fix\u00e9 un horizon : 2030, moment du bilan.<\/p>\n<p style=\"text-align: justify;\">D\u2019ici l\u00e0, l\u2019objectif est de tester, d\u2019exp\u00e9rimenter, d\u2019impliquer les habitants et de transformer la ville. En 2030, on regarde ce qui a r\u00e9ellement chang\u00e9.<\/p>\n<p style=\"text-align: justify;\">\u00a0<\/p>\n<p><strong>Un mouvement collectif<\/strong><\/p>\n<p style=\"text-align: justify;\">\u00a0<\/p>\n<p style=\"text-align: justify;\">Derri\u00e8re le festival : une quinzaine de b\u00e9n\u00e9voles, trois associations partenaires (Station Transition, C.L.O.P.E, L\u2019\u00cele des Possibles), et la banque \u00e9thique La Nef.<\/p>\n<p style=\"text-align: justify;\">\u00a0<\/p>\n<p><strong>Infos pratiques<\/strong><\/p>\n<p style=\"text-align: justify;\">\u00a0<\/p>\n<p><strong>Billets :<\/strong><\/p>\n<p style=\"text-align: justify;\">Tarifs pour les soir\u00e9es concert : billetterie classique, tarif \u00e9tudiant \u00e0 5 \u20ac, paiement en monnaie locale \u201cla graine\u201d.\u00a0<\/p>\n","protected":false},"excerpt":{"rendered":"Un festival en trois temps \u00a0 Pierre explique le fonctionnement comme un triptyque : L\u2019action concr\u00e8te : ramassages&hellip;\n","protected":false},"author":2,"featured_media":566248,"comment_status":"","ping_status":"","sticky":false,"template":"","format":"standard","meta":{"footnotes":""},"categories":[9599],"tags":[68154,68155,1111,11,4733,15089,4156,251,51,24794,1777,674,68160,1011,27,63430,68158,68161,64071,2208,12,2680,68159,25,68157,68156,29163,68153],"class_list":{"0":"post-566247","1":"post","2":"type-post","3":"status-publish","4":"format-standard","5":"has-post-thumbnail","7":"category-montpellier","8":"tag-2030-festival","9":"tag-action-collective","10":"tag-actu","11":"tag-actualites","12":"tag-associations","13":"tag-benevoles","14":"tag-concerts","15":"tag-culture","16":"tag-ecologie","17":"tag-engagement","18":"tag-eu","19":"tag-europe","20":"tag-experimentation-sociale","21":"tag-fr","22":"tag-france","23":"tag-halle-tropisme","24":"tag-inclusivite","25":"tag-mobilisation-citoyenne","26":"tag-monnaie-locale","27":"tag-montpellier","28":"tag-news","29":"tag-occitanie","30":"tag-performances-artistiques","31":"tag-republique-francaise","32":"tag-scene-locale","33":"tag-sustainable-events","34":"tag-transformation-urbaine","35":"tag-yann-tiersen"},"share_on_mastodon":{"url":"https:\/\/pubeurope.com\/@fr\/115631975588908455","error":""},"_links":{"self":[{"href":"https:\/\/www.europesays.com\/fr\/wp-json\/wp\/v2\/posts\/566247","targetHints":{"allow":["GET"]}}],"collection":[{"href":"https:\/\/www.europesays.com\/fr\/wp-json\/wp\/v2\/posts"}],"about":[{"href":"https:\/\/www.europesays.com\/fr\/wp-json\/wp\/v2\/types\/post"}],"author":[{"embeddable":true,"href":"https:\/\/www.europesays.com\/fr\/wp-json\/wp\/v2\/users\/2"}],"replies":[{"embeddable":true,"href":"https:\/\/www.europesays.com\/fr\/wp-json\/wp\/v2\/comments?post=566247"}],"version-history":[{"count":0,"href":"https:\/\/www.europesays.com\/fr\/wp-json\/wp\/v2\/posts\/566247\/revisions"}],"wp:featuredmedia":[{"embeddable":true,"href":"https:\/\/www.europesays.com\/fr\/wp-json\/wp\/v2\/media\/566248"}],"wp:attachment":[{"href":"https:\/\/www.europesays.com\/fr\/wp-json\/wp\/v2\/media?parent=566247"}],"wp:term":[{"taxonomy":"category","embeddable":true,"href":"https:\/\/www.europesays.com\/fr\/wp-json\/wp\/v2\/categories?post=566247"},{"taxonomy":"post_tag","embeddable":true,"href":"https:\/\/www.europesays.com\/fr\/wp-json\/wp\/v2\/tags?post=566247"}],"curies":[{"name":"wp","href":"https:\/\/api.w.org\/{rel}","templated":true}]}}