{"id":566251,"date":"2025-11-29T08:13:34","date_gmt":"2025-11-29T08:13:34","guid":{"rendered":"https:\/\/www.europesays.com\/fr\/566251\/"},"modified":"2025-11-29T08:13:34","modified_gmt":"2025-11-29T08:13:34","slug":"la-dame-de-pierre-a-zenith-rouen-2026","status":"publish","type":"post","link":"https:\/\/www.europesays.com\/fr\/566251\/","title":{"rendered":"La Dame de Pierre \u00e0 Z\u00e9nith Rouen 2026"},"content":{"rendered":"<p class=\"intro\">La Dame de Pierre fait escale au Z\u00e9nith de Rouen le dimanche 27 septembre 2026 \u00e0 18h. Ce spectacle hommage \u00e0 Notre-Dame de Paris r\u00e9unit plus d&rsquo;une centaine d&rsquo;artistes pour raconter l&rsquo;histoire l\u00e9gendaire du c\u00e9l\u00e8bre monument. \u00c9crit et mis en sc\u00e8ne par Corentin Stemler sur une musique originale de Richard Liegeois, ce spectacle grandiose m\u00eale effets sp\u00e9ciaux et mise en sc\u00e8ne \u00e9poustouflante. Billetterie ouverte d\u00e8s maintenant pour cette repr\u00e9sentation unique dans la m\u00e9tropole rouennaise.<\/p>\n<p>\u00c0 Rouen, La Dame de Pierre investit la sc\u00e8ne du Z\u00e9nith pour un spectacle grandiose<\/p>\n<p>Cette cr\u00e9ation originale plonge les spectateurs au c\u0153ur de l&rsquo;\u00e9pop\u00e9e des b\u00e2tisseurs de Notre-Dame de Paris. <strong>Plus d&rsquo;une centaine d&rsquo;artistes<\/strong> donnent vie aux personnages illustres qui ont fa\u00e7onn\u00e9 la cath\u00e9drale, r\u00e9v\u00e9lant leurs histoires et leurs myst\u00e8res \u00e0 travers un r\u00e9cit captivant. La Dame de Pierre spectacle au Z\u00e9nith de Rouen promet une immersion totale dans les grandes heures du monument.<\/p>\n<p><img decoding=\"async\" loading=\"lazy\" src=\"https:\/\/www.europesays.com\/fr\/wp-content\/uploads\/2025\/11\/la-dame-de-pierre-tickets_335418_2878960_222x222.jpg\" alt=\"La Dame de Pierre - Tourn\u00e9e\" class=\"border\"\/><\/p>\n<p>Produite par Symphonia Productions, cette \u0153uvre combine <strong>musique originale et effets sp\u00e9ciaux<\/strong> pour cr\u00e9er une exp\u00e9rience sc\u00e9nique unique. La r\u00e9gion de Haute-Normandie accueille ainsi un \u00e9v\u00e9nement culturel majeur qui c\u00e9l\u00e8bre l&rsquo;art et l&rsquo;histoire. Les amateurs de <a href=\"https:\/\/www.jds.fr\/rouen\/agenda\/sorties-culturelles-spectacles-expositions-cinema-470_B\" target=\"_blank\" rel=\"noopener\">spectacles \u00e0 Rouen<\/a> pourront d\u00e9couvrir cette cr\u00e9ation exceptionnelle dans un cadre adapt\u00e9 aux grandes productions.<\/p>\n<p>Billetterie pour La Dame de Pierre au Z\u00e9nith de Rouen<\/p>\n<p><a class=\"btn btn-lg shadow-lg btn-primary rounded-pill fnac_link\" data-fnac=\"in_article\" href=\"https:\/\/www.awin1.com\/pclick.php?p=43313017780&amp;a=634278&amp;m=12494&amp;clickref=in_article-A-desktop\" target=\"_blank\" rel=\"nofollow noopener\"> Acheter des billets<\/a><\/p>\n<p>Au Z\u00e9nith de Rouen, les <strong>billets sont propos\u00e9s de 35\u00a0\u20ac \u00e0 150\u00a0\u20ac<\/strong> pour ce spectacle attendu. Face \u00e0 la popularit\u00e9 grandissante de cette cr\u00e9ation originale et \u00e0 la capacit\u00e9 limit\u00e9e de la salle, il est recommand\u00e9 de <strong>r\u00e9server rapidement<\/strong> ses places. Les <strong>prix<\/strong> varient selon l&#8217;emplacement choisi pour profiter pleinement de cette mise en sc\u00e8ne grandiose.<\/p>\n<p>Comment se rendre au Z\u00e9nith de Rouen\u00a0?<\/p>\n<p>Situ\u00e9 au Grand-Quevilly dans l&rsquo;agglom\u00e9ration rouennaise, le <a href=\"https:\/\/www.jds.fr\/rouen\/le-grand-quevilly\/salle-de-concert-et-de-spectacle\/zenith-de-rouen-15867_L\" target=\"_blank\" rel=\"noopener\">Z\u00e9nith de Rouen<\/a> b\u00e9n\u00e9ficie d&rsquo;un acc\u00e8s privil\u00e9gi\u00e9 par tous les moyens de transport. <strong>En voiture<\/strong>, comptez 1h15 depuis Paris via l&rsquo;A13, ou seulement 10 minutes depuis Barentin via l&rsquo;A15. Un <strong>parking gratuit de 4 200 places<\/strong> est disponible, bien qu&rsquo;il soit recommand\u00e9 d&rsquo;anticiper en raison de travaux partiels.<\/p>\n<p><strong>Les transports en commun<\/strong> desservent efficacement le site avec l&rsquo;arr\u00eat\u00a0\u00ab\u00a0Z\u00e9nith\/Parc Expo\u00a0\u00bb. Les <strong>lignes T4 et F6<\/strong> circulent fr\u00e9quemment jusqu&rsquo;\u00e0 minuit, avec des passages toutes les 8 \u00e0 10 minutes aux heures de pointe. Des <strong>navettes sp\u00e9ciales<\/strong> sont organis\u00e9es 20 minutes apr\u00e8s chaque spectacle pour faciliter les retours nocturnes via le r\u00e9seau Noctambus.<\/p>\n<p class=\"mise_en_avant\">Notre conseil\u00a0: privil\u00e9giez les transports en commun avec les lignes T4 ou F6 qui vous d\u00e9posent directement devant le Z\u00e9nith, \u00e9vitant ainsi les contraintes de stationnement.<\/p>\n<p>Apr\u00e8s La Dame de Pierre, le Z\u00e9nith de Rouen accueillera <a href=\"https:\/\/www.jds.fr\/rouen\/spectacles\/humour\/the-jeff-panacloc-company-tournee-703590_A\" target=\"_blank\" rel=\"noopener\">The Jeff Panacloc Company au Z\u00e9nith<\/a> dans le cadre de sa tourn\u00e9e, offrant aux spectateurs rouennais une nouvelle occasion de d\u00e9couvrir les talents de cette salle embl\u00e9matique de la r\u00e9gion.<\/p>\n","protected":false},"excerpt":{"rendered":"La Dame de Pierre fait escale au Z\u00e9nith de Rouen le dimanche 27 septembre 2026 \u00e0 18h. Ce&hellip;\n","protected":false},"author":2,"featured_media":566252,"comment_status":"","ping_status":"","sticky":false,"template":"","format":"standard","meta":{"footnotes":""},"categories":[9587],"tags":[1111,11,1777,674,1011,27,12,5161,25,9590],"class_list":{"0":"post-566251","1":"post","2":"type-post","3":"status-publish","4":"format-standard","5":"has-post-thumbnail","7":"category-rouen","8":"tag-actu","9":"tag-actualites","10":"tag-eu","11":"tag-europe","12":"tag-fr","13":"tag-france","14":"tag-news","15":"tag-normandie","16":"tag-republique-francaise","17":"tag-rouen"},"share_on_mastodon":{"url":"https:\/\/pubeurope.com\/@fr\/115631988135746212","error":""},"_links":{"self":[{"href":"https:\/\/www.europesays.com\/fr\/wp-json\/wp\/v2\/posts\/566251","targetHints":{"allow":["GET"]}}],"collection":[{"href":"https:\/\/www.europesays.com\/fr\/wp-json\/wp\/v2\/posts"}],"about":[{"href":"https:\/\/www.europesays.com\/fr\/wp-json\/wp\/v2\/types\/post"}],"author":[{"embeddable":true,"href":"https:\/\/www.europesays.com\/fr\/wp-json\/wp\/v2\/users\/2"}],"replies":[{"embeddable":true,"href":"https:\/\/www.europesays.com\/fr\/wp-json\/wp\/v2\/comments?post=566251"}],"version-history":[{"count":0,"href":"https:\/\/www.europesays.com\/fr\/wp-json\/wp\/v2\/posts\/566251\/revisions"}],"wp:featuredmedia":[{"embeddable":true,"href":"https:\/\/www.europesays.com\/fr\/wp-json\/wp\/v2\/media\/566252"}],"wp:attachment":[{"href":"https:\/\/www.europesays.com\/fr\/wp-json\/wp\/v2\/media?parent=566251"}],"wp:term":[{"taxonomy":"category","embeddable":true,"href":"https:\/\/www.europesays.com\/fr\/wp-json\/wp\/v2\/categories?post=566251"},{"taxonomy":"post_tag","embeddable":true,"href":"https:\/\/www.europesays.com\/fr\/wp-json\/wp\/v2\/tags?post=566251"}],"curies":[{"name":"wp","href":"https:\/\/api.w.org\/{rel}","templated":true}]}}