{"id":566253,"date":"2025-11-29T08:16:11","date_gmt":"2025-11-29T08:16:11","guid":{"rendered":"https:\/\/www.europesays.com\/fr\/566253\/"},"modified":"2025-11-29T08:16:11","modified_gmt":"2025-11-29T08:16:11","slug":"elite-masculine-le-vb-arles-doit-se-montrer-dattaque-a-domicile-a-face-a-grenoble","status":"publish","type":"post","link":"https:\/\/www.europesays.com\/fr\/566253\/","title":{"rendered":"\u00c9lite masculine : le VB Arles doit se montrer d&rsquo;attaque \u00e0 domicile \u00e0 face \u00e0 Grenoble"},"content":{"rendered":"<p>Sur la route escarp\u00e9e du maintien, <a href=\"https:\/\/www.laprovence.com\/article\/sports\/28829257813825\/volley-elite-masculine-arles-s-en-sort-encore-sur-le-fil-contre-amiens-lanterne-rouge\" target=\"_blank\" rel=\"noopener\">le VB Arles<\/a> cahote. Positionn\u00e9 au dixi\u00e8me rang et affichant un solde n\u00e9gatif avec neuf points engrang\u00e9s en autant de rencontres, le collectif proven\u00e7al est r\u00e9guli\u00e8rement secou\u00e9 par des soubresauts. En d\u00e9tail, cela se traduit par quatre victoires et cinq d\u00e9faites depuis leur dernier revers (1-3) conc\u00e9d\u00e9 \u00e0 Conflans-AJVB. Le temps presse pour les partenaires de Julien Prigent d\u00e9sormais en p\u00e2le position, lesquels regardent le podium \u00e0 la longue-vue.<\/p>\n<p>Et \u00e0 l\u2019heure de recevoir leur concurrent direct Grenoble en avance de deux unit\u00e9s sur la grille, leur mission rel\u00e8ve d\u2019un imp\u00e9ratif : s\u2019imposer, d\u00e9j\u00e0 pour briser la spirale n\u00e9gative marqu\u00e9e par deux d\u00e9faites cons\u00e9cutives. Et relancer la machine surtout avant un p\u00e9rilleux d\u00e9placement chez le coleader Harnes, la semaine prochaine. Mais chaque chose en son temps. L\u2019obstacle is\u00e9rois pointe et les joueurs dirig\u00e9s par Cl\u00e9ment Arnaud sont tenus de l\u2019enjamber sans marquer d\u2019appr\u00e9hension et sans manquer de pr\u00e9cision. Comme notamment lors de la venue de l\u2019autre premier de la classe Maizi\u00e8res, match en l\u2019occurrence marqu\u00e9 par maintes s\u00e9quences relevant d\u2019un film d\u2019erreurs, au verdict d\u00e9favorable (1-3).<\/p>\n<p>Plus de tranchant offensif<\/p>\n<p>Face aux Grenoblois battus r\u00e9cemment dans leur salle par la lanterne rouge Amiens (2-3), <a href=\"https:\/\/www.laprovence.com\/article\/sports\/1055039546691915\/volley-elite-masculine-succes-imperatif-pour-le-vb-arles-a-conflans\" target=\"_blank\" rel=\"noopener\">les Arl\u00e9siens<\/a> doivent inclure plus d\u2019intensit\u00e9 \u00e0 leur production. Avec une coh\u00e9sion sans faille afin de museler des adversaires revanchards apr\u00e8s leur dernier faux pas \u00e0 domicile. \u00ab\u00a0Comptablement c\u2019est vrai, nous ne sommes pas dans une situation confortable, estime le central Ga\u00ebl Rous. Et une r\u00e9action de notre part est urgente. C\u2019est notamment au plan offensif que l\u2019on doit se montrer plus percutant, en d\u00e9veloppant un jeu plus coordonn\u00e9 et tranchant dans sa conclusion.\u00a0\u00bb<\/p>\n<p>Propos rassurants. Lesquels indiquent en creux l\u2019heure de la remobilisation du VBA. Pour autant les incertitudes planant sur la participation de Sem Dolegombai (central) et de Lo\u00efc Alphonse (pointu), souffrant respectivement de douleurs dorsales et \u00e0 la hanche, compliquent les plans du technicien arl\u00e9sien. \u00ab\u00a0Nous cherchons des solutions pour redonner du souffle et de l\u2019\u00e9lan \u00e0 notre jeu offensif \u00ab\u00a0, indique-t-il. Cette situation conduit l\u2019entra\u00eeneur du VBA \u00e0 certains r\u00e9ajustements tactiques obligatoires, afin de tenir le coup face \u00e0 un rival qui ne marquera pas d\u2019exploiter toutes les opportunit\u00e9s pour faire douter encore plus les Arl\u00e9siens. Ainsi il est fort probable ce soir de voir \u00e9voluer Nathan Spano au poste de \u00ab\u00a0pointu\u00a0\u00bb. Avec le d\u00e9part de Faipule Kolokilagi pour la Cit\u00e9 papale \u00e0 l\u2019intersaison, le VBA est donc priv\u00e9 d\u2019un atout strat\u00e9gique et encha\u00eene depuis les prestations offensives, au mieux timor\u00e9es.<\/p>\n<p>\u00ab\u00a0L\u2019objectif assign\u00e9 aux joueurs par le pr\u00e9sident David Saluzzi et le comit\u00e9 directeur est de finir entre la sixi\u00e8me et la dixi\u00e8me place sur un total de quatorze concurrents, explique le manager g\u00e9n\u00e9ral du VBA, Thomas Draghici. Et ce d\u00e9fi est loin d\u2019\u00eatre insurmontable m\u00eame si l\u2019\u00e9quipe conna\u00eet un l\u00e9ger passage \u00e0 vide. C\u2019est l\u2019heure de la remobilisation. Et les joueurs ne fuitent pas leurs responsabilit\u00e9s. Ils sont surtout r\u00e9solus \u00e0 se racheter aux yeux de nos supporters. Il ne faut pas tra\u00eener et se relancer imm\u00e9diatement.\u00a0\u00bb<\/p>\n<p>Le chemin \u00e0 suivre du VBA est trac\u00e9. M\u00e9fi. Toute sortie de route est \u00e0 exclure.<\/p>\n<p>\u00c0 20 h, gymnase Fournier.<\/p>\n","protected":false},"excerpt":{"rendered":"Sur la route escarp\u00e9e du maintien, le VB Arles cahote. Positionn\u00e9 au dixi\u00e8me rang et affichant un solde&hellip;\n","protected":false},"author":2,"featured_media":566254,"comment_status":"","ping_status":"","sticky":false,"template":"","format":"standard","meta":{"footnotes":""},"categories":[9566],"tags":[17,1111,11,9417,2430,22384,5404,1773,1777,674,1011,27,2731,1774,28035,12,25,60,1470],"class_list":{"0":"post-566253","1":"post","2":"type-post","3":"status-publish","4":"format-standard","5":"has-post-thumbnail","7":"category-grenoble","8":"tag-17","9":"tag-actu","10":"tag-actualites","11":"tag-arles","12":"tag-auvergne-rhone-alpes","13":"tag-dattaque","14":"tag-doit","15":"tag-elite","16":"tag-eu","17":"tag-europe","18":"tag-fr","19":"tag-france","20":"tag-grenoble","21":"tag-masculine","22":"tag-montrer","23":"tag-news","24":"tag-republique-francaise","25":"tag-sports","26":"tag-volley"},"share_on_mastodon":{"url":"https:\/\/pubeurope.com\/@fr\/115631999192545036","error":""},"_links":{"self":[{"href":"https:\/\/www.europesays.com\/fr\/wp-json\/wp\/v2\/posts\/566253","targetHints":{"allow":["GET"]}}],"collection":[{"href":"https:\/\/www.europesays.com\/fr\/wp-json\/wp\/v2\/posts"}],"about":[{"href":"https:\/\/www.europesays.com\/fr\/wp-json\/wp\/v2\/types\/post"}],"author":[{"embeddable":true,"href":"https:\/\/www.europesays.com\/fr\/wp-json\/wp\/v2\/users\/2"}],"replies":[{"embeddable":true,"href":"https:\/\/www.europesays.com\/fr\/wp-json\/wp\/v2\/comments?post=566253"}],"version-history":[{"count":0,"href":"https:\/\/www.europesays.com\/fr\/wp-json\/wp\/v2\/posts\/566253\/revisions"}],"wp:featuredmedia":[{"embeddable":true,"href":"https:\/\/www.europesays.com\/fr\/wp-json\/wp\/v2\/media\/566254"}],"wp:attachment":[{"href":"https:\/\/www.europesays.com\/fr\/wp-json\/wp\/v2\/media?parent=566253"}],"wp:term":[{"taxonomy":"category","embeddable":true,"href":"https:\/\/www.europesays.com\/fr\/wp-json\/wp\/v2\/categories?post=566253"},{"taxonomy":"post_tag","embeddable":true,"href":"https:\/\/www.europesays.com\/fr\/wp-json\/wp\/v2\/tags?post=566253"}],"curies":[{"name":"wp","href":"https:\/\/api.w.org\/{rel}","templated":true}]}}