{"id":566255,"date":"2025-11-29T08:17:22","date_gmt":"2025-11-29T08:17:22","guid":{"rendered":"https:\/\/www.europesays.com\/fr\/566255\/"},"modified":"2025-11-29T08:17:22","modified_gmt":"2025-11-29T08:17:22","slug":"a-rennes-le-marche-des-createurs-de-la-place-hoche-ouvre-avec-46-stands","status":"publish","type":"post","link":"https:\/\/www.europesays.com\/fr\/566255\/","title":{"rendered":"\u00c0 Rennes, le march\u00e9 des cr\u00e9ateurs de la place Hoche ouvre avec 46\u00a0stands"},"content":{"rendered":"<p>Endroit id\u00e9al pour d\u00e9nicher des cadeaux originaux, le march\u00e9 des cr\u00e9ateurs organis\u00e9 par l\u2019association Renn\u2019arts ouvre ses portes vendredi 28\u00a0novembre 2025. Les stands sont install\u00e9s sous un chapiteau, place Hoche, \u00e0 Rennes, jusqu\u2019au 23\u00a0d\u00e9cembre.<\/p>\n<p>C\u2019est devenu un rendez-vous incontournable des f\u00eates de fin d\u2019ann\u00e9e \u00e0 Rennes\u00a0:<a target=\"_self\" href=\"https:\/\/rennes.maville.com\/actu\/actudet_-rennes.-au-marche-des-createurs-des-pepites-uniques-a-glisser-au-pied-du-sapin-_52674-6056256_actu.Htm\" rel=\"noopener\"> le march\u00e9 de cr\u00e9ateurs de la place Hoche<\/a> ouvre ce vendredi 28\u00a0novembre 2025.<\/p>\n<p>Artistes et artisans<\/p>\n<p>L\u2019\u00e9v\u00e9nement est organis\u00e9 par l\u2019association Renn\u2019arts depuis 1999. Sur place, 46\u00a0artistes et artisans locaux ont install\u00e9 leur stand sous le chapiteau. On y trouve des vitraillistes, c\u00e9ramistes, photographes, maroquiniers, sculpteurs, tisserands mais aussi des bijoux et du textile ou encore des bougies et des couteaux.<\/p>\n<p>Le march\u00e9 des cr\u00e9ateurs sera ouvert tous les jours jusqu\u2019au 23\u00a0d\u00e9cembre 2025, de 10\u00a0h \u00e0 19\u00a0h, et un peu plus tard le week-end. Acc\u00e8s libre.<\/p>\n<p>\u00c0 noter \u00e9galement l\u2019ouverture samedi 29\u00a0novembre <a target=\"_self\" href=\"https:\/\/rennes.maville.com\/actu\/actudet_-sapin-geant-villages-de-lutins-son-et-lumiere-rennes-a-lance-ses-illuminations-de-noel-_52674-6576967_actu.Htm\" rel=\"noopener\">du village de No\u00ebl de la place du Parlement,<\/a> de 12\u00a0h \u00e0 21\u00a0h tous les jours sauf les 24 et 31\u00a0d\u00e9cembre de 12\u00a0h \u00e0 19\u00a0h, et le 25\u00a0d\u00e9cembre et le 1er\u00a0janvier de 15\u00a0h \u00e0 21\u00a0h).<\/p>\n<p>\u00a0<\/p>\n","protected":false},"excerpt":{"rendered":"Endroit id\u00e9al pour d\u00e9nicher des cadeaux originaux, le march\u00e9 des cr\u00e9ateurs organis\u00e9 par l\u2019association Renn\u2019arts ouvre ses portes&hellip;\n","protected":false},"author":2,"featured_media":566256,"comment_status":"","ping_status":"","sticky":false,"template":"","format":"standard","meta":{"footnotes":""},"categories":[2821],"tags":[68163,1111,11,829,14063,1777,674,1011,27,68162,2089,12,10102,5536,584,25,21924],"class_list":{"0":"post-566255","1":"post","2":"type-post","3":"status-publish","4":"format-standard","5":"has-post-thumbnail","7":"category-rennes","8":"tag-68163","9":"tag-actu","10":"tag-actualites","11":"tag-bretagne","12":"tag-createurs","13":"tag-eu","14":"tag-europe","15":"tag-fr","16":"tag-france","17":"tag-hoche","18":"tag-marche","19":"tag-news","20":"tag-ouvre","21":"tag-place","22":"tag-rennes","23":"tag-republique-francaise","24":"tag-stands"},"share_on_mastodon":{"url":"https:\/\/pubeurope.com\/@fr\/115632003175474080","error":""},"_links":{"self":[{"href":"https:\/\/www.europesays.com\/fr\/wp-json\/wp\/v2\/posts\/566255","targetHints":{"allow":["GET"]}}],"collection":[{"href":"https:\/\/www.europesays.com\/fr\/wp-json\/wp\/v2\/posts"}],"about":[{"href":"https:\/\/www.europesays.com\/fr\/wp-json\/wp\/v2\/types\/post"}],"author":[{"embeddable":true,"href":"https:\/\/www.europesays.com\/fr\/wp-json\/wp\/v2\/users\/2"}],"replies":[{"embeddable":true,"href":"https:\/\/www.europesays.com\/fr\/wp-json\/wp\/v2\/comments?post=566255"}],"version-history":[{"count":0,"href":"https:\/\/www.europesays.com\/fr\/wp-json\/wp\/v2\/posts\/566255\/revisions"}],"wp:featuredmedia":[{"embeddable":true,"href":"https:\/\/www.europesays.com\/fr\/wp-json\/wp\/v2\/media\/566256"}],"wp:attachment":[{"href":"https:\/\/www.europesays.com\/fr\/wp-json\/wp\/v2\/media?parent=566255"}],"wp:term":[{"taxonomy":"category","embeddable":true,"href":"https:\/\/www.europesays.com\/fr\/wp-json\/wp\/v2\/categories?post=566255"},{"taxonomy":"post_tag","embeddable":true,"href":"https:\/\/www.europesays.com\/fr\/wp-json\/wp\/v2\/tags?post=566255"}],"curies":[{"name":"wp","href":"https:\/\/api.w.org\/{rel}","templated":true}]}}