{"id":566257,"date":"2025-11-29T08:18:12","date_gmt":"2025-11-29T08:18:12","guid":{"rendered":"https:\/\/www.europesays.com\/fr\/566257\/"},"modified":"2025-11-29T08:18:12","modified_gmt":"2025-11-29T08:18:12","slug":"le-detenu-qui-setait-evade-du-planetarium-sera-juge-des-lundi","status":"publish","type":"post","link":"https:\/\/www.europesays.com\/fr\/566257\/","title":{"rendered":"Le d\u00e9tenu qui s\u2019\u00e9tait \u00e9vad\u00e9 du plan\u00e9tarium sera jug\u00e9 d\u00e8s lundi"},"content":{"rendered":"<p>La justice ne veut pas laisser tra\u00eener cette affaire embarrassante. Au lendemain de <a href=\"https:\/\/www.20minutes.fr\/faits_divers\/faits-divers-rennes\/4188389-20251127-rennes-detenu-evade-lors-sortie-planetarium-interpelle-nantes\" class=\"c-link c-link--is-underlined\" target=\"_blank\" rel=\"noopener\">son interpellation dans un camp de gens du voyage de Nantes<\/a> (Loire-Atlantique), le d\u00e9tenu qui s\u2019\u00e9tait \u00e9vad\u00e9 lors d\u2019une sortie au plan\u00e9tarium de Rennes a \u00e9t\u00e9 pr\u00e9sent\u00e9 \u00e0 un juge. Le parquet de Rennes a saisi le tribunal correctionnel afin qu\u2019\u00c9mile, alias Gino, soit jug\u00e9 en comparution imm\u00e9diate d\u00e8s lundi 1er\u00a0d\u00e9cembre.<\/p>\n<p>Une proc\u00e9dure acc\u00e9l\u00e9r\u00e9e qui permettra \u00e0 la justice de juger rapidement cet homme de 37 ans qui s\u2019\u00e9tait fait la malle lors d\u2019une sortie le 14\u00a0novembre. En attendant son proc\u00e8s, dont il pourra demander le renvoi, Gino est retourn\u00e9 en prison, a annonc\u00e9 le procureur de la R\u00e9publique Fr\u00e9d\u00e9ric Teillet.<\/p>\n<\/p>\n<p>Incarc\u00e9r\u00e9 \u00e0 Rennes-Vezin pour de multiples faits de vol en bande organis\u00e9e, le d\u00e9tenu avait profit\u00e9 d\u2019une sortie au plan\u00e9tarium pour s\u2019\u00e9chapper. Il aura fallu pr\u00e8s de quinze jours aux enqu\u00eateurs pour le retrouver. Les policiers l\u2019avaient rep\u00e9r\u00e9 dans un terrain de gens du voyage \u00e0 Nantes et l\u2019ont coinc\u00e9 jeudi apr\u00e8s-midi. <a href=\"https:\/\/www.ouest-france.fr\/societe\/faits-divers\/complices-refus-dobtemperer-interpellation-dans-les-ronces-dans-les-coulisses-de-la-traque-de-levade-de-rennes-a959de58-cc48-11f0-82ad-c76f6b87fd49\" target=\"_blank\" class=\"c-link c-link--is-underlined\" rel=\"noopener\">D\u2019apr\u00e8s Ouest-France<\/a>, il avait tent\u00e9 de prendre la fuite \u00e0 pied mais avait \u00e9t\u00e9 bloqu\u00e9 dans des ronces. Pr\u00e9sent sur place, son fr\u00e8re, \u00e9galement recherch\u00e9, avait \u00e9t\u00e9 interpell\u00e9.<\/p>\n<p>D\u00e9j\u00e0 plusieurs \u00e9vasions pour lui<\/p>\n<p>L\u2019affaire avait fait grand bruit et avait co\u00fbt\u00e9 son poste au directeur de la prison de Rennes. Le ministre de la Justice G\u00e9rald Darmanin \u00e9tait mont\u00e9 au cr\u00e9neau pour d\u00e9noncer ces sorties autoris\u00e9es. D\u2019autant que ce n\u2019\u00e9tait pas la premi\u00e8re cavale de ce d\u00e9tenu. D\u2019apr\u00e8s Le Parisien, Gino s\u2019\u00e9tait d\u00e9j\u00e0 \u00e9chapp\u00e9 <a href=\"https:\/\/www.20minutes.fr\/faits_divers\/4187728-20251125-rennes-detenu-cavale-apres-sortie-planetarium-deja-evade-trois-fois\" class=\"c-link c-link--is-underlined\" target=\"_blank\" rel=\"noopener\">\u00ab\u00a0au moins trois fois\u00a0\u00bb avant les faits<\/a>.<\/p>\n<p>La pression autour de la s\u00e9curisation des d\u00e9tenus n\u2019a fait que grimper depuis, notamment avec l\u2019\u00e9vasion spectaculaire de deux d\u00e9tenus de la prison de Dijon (C\u00f4te-d\u2019Or), qui ont sci\u00e9 les barreaux de leur cellule. L\u2019un d\u2019entre eux <a href=\"https:\/\/www.20minutes.fr\/faits_divers\/4188489-20251128-dijon-deux-detenus-evade-prison-retrouve\" class=\"c-link c-link--is-underlined\" target=\"_blank\" rel=\"noopener\">a \u00e9t\u00e9 retrouv\u00e9 vendredi, \u00e0 la terrasse d\u2019un caf\u00e9<\/a>. Le deuxi\u00e8me fugitif, jug\u00e9 \u00ab\u00a0dangereux\u00a0\u00bb, est toujours en libert\u00e9.<\/p>\n","protected":false},"excerpt":{"rendered":"La justice ne veut pas laisser tra\u00eener cette affaire embarrassante. Au lendemain de son interpellation dans un camp&hellip;\n","protected":false},"author":2,"featured_media":566258,"comment_status":"","ping_status":"","sticky":false,"template":"","format":"standard","meta":{"footnotes":""},"categories":[2821],"tags":[1111,47,11,829,31908,17316,1777,674,3727,118,6944,7641,1011,27,432,848,303,3047,766,12,2636,806,807,584,25],"class_list":{"0":"post-566257","1":"post","2":"type-post","3":"status-publish","4":"format-standard","5":"has-post-thumbnail","7":"category-rennes","8":"tag-actu","9":"tag-actualite","10":"tag-actualites","11":"tag-bretagne","12":"tag-cavale","13":"tag-detenus","14":"tag-eu","15":"tag-europe","16":"tag-evasion","17":"tag-faits-divers","18":"tag-faits-divers-nantes","19":"tag-faits-divers-rennes","20":"tag-fr","21":"tag-france","22":"tag-gerald-darmanin","23":"tag-ille-et-vilaine","24":"tag-justice","25":"tag-loire-atlantique","26":"tag-nantes","27":"tag-news","28":"tag-pays-de-la-loire","29":"tag-prison","30":"tag-prisonniers","31":"tag-rennes","32":"tag-republique-francaise"},"share_on_mastodon":{"url":"https:\/\/pubeurope.com\/@fr\/115632007412166132","error":""},"_links":{"self":[{"href":"https:\/\/www.europesays.com\/fr\/wp-json\/wp\/v2\/posts\/566257","targetHints":{"allow":["GET"]}}],"collection":[{"href":"https:\/\/www.europesays.com\/fr\/wp-json\/wp\/v2\/posts"}],"about":[{"href":"https:\/\/www.europesays.com\/fr\/wp-json\/wp\/v2\/types\/post"}],"author":[{"embeddable":true,"href":"https:\/\/www.europesays.com\/fr\/wp-json\/wp\/v2\/users\/2"}],"replies":[{"embeddable":true,"href":"https:\/\/www.europesays.com\/fr\/wp-json\/wp\/v2\/comments?post=566257"}],"version-history":[{"count":0,"href":"https:\/\/www.europesays.com\/fr\/wp-json\/wp\/v2\/posts\/566257\/revisions"}],"wp:featuredmedia":[{"embeddable":true,"href":"https:\/\/www.europesays.com\/fr\/wp-json\/wp\/v2\/media\/566258"}],"wp:attachment":[{"href":"https:\/\/www.europesays.com\/fr\/wp-json\/wp\/v2\/media?parent=566257"}],"wp:term":[{"taxonomy":"category","embeddable":true,"href":"https:\/\/www.europesays.com\/fr\/wp-json\/wp\/v2\/categories?post=566257"},{"taxonomy":"post_tag","embeddable":true,"href":"https:\/\/www.europesays.com\/fr\/wp-json\/wp\/v2\/tags?post=566257"}],"curies":[{"name":"wp","href":"https:\/\/api.w.org\/{rel}","templated":true}]}}