{"id":566259,"date":"2025-11-29T08:19:27","date_gmt":"2025-11-29T08:19:27","guid":{"rendered":"https:\/\/www.europesays.com\/fr\/566259\/"},"modified":"2025-11-29T08:19:27","modified_gmt":"2025-11-29T08:19:27","slug":"strasbourg-notre-selection-de-sept-marches-de-noel-alternatifs","status":"publish","type":"post","link":"https:\/\/www.europesays.com\/fr\/566259\/","title":{"rendered":"Strasbourg. Notre s\u00e9lection de sept march\u00e9s de No\u00ebl alternatifs"},"content":{"rendered":"<p class=\"wp-block-post-excerpt__excerpt\">Face \u00e0 la cohue et au bruit du monde, Rue89 Strasbourg ne vous laisse pas seul\u00b7e. Retrouvez ci-dessous une s\u00e9lection de march\u00e9s de No\u00ebl alternatifs, pleine de cr\u00e9atrices, d\u2019illustrateurs et de plasticiennes locales. <\/p>\n<p class=\"font-sans\">\n\t\t\tCet article est en acc\u00e8s libre. Pour soutenir Rue89 Strasbourg,<br \/>\n\t\t\t<a class=\"underline\" href=\"https:\/\/www.rue89strasbourg.com\/abonnement\" target=\"_blank\" rel=\"noopener\">abonnez-vous<\/a>.\n\t\t<\/p>\n<p>Le ou la stagiaire<\/p>\n<p>Publi\u00e9 le 29 novembre 2025\u00a0\u00a0\u00b7\u00a0\u00a0<\/p>\n<p>Imprim\u00e9 le 29 novembre 2025 \u00e0 09h17\u00a0\u00a0\u00b7\u00a0\u00a0<\/p>\n<p>\t\t\t\t\t4\u00a0minutes\n<\/p>\n<p>Les Chinois, les Japonais et les Am\u00e9ricains se ruent au centre-ville de Strasbourg pour arpenter les chalets du March\u00e9 de No\u00ebl et s\u2019abreuver de vin chaud tout au long du mois de d\u00e9cembre. Mais les Strasbourgeoises et les Strasbourgois inform\u00e9s, eux, ont de la chance car ils peuvent \u00e9viter les contr\u00f4les, les policiers arm\u00e9s de fusils mitrailleurs, la cohue et les arnaques en se rendant aupr\u00e8s des march\u00e9s de notre s\u00e9lection, pleine de cr\u00e9ateurs ind\u00e9pendants, d\u2019illustratrices de talent et de plasticiennes locales. <\/p>\n<p><a href=\"https:\/\/www.rue89strasbourg.com\/user\/offrez-rue89-strasbourg\" target=\"_blank\" rel=\" noreferrer noopener\"><img loading=\"lazy\" decoding=\"async\" width=\"1940\" height=\"500\" src=\"https:\/\/www.europesays.com\/fr\/wp-content\/uploads\/2025\/11\/banner-970x250px-promo-v2-.png\" alt=\"\" class=\"wp-image-367072\" style=\"object-fit:cover;width:970px;height:250px\"  \/><\/a><\/p>\n<p>Le Mini Markt de La Grenze<\/p>\n<p>La Grenze accueille un march\u00e9 de No\u00ebl avec plus d\u2019une vingtaine d\u2019artistes et des artisans alsaciens dont\u00a0: <\/p>\n<ul class=\"wp-block-list\">\n<li><a href=\"https:\/\/benjaminsalier.fr\/\" target=\"_blank\" rel=\"noreferrer noopener\">Benjamin Salier<\/a> et ses objets en bois local\u00a0: bougeoirs, planches \u00e0 d\u00e9couper, lampes, bancs, le tout made in Marlenheim,<\/li>\n<li><a href=\"https:\/\/www.gorgebleue.fr\/christellediale\" target=\"_blank\" rel=\"noreferrer noopener\">Christelle Diale<\/a> et ses illustrations fantastiques, petits objets imprim\u00e9s, cartes et pin\u2019s,<\/li>\n<li><a href=\"https:\/\/www.instagram.com\/collectif.badaboum\/\" target=\"_blank\" rel=\"noreferrer noopener\">Collectif Badaboum<\/a> et ses illustrations color\u00e9es sur papier et textiles et m\u00eame sur paillassons,<\/li>\n<li><a href=\"https:\/\/www.instagram.com\/granouillejeux\/\" target=\"_blank\" rel=\"noreferrer noopener\">Collectif Six Portions<\/a> avec son jeu de soci\u00e9t\u00e9 micro-\u00e9dit\u00e9, ses illustrations, livres, fanzines et tote-bags,<\/li>\n<li><a href=\"https:\/\/www.daikunoki.com\/\" target=\"_blank\" rel=\"noreferrer noopener\">Daiku No Ki<\/a>, soit Ang\u00e8le Thuault et ses bijoux en pi\u00e8ces de bois travaill\u00e9es \u00e0 la main,<\/li>\n<li><a href=\"https:\/\/www.graine2fenouil.fr\/\" target=\"_blank\" rel=\"noreferrer noopener\">Graine2Fenouil<\/a> et ses cr\u00e9ations textiles et tricots pour aller vers le z\u00e9ro d\u00e9chet \u00e0 partir de tissus recycl\u00e9s\u2026<\/li>\n<\/ul>\n<p>Y <strong>aller<\/strong><\/p>\n<p><strong>Le Mini Markt<\/strong>, samedi 13 et dimanche 14 d\u00e9cembre 2025 de 14h \u00e0 20h \u00e0 La Grenze , 23 rue Georges-Wodli \u00e0 Strasbourg \u2013 Gare. Entr\u00e9e libre.<\/p>\n<p>\t\tLe march\u00e9 Gruber<\/p>\n<p>Le parc Gruber \u00e0 Koenigshoffen accueille un important march\u00e9 de No\u00ebl avec 46 exposants et 14 ateliers d\u2019artistes du parc, ouverts pour l\u2019occasion. L\u2019accent est mis sur les cr\u00e9ations artistiques. Parmi les exposants, il y aura notamment\u00a0:<\/p>\n<p>Y <strong>aller<\/strong><\/p>\n<p><strong>March\u00e9 de No\u00ebl Gruber,<\/strong> les samedis 13, 20 et dimanches 14, 21 d\u00e9cembre 2025 de 11h \u00e0 19h au parc Gruber, 89 et 91 route des Romains \u00e0 Strasbourg \u2013 Koenigshoffen. <a href=\"https:\/\/www.facebook.com\/events\/1416201830180764\" target=\"_blank\" rel=\"noreferrer noopener\"><strong>Liste compl\u00e8te des exposants sur<\/strong> <\/a><strong><a href=\"https:\/\/www.facebook.com\/events\/1416201830180764\" target=\"_blank\" rel=\"noreferrer noopener\">Facebook<\/a>.<\/strong><\/p>\n<p>L\u2019\u00e9dition de No\u00ebl du Maker Land festival<\/p>\n<p>Le Maker Land festival propose une \u00ab\u00a0\u00e9dition de No\u00ebl\u00a0\u00bb o\u00f9 il sera possible de r\u00e9aliser ses propres cr\u00e9ations sous la forme de travaux manuels. Des cadeaux et des cr\u00e9ations uniques seront propos\u00e9s \u00e0 la vente dans une sc\u00e9nographie originale et des sp\u00e9cialit\u00e9s de No\u00ebl locales seront disponibles. De nombreuses associations partenaires du festival sont annonc\u00e9es dont\u00a0:<\/p>\n<p>Y <strong>aller<\/strong><\/p>\n<p><strong>Maker Land festival de No\u00ebl,<\/strong> les samedi 6 et dimanche 7 d\u00e9cembre 2025 de 14h \u00e0 19h aux Ateliers \u00c9clair\u00e9s, 4 rue de la Coop\u00e9rative \u00e0 Strasbourg \u2013 Port du Rhin. Entr\u00e9e libre. <a href=\"https:\/\/www.maker-land.com\/event\/strasbourg\/\" target=\"_blank\" rel=\"noreferrer noopener\">D\u00e9tails sur le site<\/a>.<\/p>\n<p>March\u00e9 de No\u00ebl de la Meinau<\/p>\n<p>L\u2019atelier M33 et l\u2019atelier des Pleines s\u2019associent pour h\u00e9berger un march\u00e9 de No\u00ebl des cr\u00e9ateurs et des cr\u00e9atrices de la Meinau dans le quartier de la Plaine des Bouchers. Une vingtaine d\u2019artisans (cr\u00e9ateurs, photographes, illustrateurs, plasticiennes et artisans) proposeront des \u0153uvres originales pour des cadeaux locaux. Parmi les artistes pr\u00e9sents, il y aura\u00a0:<\/p>\n<p>Le bar proposera aussi des petites restauration de No\u00ebl \u00e0 consommer sur place et des concerts sont programm\u00e9s\u00a0:<\/p>\n<ul class=\"wp-block-list\">\n<li>DJ Set par _polytone_ samedi 6 d\u00e9cembre \u00e0 20h,<\/li>\n<li>Jam \/ Sc\u00e8ne ouverte, dimanche 7 d\u00e9cembre de 17h30-20h,<\/li>\n<li>Concert, samedi 13 d\u00e9cembre \u00e0 18h,<\/li>\n<li>Karaok\u00e9 en continu dimanche 14 d\u00e9cembre. <\/li>\n<\/ul>\n<p>Y <strong>aller<\/strong><\/p>\n<p><strong>March\u00e9 de No\u00ebl des cr\u00e9ateurs de la Meinau<\/strong>, samedi 6 et 13, dimanche 7 et 14 2025 de 14h \u00e0 20h, Atelier M33 au 33 rue du Mar\u00e9chal-Lefebvre \u00e0 Strasbourg \u2013 Meinau. Entr\u00e9e libre. Liste des exposants sur Facebook.<\/p>\n<p><strong><a href=\"https:\/\/www.facebook.com\/events\/33-rue-du-mar%C3%A9chal-lefebvre-strasbourg\/march%C3%A9-de-no%C3%ABl-des-cr%C3%A9ateurices-de-la-meinau\/4240158552864151\/\" target=\"_blank\" rel=\"noopener\">Page Facebook<\/a><\/strong> <\/p>\n<p>March\u00e9 de No\u00ebl Hot\u00b7te Queer<\/p>\n<p>Compos\u00e9e de quatre strasbourgeoise (L\u00e9ah Fontaine, Nadia Sullivan, Noa Den\u00e9 et No\u00ebllie Caussade) l\u2019\u00e9quipe de Hot\u00b7te Queer a organis\u00e9e un march\u00e9 de No\u00ebl avec l\u2019ambition de promouvoir les cr\u00e9ateurs et les cr\u00e9atrices de la communaut\u00e9 LGBTQIA+. Une quinzaine de stands sont programm\u00e9s. Le th\u00e8me de cette \u00e9dition est \u00ab\u00a0sp\u00e9ciale vide-atelier\u00a0\u00bb, pour mettre \u00e0 l\u2019honneur les \u00ab\u00a0anciens ouvrages et parfois imparfaits\u00a0\u00bb \u00e0 \u00ab\u00a0petit prix\u00a0\u00bb. Des ateliers et des tombolas sont pr\u00e9vus. Parmi les artistes pr\u00e9sents, citons\u00a0:<\/p>\n<p>Y <strong>aller<\/strong><\/p>\n<p>\u00ab\u00a0D\u00e9clic D\u00e9clic\u00a0\u00bb, le march\u00e9 de No\u00ebl de la Semencerie<\/p>\n<p>\u00ab\u00a0D\u00e9clic D\u00e9clic\u00a0\u00bb, le march\u00e9 de No\u00ebl des artistes de la Semencerie est d\u00e9plac\u00e9 au Port-du-Rhin en 2025, pendant que l\u2019ancien hangar qui les abrite dans le quartier Laiterie est en travaux. Au programme, une exposition collective, des spectacles d\u00e9jant\u00e9s et de la musique originale. <\/p>\n<p><img loading=\"lazy\" decoding=\"async\" width=\"792\" height=\"1489\" data-id=\"367974\" src=\"https:\/\/www.europesays.com\/fr\/wp-content\/uploads\/2025\/11\/588810035-1460133309331795-3785783705563062553-n-792x1489.jpg\" alt=\"\" class=\"wp-image-367974\"  \/><\/p>\n<p><img loading=\"lazy\" decoding=\"async\" width=\"792\" height=\"1500\" data-id=\"367973\" src=\"https:\/\/www.europesays.com\/fr\/wp-content\/uploads\/2025\/11\/588812328-1460135835998209-8228986507150942205-n-792x1500.jpg\" alt=\"\" class=\"wp-image-367973\"  \/><\/p>\n<p>Y <strong>aller<\/strong><\/p>\n<p><strong>March\u00e9 de No\u00ebl \u00ab\u00a0D\u00e9clic D\u00e9clic\u00a0\u00bb<\/strong> vendredi 5 d\u00e9cembre de 18h \u00e0 22h, samedis 6, 13 et dimanches 7 et 14 d\u00e9cembre de\u00a014h \u00e0 20h, \u00e0 la Basse cour des miracles, 4 rue Huguette-Malbos \u00e0 Strasbourg \u2013 Port du Rhin.<\/p>\n<p>Le Troc\u2019kristkindels\u2019m\u00e4rik<\/p>\n<p>Le Troc\u2019af\u00e9 est enti\u00e8rement reconfigur\u00e9 pour accueillir des artistes et des artisans, diff\u00e9rents selon les week-ends. Sont annonc\u00e9s par exemple\u00a0: <\/p>\n<p>Y <strong>aller<\/strong><\/p>\n<p><strong>Le Troc\u2019kristkindels\u2019m\u00e4rik, <\/strong>samedi 13, 20 et dimanche 14 et 21 d\u00e9cembre au 8 rue du Faubourg-de-Saverne \u00e0 Strasbourg \u2013 Gare.<\/p>\n<p>Vous connaissez d\u2019autres march\u00e9s de No\u00ebl alternatifs\u00a0? N\u2019h\u00e9sitez pas \u00e0 les signaler en commentaires pour que nous puissions les lister dans une prochaine \u00e9dition de cette liste. <\/p>\n<p>Aller <strong>plus loin<\/strong><br \/>\n<script async src=\"\/\/www.instagram.com\/embed.js\"><\/script><\/p>\n","protected":false},"excerpt":{"rendered":"Face \u00e0 la cohue et au bruit du monde, Rue89 Strasbourg ne vous laisse pas seul\u00b7e. Retrouvez ci-dessous&hellip;\n","protected":false},"author":2,"featured_media":566260,"comment_status":"","ping_status":"","sticky":false,"template":"","format":"standard","meta":{"footnotes":""},"categories":[2820],"tags":[1111,11,1777,674,1011,27,775,68164,15195,68165,36053,12,25,640,68166],"class_list":{"0":"post-566259","1":"post","2":"type-post","3":"status-publish","4":"format-standard","5":"has-post-thumbnail","7":"category-strasbourg","8":"tag-actu","9":"tag-actualites","10":"tag-eu","11":"tag-europe","12":"tag-fr","13":"tag-france","14":"tag-grand-est","15":"tag-la-coop","16":"tag-la-grenze","17":"tag-la-semencerie","18":"tag-marche-de-noel","19":"tag-news","20":"tag-republique-francaise","21":"tag-strasbourg","22":"tag-trocafe"},"share_on_mastodon":{"url":"https:\/\/pubeurope.com\/@fr\/115632012289473857","error":""},"_links":{"self":[{"href":"https:\/\/www.europesays.com\/fr\/wp-json\/wp\/v2\/posts\/566259","targetHints":{"allow":["GET"]}}],"collection":[{"href":"https:\/\/www.europesays.com\/fr\/wp-json\/wp\/v2\/posts"}],"about":[{"href":"https:\/\/www.europesays.com\/fr\/wp-json\/wp\/v2\/types\/post"}],"author":[{"embeddable":true,"href":"https:\/\/www.europesays.com\/fr\/wp-json\/wp\/v2\/users\/2"}],"replies":[{"embeddable":true,"href":"https:\/\/www.europesays.com\/fr\/wp-json\/wp\/v2\/comments?post=566259"}],"version-history":[{"count":0,"href":"https:\/\/www.europesays.com\/fr\/wp-json\/wp\/v2\/posts\/566259\/revisions"}],"wp:featuredmedia":[{"embeddable":true,"href":"https:\/\/www.europesays.com\/fr\/wp-json\/wp\/v2\/media\/566260"}],"wp:attachment":[{"href":"https:\/\/www.europesays.com\/fr\/wp-json\/wp\/v2\/media?parent=566259"}],"wp:term":[{"taxonomy":"category","embeddable":true,"href":"https:\/\/www.europesays.com\/fr\/wp-json\/wp\/v2\/categories?post=566259"},{"taxonomy":"post_tag","embeddable":true,"href":"https:\/\/www.europesays.com\/fr\/wp-json\/wp\/v2\/tags?post=566259"}],"curies":[{"name":"wp","href":"https:\/\/api.w.org\/{rel}","templated":true}]}}