{"id":566265,"date":"2025-11-29T08:22:10","date_gmt":"2025-11-29T08:22:10","guid":{"rendered":"https:\/\/www.europesays.com\/fr\/566265\/"},"modified":"2025-11-29T08:22:10","modified_gmt":"2025-11-29T08:22:10","slug":"lannonce-destrosi-est-elle-vraiment-applicable","status":"publish","type":"post","link":"https:\/\/www.europesays.com\/fr\/566265\/","title":{"rendered":"l\u2019annonce d\u2019Estrosi est-elle vraiment applicable\u00a0?"},"content":{"rendered":"<p>\n    <strong>D\u00c9CRYPTAGE &#8211;<\/strong> Lors de son meeting inaugural de campagne, le maire de Nice a promis de hausser le ton dans la lutte contre le narcotrafic.<\/p>\n<p class=\"fig-paragraph\">Samedi dernier, seul sur l\u2019estrade du nouveau centre des congr\u00e8s depuis lequel\u00a0<a href=\"http:\/\/www.lefigaro.fr\/nice\/municipales-2026-a-nice-christian-estrosi-lance-officiellement-sa-campagne-lors-d-une-grande-reunion-publique-20251122\" data-fig-type=\"NewsFlash\" data-gtm-custom-categorie=\"navigation\" data-gtm-custom-action=\"crossclick\" data-gtm-custom-label=\"Contextuel\" data-gtm-event=\"customEventSPE\" data-fig-domain=\"LEFIGARO\" target=\"_blank\" rel=\"noopener\">il lan\u00e7ait sa campagne<\/a>, Christian Estrosi, candidat \u00e0 sa succession, se voulait \u00abintraitable\u00bb pour la s\u00e9curit\u00e9 des Ni\u00e7ois. \u00abJe l\u2019annonce donc\u00bb, d\u00e9clarait-il, \u00abune brigade des stups permanente de la police municipale sera constitu\u00e9e et mise \u00e0 disposition du pr\u00e9fet et du procureur\u00bb. Une mesure qu\u2019il entend \u00eatre une r\u00e9ponse \u00e0 la guerre livr\u00e9e par le \u00abnarcoterrorisme\u00bb dans la ville de Nice. Et d\u2019ajouter qu\u2019on ne m\u00e8ne de toute fa\u00e7on \u00abpas la guerre avec des armes de paix\u00bb.<\/p>\n<p class=\"fig-paragraph\">C\u2019est \u00abla priorit\u00e9 absolue de l\u2019\u00c9tat dans notre d\u00e9partement\u00bb, mart\u00e8le d\u2019embl\u00e9e le pr\u00e9fet des Alpes-Maritimes.\u00a0<a href=\"http:\/\/www.lefigaro.fr\/nice\/fusillade-a-nice-l-etat-a-t-il-vraiment-abandonne-le-quartier-des-moulins-comme-le-sous-entend-christian-estrosi-20251007\" data-fig-type=\"NewsFlash\" data-gtm-custom-categorie=\"navigation\" data-gtm-custom-action=\"crossclick\" data-gtm-custom-label=\"Contextuel\" data-gtm-event=\"customEventSPE\" data-fig-domain=\"LEFIGARO\" target=\"_blank\" rel=\"noopener\">Laurent Hottiaux<\/a>, en fonction depuis le mois de mai, assure que \u00ables r\u00e9sultats aujourd\u2019hui sont sans pr\u00e9c\u00e9dent\u00bb mais ne commente pas la proposition du maire directement, \u00e9tant donn\u00e9 qu\u2019il s\u2019agit l\u00e0 \u00abde propos de campagne municipale, annonc\u00e9s et tenus dans le cadre d\u2019un meeting \u00e9lectoral\u00bb. L\u2019enjeu s\u00e9curitaire promet ainsi d\u2019\u00eatre au c\u0153ur de\u2026<\/p>\n<p class=\"fig-premium-paywall__infos\">\n        Cet article est r\u00e9serv\u00e9 aux abonn\u00e9s.        Il vous reste 82% \u00e0 d\u00e9couvrir.\n    <\/p>\n<p>                <img  data- alt=\"Le Figaro\" class=\"fig-img--complete fig-img\"\/><\/p>\n<p class=\"fig-premium-paywall__title\">Black Friday : derniers jours<\/p>\n<p class=\"fig-premium-paywall__subtitle\">-70% sur l&rsquo;abonnement num\u00e9rique<\/p>\n<p class=\"fig-premium-paywall__connect\">\n                D\u00e9j\u00e0 abonn\u00e9\u00a0?                <a class=\"fig-premium-paywall__connect-link\" href=\"https:\/\/connect.lefigaro.fr\/login?client=horizon_web&amp;type=main&amp;redirect_uri=https%3A%2F%2Fwww.lefigaro.fr%2Fnice%2Fune-brigade-des-stups-permanente-de-la-police-municipale-l-annonce-d-estrosi-est-elle-vraiment-applicable-20251129\" data-js-gtm=\"{&quot;customCategorie&quot;: &quot;conversion&quot;, &quot;customAction&quot;: &quot;before_Landing_Connexion_paywall_auto&quot;, &quot;customLabel&quot;: &quot;bGVmaWdhcm8uZnJfXzFmMGNhMWExLTRjMjQtNjYzNC1hYzFhLTFkY2YwOTQ2YTFkMl9fTmV3c0ZsYXNo_\u00ab\u00a0Une brigade des stups permanente de la police municipale\u00a0\u00bb\u00a0: l\u2019annonce d\u2019Estrosi est-elle vraiment applicable\u00a0?_450&quot;, &quot;customIDSPE&quot;: &quot;bGVmaWdhcm8uZnJfXzFmMGNhMWExLTRjMjQtNjYzNC1hYzFhLTFkY2YwOTQ2YTFkMl9fTmV3c0ZsYXNo&quot;, &quot;event&quot;: &quot;customEventSPE&quot;}\" target=\"_blank\" rel=\"noopener\"><br \/>\n                    Connectez-vous<br \/>\n                <\/a>\n            <\/p>\n","protected":false},"excerpt":{"rendered":"D\u00c9CRYPTAGE &#8211; Lors de son meeting inaugural de campagne, le maire de Nice a promis de hausser le&hellip;\n","protected":false},"author":2,"featured_media":566266,"comment_status":"","ping_status":"","sticky":false,"template":"","format":"standard","meta":{"footnotes":""},"categories":[2819],"tags":[1111,11,2397,1777,674,1011,27,8721,12,2401,882,25,887],"class_list":{"0":"post-566265","1":"post","2":"type-post","3":"status-publish","4":"format-standard","5":"has-post-thumbnail","7":"category-nice","8":"tag-actu","9":"tag-actualites","10":"tag-christian-estrosi","11":"tag-eu","12":"tag-europe","13":"tag-fr","14":"tag-france","15":"tag-narcotrafic","16":"tag-news","17":"tag-nice","18":"tag-provence-alpes-cote-dazur","19":"tag-republique-francaise","20":"tag-trafic-de-drogue"},"share_on_mastodon":{"url":"https:\/\/pubeurope.com\/@fr\/115632022744841441","error":""},"_links":{"self":[{"href":"https:\/\/www.europesays.com\/fr\/wp-json\/wp\/v2\/posts\/566265","targetHints":{"allow":["GET"]}}],"collection":[{"href":"https:\/\/www.europesays.com\/fr\/wp-json\/wp\/v2\/posts"}],"about":[{"href":"https:\/\/www.europesays.com\/fr\/wp-json\/wp\/v2\/types\/post"}],"author":[{"embeddable":true,"href":"https:\/\/www.europesays.com\/fr\/wp-json\/wp\/v2\/users\/2"}],"replies":[{"embeddable":true,"href":"https:\/\/www.europesays.com\/fr\/wp-json\/wp\/v2\/comments?post=566265"}],"version-history":[{"count":0,"href":"https:\/\/www.europesays.com\/fr\/wp-json\/wp\/v2\/posts\/566265\/revisions"}],"wp:featuredmedia":[{"embeddable":true,"href":"https:\/\/www.europesays.com\/fr\/wp-json\/wp\/v2\/media\/566266"}],"wp:attachment":[{"href":"https:\/\/www.europesays.com\/fr\/wp-json\/wp\/v2\/media?parent=566265"}],"wp:term":[{"taxonomy":"category","embeddable":true,"href":"https:\/\/www.europesays.com\/fr\/wp-json\/wp\/v2\/categories?post=566265"},{"taxonomy":"post_tag","embeddable":true,"href":"https:\/\/www.europesays.com\/fr\/wp-json\/wp\/v2\/tags?post=566265"}],"curies":[{"name":"wp","href":"https:\/\/api.w.org\/{rel}","templated":true}]}}