{"id":566267,"date":"2025-11-29T08:23:17","date_gmt":"2025-11-29T08:23:17","guid":{"rendered":"https:\/\/www.europesays.com\/fr\/566267\/"},"modified":"2025-11-29T08:23:17","modified_gmt":"2025-11-29T08:23:17","slug":"cinema-23-000-spectateurs-et-un-beau-palmares-aux-3-continents-a-nantes","status":"publish","type":"post","link":"https:\/\/www.europesays.com\/fr\/566267\/","title":{"rendered":"Cin\u00e9ma\u00a0: 23\u00a0000\u00a0spectateurs et un beau palmar\u00e8s aux 3\u00a0Continents, \u00e0 Nantes"},"content":{"rendered":"<p>Le festival des 3\u00a0Continents, d\u00e9di\u00e9 aux cin\u00e9mas d\u2019Afrique, d\u2019Am\u00e9rique latine et d\u2019Asie, a d\u00e9voil\u00e9 son palmar\u00e8s, vendredi soir, au th\u00e9\u00e2tre Graslin, \u00e0 Nantes, apr\u00e8s huit jours de rencontres et de d\u00e9couvertes sans fronti\u00e8res. Et quelque 23\u00a0000\u00a0spectateurs dans les salles. Un chiffre qui, pour les organisateurs, t\u00e9moigne<strong> \u00a0de l\u2019adh\u00e9sion du public aux valeurs du festival\u00a0,<\/strong> malgr\u00e9 <a href=\"https:\/\/nantes.maville.com\/actu\/actudet_-le-festival-des-3-continents-revient-a-nantes-du-21-au-29-novembre-avec-moins-de-subventions-mais-plus-d-amour-_8-7064158_actu.Htm\" target=\"_self\" rel=\"noopener\">un contexte difficile li\u00e9 \u00e0 la crise des subventions culturelles.<\/a><\/p>\n<p>Dix films \u00e9taient en comp\u00e9tition pour cette quarante-septi\u00e8me \u00e9dition. La Montgolfi\u00e8re d\u2019or revient \u00e0 The world of love, de la r\u00e9alisatrice cor\u00e9enne Yoon Ga-eun, pour \u00a0sa richesse, sa force et sa capacit\u00e9 \u00e0 nous faire r\u00e9fl\u00e9chir\u00a0. La Montgolfi\u00e8re d\u2019argent est attribu\u00e9e \u00e0 Hair, paper, water\u2026, des r\u00e9alisateurs Truong Minh Quy et Nicolas Graux. Ce documentaire (France, Belgique, Vietnam) \u00a0rappelle l\u2019importance de transmettre un langage et un savoir intimement li\u00e9s \u00e0 la terre\u00a0. Le jury a d\u00e9cid\u00e9 de remettre une mention sp\u00e9ciale \u00e0 \u00a0une jeune actrice qui cr\u00e8ve l\u2019\u00e9cran\u00a0\u00a0: Anika Bootz, interpr\u00e8te de The message, d\u2019Iv\u00e1n Fund (Argentine, Espagne, Uruguay).<\/p>\n<p>Le jury jeune, compos\u00e9 de quatre jeunes habitants de l\u2019agglom\u00e9ration nantaise, distingue Su\u00e7uarana, de Clarissa Campolina et S\u00e9rgio Borges (Br\u00e9sil). Pour \u00a0son caract\u00e8re \u00e9nigmatique et cette dimension de road movie au f\u00e9minin qui ouvre de nouveaux horizons.\u00a0<\/p>\n<p>Le prix du public \u00e0 un Nantais d\u2019adoption<\/p>\n<p>Le public du festival a, de son c\u00f4t\u00e9, pu voter\u00a0\u00e0 l\u2019issue de chaque projection. Et c\u2019est<a href=\"https:\/\/nantes.maville.com\/actu\/actudet_-avec-son-documentaire-sur-son-senegal-il-est-le-premier-nantais-a-voir-son-film-projete-au-festival-des-3-continents-_52716-7076722_actu.Htm\" target=\"_self\" rel=\"noopener\">\u00a0Attachment, premier long-m\u00e9trage de Mamadou Khouma Gueye<\/a> (S\u00e9n\u00e9gal, Belgique, France), qui est r\u00e9compens\u00e9. Il raconte le d\u00e9placement forc\u00e9 de 250\u00a0000\u00a0personnes en banlieue de Dakar, au S\u00e9n\u00e9gal, pour permettre le passage d\u2019une ligne de train. Premi\u00e8re dans l\u2019histoire du festival\u00a0: le r\u00e9alisateur de ce documentaire habite \u00e0 Nantes.<\/p>\n<p><strong>Samedi 29\u00a0novembre,<\/strong> les films prim\u00e9s sont rediffus\u00e9s\u00a0: \u00e0 10\u00a0h, Su\u00e7uarana, \u00e0 14\u00a0h, Attachment, \u00e0 17\u00a0h, Hair, paper, water\u2026, \u00e0 20\u00a0h, The world of Love, au Katorza, 3, rue Corneille, \u00e0 Nantes (C1\u00a0arr\u00eat Copernic), 8\u00a0\u20ac.<\/p>\n<p>\u00a0<\/p>\n","protected":false},"excerpt":{"rendered":"Le festival des 3\u00a0Continents, d\u00e9di\u00e9 aux cin\u00e9mas d\u2019Afrique, d\u2019Am\u00e9rique latine et d\u2019Asie, a d\u00e9voil\u00e9 son palmar\u00e8s, vendredi soir,&hellip;\n","protected":false},"author":2,"featured_media":566268,"comment_status":"","ping_status":"","sticky":false,"template":"","format":"standard","meta":{"footnotes":""},"categories":[2818],"tags":[6541,9337,19020,1111,11,1438,6005,650,32635,1777,674,1011,27,766,12,5077,2636,25,15322],"class_list":{"0":"post-566267","1":"post","2":"type-post","3":"status-publish","4":"format-standard","5":"has-post-thumbnail","7":"category-nantes","8":"tag-6541","9":"tag-9337","10":"tag-19020","11":"tag-actu","12":"tag-actualites","13":"tag-angers","14":"tag-beau","15":"tag-cinema","16":"tag-continents","17":"tag-eu","18":"tag-europe","19":"tag-fr","20":"tag-france","21":"tag-nantes","22":"tag-news","23":"tag-palmares","24":"tag-pays-de-la-loire","25":"tag-republique-francaise","26":"tag-spectateurs"},"share_on_mastodon":{"url":"https:\/\/pubeurope.com\/@fr\/115632026693054757","error":""},"_links":{"self":[{"href":"https:\/\/www.europesays.com\/fr\/wp-json\/wp\/v2\/posts\/566267","targetHints":{"allow":["GET"]}}],"collection":[{"href":"https:\/\/www.europesays.com\/fr\/wp-json\/wp\/v2\/posts"}],"about":[{"href":"https:\/\/www.europesays.com\/fr\/wp-json\/wp\/v2\/types\/post"}],"author":[{"embeddable":true,"href":"https:\/\/www.europesays.com\/fr\/wp-json\/wp\/v2\/users\/2"}],"replies":[{"embeddable":true,"href":"https:\/\/www.europesays.com\/fr\/wp-json\/wp\/v2\/comments?post=566267"}],"version-history":[{"count":0,"href":"https:\/\/www.europesays.com\/fr\/wp-json\/wp\/v2\/posts\/566267\/revisions"}],"wp:featuredmedia":[{"embeddable":true,"href":"https:\/\/www.europesays.com\/fr\/wp-json\/wp\/v2\/media\/566268"}],"wp:attachment":[{"href":"https:\/\/www.europesays.com\/fr\/wp-json\/wp\/v2\/media?parent=566267"}],"wp:term":[{"taxonomy":"category","embeddable":true,"href":"https:\/\/www.europesays.com\/fr\/wp-json\/wp\/v2\/categories?post=566267"},{"taxonomy":"post_tag","embeddable":true,"href":"https:\/\/www.europesays.com\/fr\/wp-json\/wp\/v2\/tags?post=566267"}],"curies":[{"name":"wp","href":"https:\/\/api.w.org\/{rel}","templated":true}]}}