{"id":566277,"date":"2025-11-29T08:29:16","date_gmt":"2025-11-29T08:29:16","guid":{"rendered":"https:\/\/www.europesays.com\/fr\/566277\/"},"modified":"2025-11-29T08:29:16","modified_gmt":"2025-11-29T08:29:16","slug":"lassociation-melissa-relocalisee-au-131-rue-de-lepeule","status":"publish","type":"post","link":"https:\/\/www.europesays.com\/fr\/566277\/","title":{"rendered":"L\u2019association Melissa relocalis\u00e9e au 131 rue de l\u2019\u00c9peule"},"content":{"rendered":"<p class=\"introduction\">D\u00e9but octobre l\u2019association Melissa a emm\u00e9nag\u00e9 au 131 rue de l\u2019Epeule. Un local transitoire avant de trouver une nouvelle adresse p\u00e9renne. Rencontre avec Karima GHIAT, directrice de cette \u00e9picerie solidaire qui oeuvre pour le mieux vivre ensemble.<\/p>\n<p>Pourquoi Melissa a \u00e9t\u00e9 relocalis\u00e9e rue de l\u2019Epeule ?<\/p>\n<p>Notre ancien local \u00e9tait situ\u00e9 au pied de la r\u00e9sidence Bell. Or il se trouve que cette tour va \u00eatre r\u00e9habilit\u00e9e en 2026 dans le cadre du Nouveau Programme National de R\u00e9novation Urbaine (NPNRU). Il fallait donc qu\u2019on trouve un nouveau lieu. La Fabrique des quartiers qui g\u00e8re l\u2019acquisition de maisons n\u00e9cessaires aux futurs am\u00e9nagements ou projets de r\u00e9habilitations nous a propos\u00e9 le 131 rue de l\u2019Epeule de fa\u00e7on transitoire jusqu\u2019au 6 octobre 2026.<\/p>\n<p>Les familles retrouvent-elles les m\u00eames conditions d\u2019accueil ?<\/p>\n<p>L\u2019espace est plus petit et restreint l\u2019offre des produits alimentaires. Mais nous ouvrons 3 jours par semaine. LMH, le bailleur des tours Bell nous a mis \u00e0 disposition un appartement de type 4 pour organiser le stockage des denr\u00e9es. Nous nous organisons pour livrer les familles adh\u00e9rentes quand elles ne peuvent pas se d\u00e9placer et nous nous adaptons pour assurer la continuit\u00e9 de l\u2019aide.<\/p>\n<p>Combien de familles adh\u00e8rent \u00e0 l\u2019association Melissa ?<\/p>\n<p>On compte 390 familles venant de tous les quartiers roubaisiens avec une moyenne de quatre personnes par foyer. Chacune d\u2019entre elles est aid\u00e9e chaque semaine pour le volet alimentaire et produits du quotidien. On organise des petits d\u00e9jeuners et des ateliers th\u00e9matiques pour aider \u00e0 mieux vivre au quotidien. Notre nouveau local est trop exigu pour prolonger ces actions que nous reprendrons ult\u00e9rieurement.<\/p>\n<p>Comment envisagez-vous l\u2019avenir ?<\/p>\n<p>On aimerait trouvait un grand local dans le quartier Fresnoy-Mackellerie, lieu o\u00f9 l\u2019association a \u00e9t\u00e9 cr\u00e9\u00e9e en 2002. Je souhaite continuer \u00e0 faire vivre l\u2019association avec notre mod\u00e8le \u00e9conomique actuel. Aujourd\u2019hui, je suis entour\u00e9e de 5 personnes b\u00e9n\u00e9voles. On ach\u00e8te et on revend au plus bas, tout en \u00e9quilibrant les d\u00e9penses et les recettes. J\u2019aimerais pouvoir d\u00e9velopper encore davantage le mieux vivre ensemble car c\u2019est l\u2019aide aux personnes en situation de pr\u00e9carit\u00e9 qui m\u2019anime.<\/p>\n<p class=\"title\">Infos pratiques<\/p>\n<p>Association Melissa, mieux vivre ensemble<br \/>131 rue de l\u2019Epeule \u2013 Roubaix<br \/>Ouverture : mardi, mercredi et vendredi de 10h \u00e0 16h<\/p>\n<p>Cr\u00e9dit Photos : Anais Gadeau, service Communication, ville de Roubaix<\/p>\n","protected":false},"excerpt":{"rendered":"D\u00e9but octobre l\u2019association Melissa a emm\u00e9nag\u00e9 au 131 rue de l\u2019Epeule. Un local transitoire avant de trouver une&hellip;\n","protected":false},"author":2,"featured_media":566278,"comment_status":"","ping_status":"","sticky":false,"template":"","format":"standard","meta":{"footnotes":""},"categories":[2815],"tags":[1111,11,4077,1777,674,1011,27,811,1307,12,25,3400],"class_list":{"0":"post-566277","1":"post","2":"type-post","3":"status-publish","4":"format-standard","5":"has-post-thumbnail","7":"category-lille","8":"tag-actu","9":"tag-actualites","10":"tag-association","11":"tag-eu","12":"tag-europe","13":"tag-fr","14":"tag-france","15":"tag-hauts-de-france","16":"tag-lille","17":"tag-news","18":"tag-republique-francaise","19":"tag-solidarite"},"share_on_mastodon":{"url":"https:\/\/pubeurope.com\/@fr\/115632050407077257","error":""},"_links":{"self":[{"href":"https:\/\/www.europesays.com\/fr\/wp-json\/wp\/v2\/posts\/566277","targetHints":{"allow":["GET"]}}],"collection":[{"href":"https:\/\/www.europesays.com\/fr\/wp-json\/wp\/v2\/posts"}],"about":[{"href":"https:\/\/www.europesays.com\/fr\/wp-json\/wp\/v2\/types\/post"}],"author":[{"embeddable":true,"href":"https:\/\/www.europesays.com\/fr\/wp-json\/wp\/v2\/users\/2"}],"replies":[{"embeddable":true,"href":"https:\/\/www.europesays.com\/fr\/wp-json\/wp\/v2\/comments?post=566277"}],"version-history":[{"count":0,"href":"https:\/\/www.europesays.com\/fr\/wp-json\/wp\/v2\/posts\/566277\/revisions"}],"wp:featuredmedia":[{"embeddable":true,"href":"https:\/\/www.europesays.com\/fr\/wp-json\/wp\/v2\/media\/566278"}],"wp:attachment":[{"href":"https:\/\/www.europesays.com\/fr\/wp-json\/wp\/v2\/media?parent=566277"}],"wp:term":[{"taxonomy":"category","embeddable":true,"href":"https:\/\/www.europesays.com\/fr\/wp-json\/wp\/v2\/categories?post=566277"},{"taxonomy":"post_tag","embeddable":true,"href":"https:\/\/www.europesays.com\/fr\/wp-json\/wp\/v2\/tags?post=566277"}],"curies":[{"name":"wp","href":"https:\/\/api.w.org\/{rel}","templated":true}]}}