{"id":566279,"date":"2025-11-29T08:30:14","date_gmt":"2025-11-29T08:30:14","guid":{"rendered":"https:\/\/www.europesays.com\/fr\/566279\/"},"modified":"2025-11-29T08:30:14","modified_gmt":"2025-11-29T08:30:14","slug":"municipales-2026-a-lille-le-pcf-soutiendra-le-maire-socialiste-sortant-arnaud-deslandes","status":"publish","type":"post","link":"https:\/\/www.europesays.com\/fr\/566279\/","title":{"rendered":"Municipales 2026 \u00e0 Lille\u00a0: le PCF soutiendra le maire socialiste sortant Arnaud Deslandes"},"content":{"rendered":"<p class=\"paragraph text_align_left lp-f-body-02\">Tout s\u2019acc\u00e9l\u00e8re \u00e0 Lille (<a href=\"https:\/\/www.leparisien.fr\/nord-59\/\" target=\"_self\" rel=\"noopener\">Nord<\/a>). \u00c0 pr\u00e8s de 100 jours du premier tour des \u00e9lections municipales 2026, le maire PS sortant (et candidat \u00e0 un nouveau mandat) Arnaud Deslandes peut d\u00e9sormais compter sur le soutien du PCF. Les communistes lillois ont annonc\u00e9 <a href=\"https:\/\/www.facebook.com\/lille.pcf.fr\/posts\/pfbid02MLhr1n8oTpriPF9DcAPVcAGRpkefG3XDyyy2opUpZjrHnEfvy3mFHZTDczQerWtWl?locale=fr_FR\" target=\"_self\" rel=\"noopener\">dans un communiqu\u00e9<\/a> ce vendredi avoir rejoint sa liste \u00ab Tout pour Lille \u00bb.<\/p>\n<p class=\"paragraph text_align_left lp-f-body-02\">\u00ab La section lilloise du Parti communiste fran\u00e7ais consid\u00e8re ce partenaire comme le meilleur espoir pour maintenir la ville de Lille \u00e0 gauche afin de conserver les conquis sociaux et en gagner de nouveaux \u00bb, justifient les communistes, qui \u00ab appellent \u00e0 l\u2019unit\u00e9 de la gauche \u00bb dans la capitale des Flandres.<\/p>\n<p class=\"paragraph text_align_left lp-f-body-02\">\u00ab Fond\u00e9 sur des priorit\u00e9s programmatiques communes, cet accord ne remet aucunement en cause ni la volont\u00e9 et l\u2019action du PCF Lille en faveur d\u2019une liste d\u2019union plus large rassemblant toutes les forces de gauche d\u00e8s le premier tour, ni son ind\u00e9pendance \u00bb, peut-on \u00e9galement lire dans le communiqu\u00e9.<\/p>\n<p class=\"paragraph text_align_left lp-f-body-02\">Ce ralliement n\u2019est pas une surprise : depuis 2020, <a href=\"https:\/\/www.leparisien.fr\/politique\/fabien-roussel\/\" target=\"_self\" rel=\"noopener\">le parti de Fabien Roussel<\/a> fait partie de la majorit\u00e9 municipale et compte m\u00eame deux adjoints au maire.<\/p>\n<p>Quatre listes \u00e0 gauche<\/p>\n<p class=\"paragraph text_align_left lp-f-body-02\">Arnaud Deslandes a pris les commandes de la ville de Lille en mars 2025, <a href=\"https:\/\/www.leparisien.fr\/politique\/a-lille-martine-aubry-passe-le-flambeau-06-03-2025-SM7COHTW2BDHJGFW5F4UYIUX7A.php\" target=\"_self\" rel=\"noopener\">apr\u00e8s la d\u00e9mission de Martine Aubry<\/a>. Il occupait pr\u00e9c\u00e9demment le poste de premier adjoint au maire. Il a annonc\u00e9 sa candidature d\u00e8s le 17 juin 2025, disant souhaiter \u00ab former une dynamique et penser ensemble la ville de demain \u00bb.<\/p>\n<p class=\"paragraph text_align_left lp-f-body-02\">En mars prochain, il devra notamment affronter l\u2019\u00e9cologiste St\u00e9phane Bally, qui avait \u00e9chou\u00e9 de peu \u00e0 battre Martine Aubry en 2020 : <a href=\"https:\/\/www.leparisien.fr\/elections\/municipales\/resultats-des-municipales-a-lille-un-second-tour-serre-pour-martine-aubry-28-06-2020-8343489.php\" target=\"_self\" rel=\"noopener\">seulement 0,59 % et 227 voix s\u00e9paraient la maire socialiste et son challenger<\/a>. La France insoumise, repr\u00e9sent\u00e9e par Lahouaria Addouche, sera \u00e9galement sur la ligne de d\u00e9part, tout comme G\u00e9n\u00e9rations, dont la t\u00eate de liste sera Faustine Balmelle-Delauzun.<\/p>\n<p class=\"paragraph text_align_left lp-f-body-02\">\u00c0 gauche, quatre listes seront donc propos\u00e9es aux \u00e9lecteurs. Sur le reste de l\u2019\u00e9chiquier, <a href=\"https:\/\/www.leparisien.fr\/politique\/commission-denquete-betharram-les-deputes-paul-vannier-et-violette-spillebout-un-duo-en-croisade-14-05-2025-PT6WVITZ4NBMRLEI6HBBFIE56I.php\" target=\"_self\" rel=\"noopener\">la d\u00e9put\u00e9e Renaissance Violette Spillebout<\/a>, le LR <a href=\"https:\/\/www.leparisien.fr\/elections\/municipales\/municipales-2026-a-lille-le-qg-de-campagne-de-louis-delemer-vandalise-une-plainte-bientot-deposee-21-11-2025-VQZRRHQRC5GYHELTRVRVI7OWO4.php\" target=\"_self\" rel=\"noopener\">Louis Delemer<\/a> et l\u2019eurod\u00e9put\u00e9 Rassemblement national <a href=\"https:\/\/www.leparisien.fr\/elections\/municipales\/municipales-2026-a-lille-le-porte-parole-du-rn-et-ancien-commissaire-de-police-matthieu-valet-annonce-sa-candidature-07-11-2025-T5KCDEFJ4VD33KX3FYJMNWC6P4.php\" target=\"_self\" rel=\"noopener\">Matthieu Valet<\/a> seront notamment candidats. *<\/p>\n<p class=\"paragraph text_align_left lp-f-body-02\">\u00c0 ce stade, un seul sondage, r\u00e9alis\u00e9 par l\u2019Ifop, a \u00e9t\u00e9 publi\u00e9 d\u00e9but septembre. Selon cette source, si l\u2019\u00e9lection avait lieu ce dimanche, Arnaud Deslandes arriverait en t\u00eate avec 27 % au premier tour. Mais LFI, Les \u00c9cologistes, Renaissance et le RN seraient en capacit\u00e9 de se maintenir au second tour. La victoire du PS, \u00e0 la t\u00eate de la ville depuis 1955, n\u2019est donc pas assur\u00e9e.<\/p>\n","protected":false},"excerpt":{"rendered":"Tout s\u2019acc\u00e9l\u00e8re \u00e0 Lille (Nord). \u00c0 pr\u00e8s de 100 jours du premier tour des \u00e9lections municipales 2026, le&hellip;\n","protected":false},"author":2,"featured_media":566280,"comment_status":"","ping_status":"","sticky":false,"template":"","format":"standard","meta":{"footnotes":""},"categories":[2815],"tags":[1111,11,5949,1777,674,1011,27,811,1307,3554,12,316,25],"class_list":{"0":"post-566279","1":"post","2":"type-post","3":"status-publish","4":"format-standard","5":"has-post-thumbnail","7":"category-lille","8":"tag-actu","9":"tag-actualites","10":"tag-elections","11":"tag-eu","12":"tag-europe","13":"tag-fr","14":"tag-france","15":"tag-hauts-de-france","16":"tag-lille","17":"tag-municipales","18":"tag-news","19":"tag-politique","20":"tag-republique-francaise"},"share_on_mastodon":{"url":"https:\/\/pubeurope.com\/@fr\/115632054134384676","error":""},"_links":{"self":[{"href":"https:\/\/www.europesays.com\/fr\/wp-json\/wp\/v2\/posts\/566279","targetHints":{"allow":["GET"]}}],"collection":[{"href":"https:\/\/www.europesays.com\/fr\/wp-json\/wp\/v2\/posts"}],"about":[{"href":"https:\/\/www.europesays.com\/fr\/wp-json\/wp\/v2\/types\/post"}],"author":[{"embeddable":true,"href":"https:\/\/www.europesays.com\/fr\/wp-json\/wp\/v2\/users\/2"}],"replies":[{"embeddable":true,"href":"https:\/\/www.europesays.com\/fr\/wp-json\/wp\/v2\/comments?post=566279"}],"version-history":[{"count":0,"href":"https:\/\/www.europesays.com\/fr\/wp-json\/wp\/v2\/posts\/566279\/revisions"}],"wp:featuredmedia":[{"embeddable":true,"href":"https:\/\/www.europesays.com\/fr\/wp-json\/wp\/v2\/media\/566280"}],"wp:attachment":[{"href":"https:\/\/www.europesays.com\/fr\/wp-json\/wp\/v2\/media?parent=566279"}],"wp:term":[{"taxonomy":"category","embeddable":true,"href":"https:\/\/www.europesays.com\/fr\/wp-json\/wp\/v2\/categories?post=566279"},{"taxonomy":"post_tag","embeddable":true,"href":"https:\/\/www.europesays.com\/fr\/wp-json\/wp\/v2\/tags?post=566279"}],"curies":[{"name":"wp","href":"https:\/\/api.w.org\/{rel}","templated":true}]}}