{"id":566281,"date":"2025-11-29T08:32:14","date_gmt":"2025-11-29T08:32:14","guid":{"rendered":"https:\/\/www.europesays.com\/fr\/566281\/"},"modified":"2025-11-29T08:32:14","modified_gmt":"2025-11-29T08:32:14","slug":"a-marseille-ce-nouveau-bar-geant-pourrit-la-vie-de-ses-voisins-obliges-de-se-barricader","status":"publish","type":"post","link":"https:\/\/www.europesays.com\/fr\/566281\/","title":{"rendered":"\u00c0 Marseille, ce nouveau bar g\u00e9ant pourrit la vie de ses voisins : \u00ab\u00a0Oblig\u00e9s de se barricader\u00a0\u00bb"},"content":{"rendered":"<p>                    Par<br \/>\n        <strong><br \/>\n            <a href=\"https:\/\/actu.fr\/auteur\/thibault-nadal-actu-fr\" title=\"Consulter tous les articles de Thibault Nadal\" target=\"_blank\" rel=\"noopener\">Thibault Nadal<\/a><br \/>\n                    <\/strong><\/p>\n<p>        Publi\u00e9 le<\/p>\n<p>            29 nov. 2025 \u00e0 8h53        <\/p>\n<p>Il n\u2019aura fallu que quelques jours pour que le quotidien de Florent et de sa famille bascule. \u00ab\u2009Depuis trois semaines, tous les soirs, <strong>je vais dormir dans mon salon plut\u00f4t que dans mon lit<\/strong>, avant d\u2019y revenir au milieu de la nuit une fois qu\u2019on entend plus de bruit\u2009\u00bb, raconte le jeune p\u00e8re de famille. La raison\u2009? La chambre de son appartement donne directement sur L\u2019Huilerie, <a href=\"https:\/\/actu.fr\/provence-alpes-cote-d-azur\/marseille_13055\/marseille-ce-nouveau-bar-geant-et-cache-ouvre-en-plein-centre-ville-le-concept-est-inedit_63371996.html\" target=\"_blank\" rel=\"noopener\">un nouveau bar g\u00e9ant de 600\u00a0m2<\/a> qui a ouvert ses portes dans le 6e arrondissement de <a href=\"https:\/\/actu.fr\/marseille\/\" target=\"_blank\" rel=\"noopener\">Marseille<\/a>. Depuis <a href=\"https:\/\/actu.fr\/tag\/nouveaux-commerces\" target=\"_blank\" rel=\"noopener\">la soir\u00e9e d\u2019inauguration<\/a> le 31\u00a0octobre dernier, plusieurs voisins, issus des multiples r\u00e9sidences qui entourent l\u2019\u00e9tablissement, d\u00e9noncent avec force des nuisances r\u00e9p\u00e9t\u00e9es et un quotidien boulevers\u00e9. \u00ab\u2009Notre vie a radicalement chang\u00e9\u2009\u00bb, ose m\u00eame H\u00e9l\u00e8ne, dont la terrasse est aux premi\u00e8res loges.<\/p>\n<p>Une ouverture soudaine qui a surpris<\/p>\n<p class=\" wall-content\">Dans ce quartier situ\u00e9 \u00e0 deux pas du <a href=\"https:\/\/actu.fr\/tag\/vieux-port\" target=\"_blank\" rel=\"noopener\">Vieux-Port<\/a>, deux r\u00e9alit\u00e9s s\u2019affrontaient. Un c\u00f4t\u00e9 plut\u00f4t bruyant sur <strong>le boulevard Notre-Dame, la place de la Corderie, le cours Pierre Puget et la rue de la Paix Marcel Paul<\/strong>, mais un calme presque in\u00e9dit pour un centre-ville sur le c\u00f4t\u00e9 cour.<\/p>\n<p class=\" wall-content\">Mais depuis le 31\u00a0octobre, cette r\u00e9alit\u00e9 a \u00e9t\u00e9 totalement chamboul\u00e9e par l\u2019arriv\u00e9e de L\u2019Huilerie, un nouvel \u00e9tablissement, <strong>ouvert du matin au soir, voire jusqu\u2019au milieu de la nuit<\/strong> le week-end. D\u00e8s le d\u00e9part, les voisins ont \u00e9t\u00e9 fortement surpris par cet acteur qui a ouvert ses portes du jour au lendemain.<\/p>\n<p class=\" wall-content\">Car les probl\u00e8mes sont multiples\u2009: sur la voie publique, le stationnement des v\u00e9hicules <strong>g\u00eane consid\u00e9rablement la circulation<\/strong>, comme a pu le constater actu Marseille dans plusieurs vid\u00e9os film\u00e9es par des habitants. Un soir, un bus est m\u00eame rest\u00e9 bloqu\u00e9, n\u00e9cessitant l\u2019intervention des \u00e9quipes techniques de <a href=\"https:\/\/actu.fr\/tag\/rtm\" target=\"_blank\" rel=\"noopener\">la RTM<\/a>.<\/p>\n<p>\u00ab\u2009On est sur le qui-vive\u2009\u00bb<\/p>\n<p class=\" wall-content\">Mais ce qui d\u00e9range le plus les riverains, ce sont les nuisances sonores. \u00c0 tel point que certains ont <strong>adopt\u00e9 des mesures radicales<\/strong> pour y faire face\u2026 ou les esquiver. \u00ab\u2009Les trois premiers week-ends, on est partis chez mes parents\u2009\u00bb, raconte Florent. H\u00e9l\u00e8ne explique ne plus \u00ab\u2009pouvoir utiliser sa terrasse\u2009\u00bb. Enfin, Marion s\u2019inqui\u00e8te pour le sommeil de ses deux fils \u00e2g\u00e9s de 11 et 14\u00a0ans, dont les chambres se situent juste au-dessus du bar.<\/p>\n<p class=\" wall-content\">Car avant <a href=\"https:\/\/actu.fr\/provence-alpes-cote-d-azur\/marseille_13055\/temperatures-a-marseille-un-coup-de-froid-inedit-depuis-2007-jusqu-a-quand-va-t-il-durer_63457901.html\" target=\"_blank\" rel=\"noopener\">la vague de froid qui touche Marseille depuis plusieurs jours<\/a>, les voisins qui ont, en un mois, mont\u00e9 un collectif et <a href=\"https:\/\/www.change.org\/p\/halte-aux-nuisances-du-bar-discoth%C3%A8que-l-huilerie\" target=\"_blank\" rel=\"noopener\">lanc\u00e9 une p\u00e9tition<\/a>, d\u00e9ploraient la pr\u00e9sence massive de personnes sur la terrasse ext\u00e9rieure. \u00ab\u2009C\u2019est une v\u00e9ritable caisse de r\u00e9sonance\u2009\u00bb, expliquent-ils.<\/p>\n<p>    <img   decoding=\"async\" loading=\"lazy\" src=\"https:\/\/www.europesays.com\/fr\/wp-content\/uploads\/2025\/11\/whatsapp-image-2025-11-28-at-113457-960x640.jpeg\" alt=\"L'Huilerie est situ\u00e9 en plein milieu de plusieurs b\u00e2timents r\u00e9sidentiels. Sa terrasse ext\u00e9rieure est \" width=\"960\" height=\"640\"\/><br \/>\n    L\u2019Huilerie est situ\u00e9e en plein milieu de plusieurs b\u00e2timents r\u00e9sidentiels. Sa terrasse ext\u00e9rieure est \u00ab\u2009une \u00e9norme caisse de r\u00e9sonance\u2009\u00bb, selon plusieurs voisins. (\u00a9TN \/ actu Marseille)<\/p>\n<p>Votre r\u00e9gion, votre actu !<\/p>\n<p>Recevez chaque jour les infos qui comptent pour vous.<\/p>\n<p>\t<a href=\"https:\/\/actu.fr\/newsletter\" class=\"ac-btn ac-btn--corner ac-btn--medium ac-btn--blue800\" target=\"_blank\" rel=\"noopener\">S&rsquo;incrire<\/a><\/p>\n<p class=\" wall-content\">D\u2019autres s\u2019insurgent contre les shows musicaux propos\u00e9s par des DJ, notamment du jeudi au samedi. \u00ab\u2009M\u00eame les fen\u00eatres ferm\u00e9es, on entendait les boums boum, donc nous sommes <strong>oblig\u00e9s de nous barricader<\/strong>\u2009\u00bb, assure H\u00e9l\u00e8ne. Pour tenter de dormir, elle a achet\u00e9 des boules Quies.<\/p>\n<p>Des pr\u00e9judices financiers\u2026<\/p>\n<p class=\" wall-content\">Mais ces premi\u00e8res mesures n\u2019ont pas du tout suffi pour permettre aux habitants de retrouver un certain calme. Alors, certains ont d\u00e9cid\u00e9 d\u2019investir. C\u2019est le cas de Jacqueline, retrait\u00e9e, qui vit dans un studio. \u00ab\u2009J\u2019ai <strong>fait un survitrage<\/strong> depuis l\u2019ouverture de L\u2019Huilerie\u2009\u00bb, dit-elle, d\u00e9sesp\u00e9r\u00e9e.<\/p>\n<p class=\" wall-content\">Florent, lui, se dit <strong>\u00ab\u2009pr\u00eat \u00e0 investir pour sa tranquillit\u00e9\u2009\u00bb<\/strong>. Mais aujourd\u2019hui, toutes les personnes interrog\u00e9es r\u00e9v\u00e8lent qu\u2019elles \u00ab\u2009envisagent\u2009\u00bb de partir face \u00ab\u2009\u00e0 ce <strong>changement de vie dans le quartier<\/strong>\u2009\u00bb. Ce qui serait un cr\u00e8ve-c\u0153ur pour cette derni\u00e8re.<\/p>\n<blockquote class=\"ac-article-quote wall-content\">\n<p>\u00c7a me d\u00e9chire le c\u0153ur, car on a fait des travaux durant plusieurs ann\u00e9es.<\/p>\n<p>    <strong>Marion<\/strong><br \/>\n        Habitante d\u00e9non\u00e7ant les nuisances de L&rsquo;Huilerie    <\/p><\/blockquote>\n<p class=\" wall-content\">Toutefois, partir ne sera pas chose ais\u00e9e, selon les habitants.<strong> \u00ab\u2009C\u2019est impossible de vendre \u00e0 des particuliers\u2009\u00bb<\/strong>, conc\u00e8de Florent qui pr\u00e9cise que le bien de sa voisine du dessous, a d\u00e9j\u00e0 perdu un tiers de sa valeur.<\/p>\n<p class=\" wall-content\">Seule Jacqueline est certaine de ne pas d\u00e9m\u00e9nager, en raison de ses petits moyens. \u00ab\u2009<strong>J\u2019ai l\u2019intention de me battre<\/strong> pour retrouver du calme\u2009\u00bb.\u00a0Plusieurs <strong>plaintes<\/strong> ont ainsi \u00e9t\u00e9 d\u00e9pos\u00e9es par des habitants.<\/p>\n<p>\u2026Et une angoisse grandissante<\/p>\n<p class=\" wall-content\">Tous affirment \u00eatre \u00ab\u2009angoiss\u00e9s par une situation qui [les] d\u00e9passe\u2009\u00bb. <strong>\u00ab\u2009On est sur le qui-vive\u2009\u00bb<\/strong>, poursuit H\u00e9l\u00e8ne.<\/p>\n<p class=\" wall-content\">Selon eux, le pire est \u00e0 venir. Tous confient <strong>redouter l\u2019arriv\u00e9e des beaux jours<\/strong>. \u00ab\u2009Cette cour est un v\u00e9ritable \u00eelot de chaleur, donc on doit ouvrir les fen\u00eatres\u2009\u00bb, explique Jacqueline. Avec le bruit, la retrait\u00e9e craint de ne pas pouvoir, sauf que son logement ne dispose que d\u2019une seule fen\u00eatre qui donne sur L\u2019Huilerie. \u00ab\u2009\u00c7a va \u00eatre infernal\u2009\u00bb, craint-elle.<\/p>\n<p>Le g\u00e9rant de L\u2019Huilerie se d\u00e9fend<\/p>\n<p class=\" wall-content\">Face \u00e0 ces attaques r\u00e9p\u00e9t\u00e9es depuis presque un mois, Benjamin Clair, le g\u00e9rant de L\u2019Huilerie, annonce \u00e0 actu Marseille avoir <strong>pris contact avec un avocat<\/strong> pour se d\u00e9fendre.<\/p>\n<p class=\" wall-content\">Mais bien avant ce rendez-vous qui se tenait ce vendredi 28\u00a0novembre, l\u2019homme d\u2019affaires qui dit \u00ab\u2009faire preuve de bonne volont\u00e9 et vouloir faire des efforts\u2009\u00bb, assure avoir d\u00e9j\u00e0 <strong>pris de nombreuses mesures<\/strong> pour faire cohabiter son \u00e9tablissement et le voisinage. \u00ab\u2009Je suis l\u00e0 pour que tout le monde vive bien.\u2009\u00bb<\/p>\n<p class=\" wall-content\">Il explique avoir \u00ab\u2009repris l\u2019isolation sur certaines parties du toit\u2009\u00bb, <strong>\u00ab\u2009r\u00e9duit la taille des enceintes\u2009\u00bb<\/strong>, \u00ab\u2009commander du double vitrage phonique\u2009\u00bb ou encore \u00ab\u2009d\u00e9solidariser le plancher\u2009\u00bb. \u00ab\u2009J\u2019ai <strong>fait venir un huissier<\/strong> pour qu\u2019il constate le bruit et mesure les d\u00e9cibels\u2009\u00bb, ajoute-t-il, pr\u00e9cisant \u00e9galement avoir obtenu toutes les autorisations pr\u00e9alables \u00e0 l\u2019ouverture de son \u00e9tablissement.<\/p>\n<p class=\" wall-content\">Enfin, un dernier projet est \u00e0 l\u2019\u00e9tude pour <strong>permettre une insonorisation de la terrasse ext\u00e9rieure<\/strong>. \u00c0 cette occasion, L\u2019Huilerie pourrait d\u2019ailleurs fermer une semaine en janvier\u00a02026.<\/p>\n<p class=\" wall-content\">Personnalisez votre actualit\u00e9 en ajoutant vos villes et m\u00e9dias en favori avec <a href=\"https:\/\/moncompte.actu.fr\" title=\"D\u00e9couvez Mon Actu\" rel=\"nofollow noopener\" data-trk=\"{&quot;cta&quot;:{&quot;action&quot;:&quot;https:\\\/\\\/moncompte.actu.fr&quot;,&quot;category&quot;:&quot;mon compte&quot;,&quot;from&quot;:&quot;article footer&quot;,&quot;name&quot;:&quot;Mon actu&quot;,&quot;type&quot;:&quot;cta&quot;}}\" target=\"_blank\">Mon Actu<\/a>.<\/p>\n","protected":false},"excerpt":{"rendered":"Par Thibault Nadal Publi\u00e9 le 29 nov. 2025 \u00e0 8h53 Il n\u2019aura fallu que quelques jours pour que&hellip;\n","protected":false},"author":2,"featured_media":566282,"comment_status":"","ping_status":"","sticky":false,"template":"","format":"standard","meta":{"footnotes":""},"categories":[2814],"tags":[1111,11,1777,674,1011,27,884,12,3147,882,25,1340,104],"class_list":{"0":"post-566281","1":"post","2":"type-post","3":"status-publish","4":"format-standard","5":"has-post-thumbnail","7":"category-marseille","8":"tag-actu","9":"tag-actualites","10":"tag-eu","11":"tag-europe","12":"tag-fr","13":"tag-france","14":"tag-marseille","15":"tag-news","16":"tag-nouveaux-commerces","17":"tag-provence-alpes-cote-dazur","18":"tag-republique-francaise","19":"tag-restaurant","20":"tag-societe"},"share_on_mastodon":{"url":"https:\/\/pubeurope.com\/@fr\/115632062806898913","error":""},"_links":{"self":[{"href":"https:\/\/www.europesays.com\/fr\/wp-json\/wp\/v2\/posts\/566281","targetHints":{"allow":["GET"]}}],"collection":[{"href":"https:\/\/www.europesays.com\/fr\/wp-json\/wp\/v2\/posts"}],"about":[{"href":"https:\/\/www.europesays.com\/fr\/wp-json\/wp\/v2\/types\/post"}],"author":[{"embeddable":true,"href":"https:\/\/www.europesays.com\/fr\/wp-json\/wp\/v2\/users\/2"}],"replies":[{"embeddable":true,"href":"https:\/\/www.europesays.com\/fr\/wp-json\/wp\/v2\/comments?post=566281"}],"version-history":[{"count":0,"href":"https:\/\/www.europesays.com\/fr\/wp-json\/wp\/v2\/posts\/566281\/revisions"}],"wp:featuredmedia":[{"embeddable":true,"href":"https:\/\/www.europesays.com\/fr\/wp-json\/wp\/v2\/media\/566282"}],"wp:attachment":[{"href":"https:\/\/www.europesays.com\/fr\/wp-json\/wp\/v2\/media?parent=566281"}],"wp:term":[{"taxonomy":"category","embeddable":true,"href":"https:\/\/www.europesays.com\/fr\/wp-json\/wp\/v2\/categories?post=566281"},{"taxonomy":"post_tag","embeddable":true,"href":"https:\/\/www.europesays.com\/fr\/wp-json\/wp\/v2\/tags?post=566281"}],"curies":[{"name":"wp","href":"https:\/\/api.w.org\/{rel}","templated":true}]}}