{"id":566283,"date":"2025-11-29T08:33:21","date_gmt":"2025-11-29T08:33:21","guid":{"rendered":"https:\/\/www.europesays.com\/fr\/566283\/"},"modified":"2025-11-29T08:33:21","modified_gmt":"2025-11-29T08:33:21","slug":"la-police-municipale-sinstalle-au-coeur-de-saint-jerome-ca-rassure-les-habitants","status":"publish","type":"post","link":"https:\/\/www.europesays.com\/fr\/566283\/","title":{"rendered":"la police municipale s&rsquo;installe au c\u0153ur de Saint-J\u00e9r\u00f4me, \u00e7a rassure les habitants"},"content":{"rendered":"<p>C\u2019\u00e9tait une attente forte des riverains des 13e et 14e arrondissements. Ce vendredi matin, la Ville de Marseille a inaugur\u00e9 une nouvelle antenne de police municipale avenue de Saint-J\u00e9r\u00f4me. Pour \u00ab\u00a0plus de bleu\u00a0\u00bb dans les rues, des effectifs en hausse et un retour \u00e0 la proximit\u00e9.<\/p>\n<p style=\"text-align: justify;\">L&rsquo;image est symbolique et marque un tournant pour le secteur nord. Ce vendredi 28 novembre, le maire Beno\u00eet Payan a officiellement inaugur\u00e9 le nouveau poste de police municipale situ\u00e9 au 77 avenue de Saint-J\u00e9r\u00f4me.<\/p>\n<p style=\"text-align: justify;\">Fini le sentiment d&rsquo;\u00e9loignement pour les habitants de ce noyau villageois : la police municipale s&rsquo;installe durablement au c\u0153ur du quartier. L&rsquo;objectif affich\u00e9 par la municipalit\u00e9 est clair : occuper le terrain et assurer une pr\u00e9sence visible dans tous les quartiers de Marseille, comme l&rsquo;a martel\u00e9 le maire de Marseille, Beno\u00eet Payan.<\/p>\n<p style=\"text-align: justify;\">\u00a0<\/p>\n<p style=\"text-align: justify;\"><strong>Le reportage dans cette vid\u00e9o.<\/strong><\/p>\n<p style=\"text-align: justify;\"><\/p>\n<p style=\"text-align: justify;\">(Interviews, images et montage : R\u00e9my Reponty pour Maritima M\u00e9dias.)<\/p>\n<p>\u00a0<br \/>\nUn emplacement \u00ab\u00a0strat\u00e9gique\u00a0\u00bb pour le secteur<\/p>\n<p style=\"text-align: justify;\">Ce local de 100 m\u00b2 n&rsquo;a pas \u00e9t\u00e9 choisi au hasard. Il permet aux agents de rayonner bien au-del\u00e0 de Saint-J\u00e9r\u00f4me, couvrant une zone allant du quartier de Saint-Joseph jusqu&rsquo;\u00e0 celui des Olives.<\/p>\n<p style=\"text-align: justify;\">C\u00e9line Lefl\u00e9fian, la directrice de la police municipale de Marseille, explique l&rsquo;int\u00e9r\u00eat op\u00e9rationnel de cette implantation :<\/p>\n<p style=\"text-align: justify;\">\u00ab\u00a0Le choix de ce lieu est crucial, il est strat\u00e9gique. Il permet de se d\u00e9placer tr\u00e8s rapidement et d&rsquo;\u00eatre vraiment implant\u00e9 au c\u0153ur d&rsquo;un noyau villageois, c&rsquo;est l&rsquo;ADN de la police de proximit\u00e9.\u00a0\u00bb<\/p>\n<p>\u00a0<br \/>\n\u00ab\u00a0On l&rsquo;attendait depuis longtemps\u00a0\u00bb<\/p>\n<p style=\"text-align: justify;\">Sur le terrain, l&rsquo;accueil est chaleureux dans le quartier, cette ouverture est v\u00e9cue comme un soulagement.<\/p>\n<p style=\"text-align: justify;\">\u00ab\u00a0\u00c9coutez, \u00e7a me rassure, d&rsquo;autant plus qu&rsquo;il y a eu beaucoup d&rsquo;accidents, de meurtres et tout&#8230; c&rsquo;est rassurant d&rsquo;avoir une police municipale dans le quartier\u00a0\u00bb, confie Sabrina, une habitante. Un passant rench\u00e9rit : \u00ab\u00a0Elle \u00e9tait attendue depuis tr\u00e8s longtemps\u00a0\u00bb.<\/p>\n<p style=\"text-align: justify;\">Pour Yannick Ohanessian, adjoint \u00e0 la tranquillit\u00e9 publique, le pari est r\u00e9ussi : \u00ab\u00a0Tout le monde est satisfait de voir qu&rsquo;il y a une police municipale qui retrouve le chemin de la proximit\u00e9\u00a0\u00bb.<\/p>\n<p style=\"text-align: justify;\">\u00a0<\/p>\n<p>Des effectifs qui vont doubler<\/p>\n<p style=\"text-align: justify;\">Concr\u00e8tement, ce poste fonctionne d\u00e9j\u00e0 avec dix agents d\u00e9di\u00e9s au secteur. Mais une mont\u00e9e en puissance est pr\u00e9vue. L&rsquo;effectif passera bient\u00f4t \u00e0 20 policiers municipaux gr\u00e2ce aux recrutements en cours.<\/p>\n<p style=\"text-align: justify;\">Une illustration directe de la politique de recrutement massive de la ville, qui est pass\u00e9e de 422 agents en 2020 \u00e0 707 agents \u00e0 la mi-novembre 2025, avec un objectif de 800 pour l&rsquo;an prochain.<\/p>\n<p style=\"text-align: justify;\">\u00a0<\/p>\n<p>Infos pratiques et suite du d\u00e9ploiement<\/p>\n<p style=\"text-align: justify;\">Le poste de proximit\u00e9 de la police municipale de Saint-J\u00e9r\u00f4me accueille le public pour recueillir les dol\u00e9ances :<\/p>\n<ul style=\"text-align: justify;\">\n<li>\n<p>Horaires : du lundi au vendredi, de 8h \u00e0 12h et de 14h \u00e0 18h30.<\/p>\n<\/li>\n<li>\n<p>Missions : \u00celotage, s\u00e9curisation des \u00e9coles et commerces, tranquillit\u00e9 publique.<\/p>\n<\/li>\n<\/ul>\n<p style=\"text-align: justify;\">Le maillage devrait continuer de se resserrer : apr\u00e8s la Canebi\u00e8re et Saint-J\u00e9r\u00f4me, le maire a annonc\u00e9 l&rsquo;ouverture tr\u00e8s prochaine d&rsquo;un poste similaire rue Loubon, dans le 3\u1d49 arrondissement.<\/p>\n<p>\u00a0<\/p>\n","protected":false},"excerpt":{"rendered":"C\u2019\u00e9tait une attente forte des riverains des 13e et 14e arrondissements. Ce vendredi matin, la Ville de Marseille&hellip;\n","protected":false},"author":2,"featured_media":566284,"comment_status":"","ping_status":"","sticky":false,"template":"","format":"standard","meta":{"footnotes":""},"categories":[2814],"tags":[1111,11,1777,674,1011,27,884,12,2872,882,8889,25,6381],"class_list":{"0":"post-566283","1":"post","2":"type-post","3":"status-publish","4":"format-standard","5":"has-post-thumbnail","7":"category-marseille","8":"tag-actu","9":"tag-actualites","10":"tag-eu","11":"tag-europe","12":"tag-fr","13":"tag-france","14":"tag-marseille","15":"tag-news","16":"tag-police-municipale","17":"tag-provence-alpes-cote-dazur","18":"tag-proximite","19":"tag-republique-francaise","20":"tag-ville-de-marseille"},"share_on_mastodon":{"url":"https:\/\/pubeurope.com\/@fr\/115632065946538062","error":""},"_links":{"self":[{"href":"https:\/\/www.europesays.com\/fr\/wp-json\/wp\/v2\/posts\/566283","targetHints":{"allow":["GET"]}}],"collection":[{"href":"https:\/\/www.europesays.com\/fr\/wp-json\/wp\/v2\/posts"}],"about":[{"href":"https:\/\/www.europesays.com\/fr\/wp-json\/wp\/v2\/types\/post"}],"author":[{"embeddable":true,"href":"https:\/\/www.europesays.com\/fr\/wp-json\/wp\/v2\/users\/2"}],"replies":[{"embeddable":true,"href":"https:\/\/www.europesays.com\/fr\/wp-json\/wp\/v2\/comments?post=566283"}],"version-history":[{"count":0,"href":"https:\/\/www.europesays.com\/fr\/wp-json\/wp\/v2\/posts\/566283\/revisions"}],"wp:featuredmedia":[{"embeddable":true,"href":"https:\/\/www.europesays.com\/fr\/wp-json\/wp\/v2\/media\/566284"}],"wp:attachment":[{"href":"https:\/\/www.europesays.com\/fr\/wp-json\/wp\/v2\/media?parent=566283"}],"wp:term":[{"taxonomy":"category","embeddable":true,"href":"https:\/\/www.europesays.com\/fr\/wp-json\/wp\/v2\/categories?post=566283"},{"taxonomy":"post_tag","embeddable":true,"href":"https:\/\/www.europesays.com\/fr\/wp-json\/wp\/v2\/tags?post=566283"}],"curies":[{"name":"wp","href":"https:\/\/api.w.org\/{rel}","templated":true}]}}