{"id":566285,"date":"2025-11-29T08:34:14","date_gmt":"2025-11-29T08:34:14","guid":{"rendered":"https:\/\/www.europesays.com\/fr\/566285\/"},"modified":"2025-11-29T08:34:14","modified_gmt":"2025-11-29T08:34:14","slug":"un-ciel-voile-ce-samedi-a-lyon","status":"publish","type":"post","link":"https:\/\/www.europesays.com\/fr\/566285\/","title":{"rendered":"Un ciel voil\u00e9 ce samedi \u00e0 Lyon"},"content":{"rendered":"<p>                            <img loading=\"lazy\" width=\"1200\" height=\"750\" class=\"attachment-article size-article wp-post-image lazyload\" alt=\"Fourvi\u00e8re \u00e0 lyon tour m\u00e9tallique m\u00e9t\u00e9o \u00e0 lyon ciel nuageux avec des \u00e9claircies\" decoding=\"async\" src=\"https:\/\/www.europesays.com\/fr\/wp-content\/uploads\/2025\/08\/4352394a-0475-4967-b7ef-e39fd1a1359b-e1754030890274.jpg\" data-eio-rwidth=\"1200\" data-eio-rheight=\"750\"\/><\/p>\n<p>Photo d\u2019illustration (@Nathan Chaize)<\/p>\n<p class=\"content\" style=\"font-size:1.2em;font-weight:700\">Les Lyonnais doivent s&rsquo;attendre \u00e0 un samedi 29 novembre nuageux, avec quelques \u00e9claircies dans l&rsquo;apr\u00e8s-midi. Les temp\u00e9ratures ne d\u00e9passeront pas les 12 degr\u00e9s. <\/p>\n<p>Ce samedi 29 novembre reste encore nuageux dans Lyon et sa m\u00e9tropole. Le ciel sera voil\u00e9 toute la journ\u00e9e, avec des \u00e9claircies par intermittence dans la journ\u00e9e. Aucune pluie n&rsquo;est cependant attendue. <\/p>\n<p>Les temp\u00e9ratures seront elles plus douce, avec 6 degr\u00e9s ce samedi matin. Le mercure atteindra les 12 degr\u00e9s au meilleur de la journ\u00e9e. <\/p>\n","protected":false},"excerpt":{"rendered":"Photo d\u2019illustration (@Nathan Chaize) Les Lyonnais doivent s&rsquo;attendre \u00e0 un samedi 29 novembre nuageux, avec quelques \u00e9claircies dans&hellip;\n","protected":false},"author":2,"featured_media":289356,"comment_status":"","ping_status":"","sticky":false,"template":"","format":"standard","meta":{"footnotes":""},"categories":[1889],"tags":[1111,11,2430,1777,674,1011,27,2428,2487,55015,12,25,2429],"class_list":{"0":"post-566285","1":"post","2":"type-post","3":"status-publish","4":"format-standard","5":"has-post-thumbnail","7":"category-lyon","8":"tag-actu","9":"tag-actualites","10":"tag-auvergne-rhone-alpes","11":"tag-eu","12":"tag-europe","13":"tag-fr","14":"tag-france","15":"tag-lyon","16":"tag-meteo","17":"tag-meteo-automne-lyon","18":"tag-news","19":"tag-republique-francaise","20":"tag-rhone"},"share_on_mastodon":{"url":"https:\/\/pubeurope.com\/@fr\/115632070246123379","error":""},"_links":{"self":[{"href":"https:\/\/www.europesays.com\/fr\/wp-json\/wp\/v2\/posts\/566285","targetHints":{"allow":["GET"]}}],"collection":[{"href":"https:\/\/www.europesays.com\/fr\/wp-json\/wp\/v2\/posts"}],"about":[{"href":"https:\/\/www.europesays.com\/fr\/wp-json\/wp\/v2\/types\/post"}],"author":[{"embeddable":true,"href":"https:\/\/www.europesays.com\/fr\/wp-json\/wp\/v2\/users\/2"}],"replies":[{"embeddable":true,"href":"https:\/\/www.europesays.com\/fr\/wp-json\/wp\/v2\/comments?post=566285"}],"version-history":[{"count":0,"href":"https:\/\/www.europesays.com\/fr\/wp-json\/wp\/v2\/posts\/566285\/revisions"}],"wp:featuredmedia":[{"embeddable":true,"href":"https:\/\/www.europesays.com\/fr\/wp-json\/wp\/v2\/media\/289356"}],"wp:attachment":[{"href":"https:\/\/www.europesays.com\/fr\/wp-json\/wp\/v2\/media?parent=566285"}],"wp:term":[{"taxonomy":"category","embeddable":true,"href":"https:\/\/www.europesays.com\/fr\/wp-json\/wp\/v2\/categories?post=566285"},{"taxonomy":"post_tag","embeddable":true,"href":"https:\/\/www.europesays.com\/fr\/wp-json\/wp\/v2\/tags?post=566285"}],"curies":[{"name":"wp","href":"https:\/\/api.w.org\/{rel}","templated":true}]}}