{"id":566286,"date":"2025-11-29T08:35:20","date_gmt":"2025-11-29T08:35:20","guid":{"rendered":"https:\/\/www.europesays.com\/fr\/566286\/"},"modified":"2025-11-29T08:35:20","modified_gmt":"2025-11-29T08:35:20","slug":"les-people-de-lyon-a-la-fete-cette-semaine","status":"publish","type":"post","link":"https:\/\/www.europesays.com\/fr\/566286\/","title":{"rendered":"les people de Lyon \u00e0 la f\u00eate cette semaine"},"content":{"rendered":"<p>Il est des semaines o\u00f9 se succ\u00e8dent \u00e0 Lyon les vedettes du petit \u00e9cran ou du show-biz. Cette troisi\u00e8me de novembre, ce sont les d\u00eeners de gala caritatifs qui se sont encha\u00een\u00e9s, certains le m\u00eame soir, ce qui rendait le choix difficile pour les people lyonnais. Retour en images sur ces \u00e9v\u00e9nements dont le but est d&rsquo;apporter du r\u00e9confort aux plus d\u00e9munis.<\/p>\n","protected":false},"excerpt":{"rendered":"Il est des semaines o\u00f9 se succ\u00e8dent \u00e0 Lyon les vedettes du petit \u00e9cran ou du show-biz. Cette&hellip;\n","protected":false},"author":2,"featured_media":566287,"comment_status":"","ping_status":"","sticky":false,"template":"","format":"standard","meta":{"footnotes":""},"categories":[1889],"tags":[1111,11,2430,28037,29359,2757,3153,1777,674,107,1011,27,2797,5325,2798,2428,2800,12,2799,25,2429,273,104,6345],"class_list":{"0":"post-566286","1":"post","2":"type-post","3":"status-publish","4":"format-standard","5":"has-post-thumbnail","7":"category-lyon","8":"tag-actu","9":"tag-actualites","10":"tag-auvergne-rhone-alpes","11":"tag-collonges-au-mont-dor","12":"tag-dardilly","13":"tag-edition-lyon-villeurbanne","14":"tag-edition-ouest-lyonnais","15":"tag-eu","16":"tag-europe","17":"tag-fil-info","18":"tag-fr","19":"tag-france","20":"tag-galerie-loisirs","21":"tag-galerie-media","22":"tag-galerie-photo","23":"tag-lyon","24":"tag-metropole","25":"tag-news","26":"tag-people-lyon","27":"tag-republique-francaise","28":"tag-rhone","29":"tag-selection-de-la-redaction","30":"tag-societe","31":"tag-villeurbanne"},"share_on_mastodon":{"url":"https:\/\/pubeurope.com\/@fr\/115632073820673333","error":""},"_links":{"self":[{"href":"https:\/\/www.europesays.com\/fr\/wp-json\/wp\/v2\/posts\/566286","targetHints":{"allow":["GET"]}}],"collection":[{"href":"https:\/\/www.europesays.com\/fr\/wp-json\/wp\/v2\/posts"}],"about":[{"href":"https:\/\/www.europesays.com\/fr\/wp-json\/wp\/v2\/types\/post"}],"author":[{"embeddable":true,"href":"https:\/\/www.europesays.com\/fr\/wp-json\/wp\/v2\/users\/2"}],"replies":[{"embeddable":true,"href":"https:\/\/www.europesays.com\/fr\/wp-json\/wp\/v2\/comments?post=566286"}],"version-history":[{"count":0,"href":"https:\/\/www.europesays.com\/fr\/wp-json\/wp\/v2\/posts\/566286\/revisions"}],"wp:featuredmedia":[{"embeddable":true,"href":"https:\/\/www.europesays.com\/fr\/wp-json\/wp\/v2\/media\/566287"}],"wp:attachment":[{"href":"https:\/\/www.europesays.com\/fr\/wp-json\/wp\/v2\/media?parent=566286"}],"wp:term":[{"taxonomy":"category","embeddable":true,"href":"https:\/\/www.europesays.com\/fr\/wp-json\/wp\/v2\/categories?post=566286"},{"taxonomy":"post_tag","embeddable":true,"href":"https:\/\/www.europesays.com\/fr\/wp-json\/wp\/v2\/tags?post=566286"}],"curies":[{"name":"wp","href":"https:\/\/api.w.org\/{rel}","templated":true}]}}