{"id":566290,"date":"2025-11-29T08:38:13","date_gmt":"2025-11-29T08:38:13","guid":{"rendered":"https:\/\/www.europesays.com\/fr\/566290\/"},"modified":"2025-11-29T08:38:13","modified_gmt":"2025-11-29T08:38:13","slug":"la-mort-filmee-de-deux-palestiniens-revelatrice-des-methodes-de-larmee-israelienne-en-cisjordanie","status":"publish","type":"post","link":"https:\/\/www.europesays.com\/fr\/566290\/","title":{"rendered":"La mort film\u00e9e de deux Palestiniens, r\u00e9v\u00e9latrice des m\u00e9thodes de l\u2019arm\u00e9e isra\u00e9lienne en Cisjordanie"},"content":{"rendered":"<p>                     <img loading=\"lazy\" decoding=\"async\" src=\"https:\/\/www.europesays.com\/fr\/wp-content\/uploads\/2025\/11\/621c755_ftp-import-images-1-iebqawroq4bw-a6184f7d758f4da8b7361c423ef2836a-0-916d4ce728cb42b39c91ac32.jpeg\" alt=\"Cette image tir\u00e9e d\u2019une vid\u00e9o diffus\u00e9e par Palestine TV montre deux Palestiniens agenouill\u00e9s devant les forces isra\u00e9liennes peu avant d\u2019\u00eatre abattus lors d\u2019une op\u00e9ration militaire \u00e0 J\u00e9nine, en Cisjordanie, le 27\u00a0novembre 2025. \"   width=\"664\" height=\"443\"\/>    Cette image tir\u00e9e d\u2019une vid\u00e9o diffus\u00e9e par Palestine TV montre deux Palestiniens agenouill\u00e9s devant les forces isra\u00e9liennes peu avant d\u2019\u00eatre abattus lors d\u2019une op\u00e9ration militaire \u00e0 J\u00e9nine, en Cisjordanie, le 27\u00a0novembre 2025.  PALESTINE TV VIA AP                 <\/p>\n<p class=\"article__paragraph  \">Face \u00e0 la force des images, Isra\u00ebl n\u2019a pas eu d\u2019autre choix que d\u2019ouvrir une enqu\u00eate sur le comportement de ses militaires \u00e0 J\u00e9nine, jeudi 27\u00a0novembre, dans le nord de la Cisjordanie occup\u00e9e. Au cours d\u2019une intervention, trois membres de la police des fronti\u00e8res, l\u2019\u00e9quivalent de la gendarmerie, avaient ouvert le feu sur deux Palestiniens qui venaient pourtant, visiblement, de se rendre. Sur la vid\u00e9o, les deux hommes sortent d\u2019une maison dont la devanture vient d\u2019\u00eatre arrach\u00e9e par un bulldozer de l\u2019arm\u00e9e. Ils soul\u00e8vent leurs v\u00eatements pour montrer qu\u2019ils ne portent pas d\u2019explosif sur eux, s\u2019approchent des soldats, s\u2019agenouillent puis se rel\u00e8vent lentement, sans qu\u2019il soit possible de d\u00e9terminer s\u2019ils agissent sur ordre ou de fa\u00e7on ind\u00e9pendante.<\/p>\n<p class=\"article__paragraph  \">Les militaires font alors feu, tuant les hommes de 26 et 37\u00a0ans, pr\u00e9sent\u00e9s par l\u2019arm\u00e9e comme des \u00ab\u00a0terroristes\u00a0\u00bb recherch\u00e9s pour des \u00ab\u00a0jets d\u2019explosifs et des tirs sur les forces de s\u00e9curit\u00e9\u00a0\u00bb. Quelques heures seulement apr\u00e8s le d\u00e9but des investigations, les trois membres de l\u2019unit\u00e9 d\u2019\u00e9lite de la police des fronti\u00e8res ont \u00e9t\u00e9 remis en libert\u00e9.<\/p>\n<p class=\"reading-mode-only \"><strong>Il vous reste 82.16% de cet article \u00e0 lire. La suite est r\u00e9serv\u00e9e aux abonn\u00e9s.<\/strong><\/p>\n","protected":false},"excerpt":{"rendered":"Cette image tir\u00e9e d\u2019une vid\u00e9o diffus\u00e9e par Palestine TV montre deux Palestiniens agenouill\u00e9s devant les forces isra\u00e9liennes peu&hellip;\n","protected":false},"author":2,"featured_media":566291,"comment_status":"","ping_status":"","sticky":false,"template":"","format":"standard","meta":{"footnotes":""},"categories":[1888],"tags":[1111,1928,11,1927,1777,674,1011,27,12,1926,626,1925,25],"class_list":{"0":"post-566290","1":"post","2":"type-post","3":"status-publish","4":"format-standard","5":"has-post-thumbnail","7":"category-paris","8":"tag-actu","9":"tag-actu-paris","10":"tag-actualites","11":"tag-actualites-paris","12":"tag-eu","13":"tag-europe","14":"tag-fr","15":"tag-france","16":"tag-news","17":"tag-news-paris","18":"tag-paris","19":"tag-paris-news","20":"tag-republique-francaise"},"share_on_mastodon":{"url":"https:\/\/pubeurope.com\/@fr\/115632086511041304","error":""},"_links":{"self":[{"href":"https:\/\/www.europesays.com\/fr\/wp-json\/wp\/v2\/posts\/566290","targetHints":{"allow":["GET"]}}],"collection":[{"href":"https:\/\/www.europesays.com\/fr\/wp-json\/wp\/v2\/posts"}],"about":[{"href":"https:\/\/www.europesays.com\/fr\/wp-json\/wp\/v2\/types\/post"}],"author":[{"embeddable":true,"href":"https:\/\/www.europesays.com\/fr\/wp-json\/wp\/v2\/users\/2"}],"replies":[{"embeddable":true,"href":"https:\/\/www.europesays.com\/fr\/wp-json\/wp\/v2\/comments?post=566290"}],"version-history":[{"count":0,"href":"https:\/\/www.europesays.com\/fr\/wp-json\/wp\/v2\/posts\/566290\/revisions"}],"wp:featuredmedia":[{"embeddable":true,"href":"https:\/\/www.europesays.com\/fr\/wp-json\/wp\/v2\/media\/566291"}],"wp:attachment":[{"href":"https:\/\/www.europesays.com\/fr\/wp-json\/wp\/v2\/media?parent=566290"}],"wp:term":[{"taxonomy":"category","embeddable":true,"href":"https:\/\/www.europesays.com\/fr\/wp-json\/wp\/v2\/categories?post=566290"},{"taxonomy":"post_tag","embeddable":true,"href":"https:\/\/www.europesays.com\/fr\/wp-json\/wp\/v2\/tags?post=566290"}],"curies":[{"name":"wp","href":"https:\/\/api.w.org\/{rel}","templated":true}]}}