{"id":566292,"date":"2025-11-29T08:39:20","date_gmt":"2025-11-29T08:39:20","guid":{"rendered":"https:\/\/www.europesays.com\/fr\/566292\/"},"modified":"2025-11-29T08:39:20","modified_gmt":"2025-11-29T08:39:20","slug":"eric-zemmour-se-projette-sur-2027-mais-elle-en-a-aussi-envie-sarah-knafo-la-grande-remplacante","status":"publish","type":"post","link":"https:\/\/www.europesays.com\/fr\/566292\/","title":{"rendered":"\u00ab\u00a0\u00c9ric Zemmour se projette sur 2027. Mais elle en a aussi envie\u00a0\u00bb\u00a0: Sarah Knafo, la grande rempla\u00e7ante\u00a0?"},"content":{"rendered":"<p class=\"paragraph text_align_left lp-f-body-02\">Lundi 24 novembre, elle d\u00e9battait \u00e0 Strasbourg avec l\u2019eurod\u00e9put\u00e9e (Renaissance) Nathalie Loiseau. Le lendemain, elle \u00e9tait l\u2019une des invit\u00e9es les plus en vue de la soir\u00e9e du Journal du Dimanche au D\u00f4me de Paris (o\u00f9 elle a encha\u00een\u00e9 les selfies), aux c\u00f4t\u00e9s de <a href=\"https:\/\/www.leparisien.fr\/politique\/operation-de-com-de-lr-au-rn-la-petition-de-philippe-de-villiers-sur-limmigration-accueillie-avec-prudence-16-09-2025-2TJWGRBORRELZFDUIGQMC77SGQ.php\" target=\"_blank\" rel=\"noreferrer noopener\">Philippe de Villiers<\/a>. Le JD News, la version magazine du quotidien dominical, a d\u00e9j\u00e0 fait deux unes sur elle quand Valeurs Actuelles lui a carr\u00e9ment consacr\u00e9 un hors-s\u00e9rie de 68 pages : \u00ab Sarah Knafo de A \u00e0 Z \u00bb. De \u00ab Z \u00bb justement, il en est de moins en moins question.<\/p>\n<p class=\"paragraph text_align_left lp-f-body-02\"><a href=\"https:\/\/www.leparisien.fr\/politique\/eric-zemmour\/\" target=\"_blank\" rel=\"noreferrer noopener\">\u00c9ric Zemmour <\/a>est pourtant lanc\u00e9 dans une <a href=\"https:\/\/www.leparisien.fr\/politique\/presidentielle-2027-je-my-prepare-et-jobserve-assure-eric-zemmour-21-10-2025-3NIG4A6HPNHYZIPVTZTKMGDSAU.php\" target=\"_blank\" rel=\"noopener\">tourn\u00e9e de d\u00e9dicaces<\/a> de son nouveau livre \u00ab La messe n\u2019est pas dite \u00bb (Fayard). Un essai sur les racines jud\u00e9o-chr\u00e9tiennes de la France qui n\u2019a pas \u00e9t\u00e9 envoy\u00e9 aux journalistes politiques. Comme si le pr\u00e9sident de Reconqu\u00eate avait commenc\u00e9 \u00e0 passer le relais du combat \u00e9lectoral \u00e0 son ancienne conseill\u00e8re et compagne. Les int\u00e9ress\u00e9s nient. Mais une chose est s\u00fbre : l\u2019incarnation de Reconqu\u00eate est bien bic\u00e9phale depuis que <a href=\"https:\/\/www.leparisien.fr\/politique\/cest-de-la-course-au-buzz-sarah-knafo-la-tres-visible-elue-du-parti-reconquete-20-01-2025-WBA455J7NNFL3KKMNQ3HQONNQA.php\" target=\"_blank\" rel=\"noreferrer noopener\">Sarah Knafo<\/a> et \u00c9ric Zemmour ont accord\u00e9 une interview ensemble au <a href=\"https:\/\/www.lejdd.fr\/politique\/eric-zemmour-et-sarah-knafo-les-temps-de-tempete-exigent-des-solutions-radicales-161409\" target=\"_blank\" rel=\"noreferrer noopener\">JDD<\/a> fin ao\u00fbt.<\/p>\n","protected":false},"excerpt":{"rendered":"Lundi 24 novembre, elle d\u00e9battait \u00e0 Strasbourg avec l\u2019eurod\u00e9put\u00e9e (Renaissance) Nathalie Loiseau. Le lendemain, elle \u00e9tait l\u2019une des&hellip;\n","protected":false},"author":2,"featured_media":566293,"comment_status":"","ping_status":"","sticky":false,"template":"","format":"standard","meta":{"footnotes":""},"categories":[1888],"tags":[1111,1928,11,1927,1777,674,1011,27,12,1926,626,1925,316,25],"class_list":{"0":"post-566292","1":"post","2":"type-post","3":"status-publish","4":"format-standard","5":"has-post-thumbnail","7":"category-paris","8":"tag-actu","9":"tag-actu-paris","10":"tag-actualites","11":"tag-actualites-paris","12":"tag-eu","13":"tag-europe","14":"tag-fr","15":"tag-france","16":"tag-news","17":"tag-news-paris","18":"tag-paris","19":"tag-paris-news","20":"tag-politique","21":"tag-republique-francaise"},"share_on_mastodon":{"url":"https:\/\/pubeurope.com\/@fr\/115632089582981667","error":""},"_links":{"self":[{"href":"https:\/\/www.europesays.com\/fr\/wp-json\/wp\/v2\/posts\/566292","targetHints":{"allow":["GET"]}}],"collection":[{"href":"https:\/\/www.europesays.com\/fr\/wp-json\/wp\/v2\/posts"}],"about":[{"href":"https:\/\/www.europesays.com\/fr\/wp-json\/wp\/v2\/types\/post"}],"author":[{"embeddable":true,"href":"https:\/\/www.europesays.com\/fr\/wp-json\/wp\/v2\/users\/2"}],"replies":[{"embeddable":true,"href":"https:\/\/www.europesays.com\/fr\/wp-json\/wp\/v2\/comments?post=566292"}],"version-history":[{"count":0,"href":"https:\/\/www.europesays.com\/fr\/wp-json\/wp\/v2\/posts\/566292\/revisions"}],"wp:featuredmedia":[{"embeddable":true,"href":"https:\/\/www.europesays.com\/fr\/wp-json\/wp\/v2\/media\/566293"}],"wp:attachment":[{"href":"https:\/\/www.europesays.com\/fr\/wp-json\/wp\/v2\/media?parent=566292"}],"wp:term":[{"taxonomy":"category","embeddable":true,"href":"https:\/\/www.europesays.com\/fr\/wp-json\/wp\/v2\/categories?post=566292"},{"taxonomy":"post_tag","embeddable":true,"href":"https:\/\/www.europesays.com\/fr\/wp-json\/wp\/v2\/tags?post=566292"}],"curies":[{"name":"wp","href":"https:\/\/api.w.org\/{rel}","templated":true}]}}