{"id":566294,"date":"2025-11-29T08:40:12","date_gmt":"2025-11-29T08:40:12","guid":{"rendered":"https:\/\/www.europesays.com\/fr\/566294\/"},"modified":"2025-11-29T08:40:12","modified_gmt":"2025-11-29T08:40:12","slug":"ce-fils-dun-boucher-charcutier-de-paris-est-une-legende-de-la-chanson-emmanuel-macron-lui-rend-hommage","status":"publish","type":"post","link":"https:\/\/www.europesays.com\/fr\/566294\/","title":{"rendered":"Ce fils d&rsquo;un boucher-charcutier de Paris est une l\u00e9gende de la chanson, Emmanuel Macron lui rend hommage"},"content":{"rendered":"<p>                    Par<br \/>\n        <strong><br \/>\n            <a href=\"https:\/\/actu.fr\/auteur\/thomas-martin\" title=\"Consulter tous les articles de Thomas Martin\" target=\"_blank\" rel=\"noopener\">Thomas Martin<\/a><br \/>\n                    <\/strong><\/p>\n<p>        Publi\u00e9 le<\/p>\n<p>            29 nov. 2025 \u00e0 7h50        <\/p>\n<p>La c\u00e9r\u00e9monie a eu lieu sous les dorures du palais de l\u2019Elys\u00e9e, en pr\u00e9sence d\u2019<a href=\"https:\/\/actu.fr\/tag\/emmanuel-macron\" target=\"_blank\" rel=\"noopener\">Emmanuel Macron<\/a>. Mercredi 26 novembre, le compositeur <strong>Jacques Revaux<\/strong>, 85 ans, s\u2019est vu remettre par le pr\u00e9sident de la R\u00e9publique, les insignes de chevalier de la L\u00e9gion d\u2019Honneur. Le chef de l\u2019\u00c9tat a salu\u00e9 un \u201ccr\u00e9ateur de g\u00e9nie\u201d, capable, disait-il, \u00ab de transformer notre palais en une Java de Broadway \u00bb d\u00e8s qu\u2019on fredonne l\u2019une de ses m\u00e9lodies. Ce geste vient r\u00e9compenser une carri\u00e8re hors norme, faite de tubes et de succ\u00e8s plan\u00e9taires comme \u00ab\u00a0My way\u00a0\u00bb.\u00a0<\/p>\n<p>\u00ab\u00a0Comme d\u2019habitude\u00a0\u00bb co-\u00e9crite avec Claude Fran\u00e7ois<\/p>\n<p class=\" wall-content\">N\u00e9 le 11 juillet 1940 \u00e0 Azay-sur-Cher (Indre-et-Loire), Jacques Revaux est n\u00e9 loin du milieu de la chanson. Son p\u00e8re \u00e9tait boucher-charcutier dans le quartier de Belleville \u00e0 Paris. Si, \u00e0 la fin des ann\u00e9es 1950 l\u2019adolescent r\u00eave de cin\u00e9ma, de com\u00e9die, c\u2019est la musique qui finira par le gagner. Il tente sa chance comme chanteur, participe aux concours comme le \u00ab Coq d\u2019or \u00bb en 1958, et enregistre ses premiers disques au d\u00e9but des ann\u00e9es 1960. Mais, c\u2019est dans la composition qu\u2019il va exceller.\u00a0<\/p>\n<p class=\" wall-content\">En 1967, il compose la musique de \u00ab\u00a0Comme d\u2019habitude\u00a0\u00bb \u2014 co-\u00e9crite avec Claude Fran\u00e7ois \u2014 destin\u00e9e \u00e0 l\u2019\u00e9poque \u00e0 Hugues Aufray.\u00a0 La chanson deviendra un classique. On retiendra le nom du chanteur pas du v\u00e9ritable compositeur. Il expliquait il y a quelques ann\u00e9es au <a href=\"https:\/\/www.lefigaro.fr\/musique\/il-y-a-50-ans-comme-d-habitude-devenait-my-way-20191113\" target=\"_blank\" rel=\"noopener\">Figaro<\/a> : \u00ab\u00a0Compositeur : Claude Fran\u00e7ois, Jacques Revaux. Auteur : Gilles Thibaut, lit-on dans le r\u00e9pertoire des \u0153uvres de la Sacem. Je ne regrette pas, mon seul regret c\u2019est que j\u2019ai disparu, pour le grand public, de la signature. Claude, paix \u00e0 ses cendres, comme toutes les vedettes a dit: \u201cJ\u2019ai fait\u201d.\u00bb\u00a0<\/p>\n<p class=\" wall-content\">La chanson donnera naissance \u00e0 un des airs les plus c\u00e9l\u00e8bres de la musique mondiale : \u00ab\u00a0My Way\u00a0\u00bb dans sa version anglaise, immortalis\u00e9 notamment par Frank Sinatra. Il croisera une seule fois la star : \u00abC\u2019\u00e9tait \u00e0 une remise de m\u00e9daille \u00e0 l\u2019h\u00f4tel de ville de Paris. Mais je n\u2019ai m\u00eame pas conserv\u00e9 une photo avec lui.\u00bb<\/p>\n<p class=\" wall-content\">On estime que la m\u00e9lodie de Jacques Revaux a \u00e9t\u00e9 reprise des milliers de fois, dans des centaines de versions diff\u00e9rentes, vendant \u2014 selon certains comptes \u2014 plus d\u2019un milliard d\u2019exemplaires cumul\u00e9s.<\/p>\n<p class=\" wall-content\">\n<p>De nombreux tubes pour Michel Sardou<\/p>\n<p class=\" wall-content\">Il est aussi l\u2019auteur \u2014 et souvent le producteur \u2014 de nombreux titres pour <a href=\"https:\/\/actu.fr\/tag\/michel-sardou\" target=\"_blank\" rel=\"noopener\">Michel Sardou<\/a>. \u00ab Parce que c\u2019\u00e9tait lui, parce que c\u2019\u00e9tait vous, un homme qui marche \u00e0 l\u2019instinct. Pour Michel Sardou, vous composez \u00ab J\u2019habite en France \u00bb, \u00ab La maladie d\u2019amour \u00bb, \u00ab Le France \u00bb, \u00ab Les lacs du Connemara \u00bb, \u00ab Vladimir Illitch \u00bb et tant d\u2019autres qui ont fait chanter notre pays. D\u00e9sormais, elle court, elle court, la route du succ\u00e8s \u00bb, a rappel\u00e9 Emmanuel Macron.\u00a0<\/p>\n<p class=\" wall-content\">Au fil des ann\u00e9es, il collabore aussi avec d\u2019autres grands noms de la chanson et de la vari\u00e9t\u00e9 fran\u00e7aise. Parmi eux, Johnny Hallyday qu\u2019il \u00ab\u00a0remet en selle\u00a0\u00bb en 1976 comme le rappelait Paris Match. L\u2019album \u00ab Derri\u00e8re l\u2019amour \u00bb est un de ses meilleurs avec d\u2019\u00e9normes tubes : \u00ab Gabrielle \u00bb, \u00ab Requiem pour un fou \u00bb, \u00ab Joue pas de rock\u2019n roll pour moi \u00bb\u2026<\/p>\n<p>Votre r\u00e9gion, votre actu !<\/p>\n<p>Recevez chaque jour les infos qui comptent pour vous.<\/p>\n<p>\t<a href=\"https:\/\/actu.fr\/newsletter\" class=\"ac-btn ac-btn--corner ac-btn--medium ac-btn--blue800\" target=\"_blank\" rel=\"noopener\">S&rsquo;incrire<\/a><\/p>\n<p class=\" wall-content\">En plus d\u2019\u00eatre un compositeur prolifique, Revaux fonde en 1969 le label Tr\u00e9ma, avec son associ\u00e9 R\u00e9gis Talar \u2014\u00a0 qui deviendra une v\u00e9ritable p\u00e9pini\u00e8re pour la chanson fran\u00e7aise, et contribuera largement au succ\u00e8s de nombre d\u2019artistes.<\/p>\n<p class=\" wall-content\">Un immense succ\u00e8s donc pour un homme qui n\u2019a jamais cherch\u00e9 \u00e0 \u00eatre sur le devant de la sc\u00e8ne, traversant les d\u00e9cennies sans faire de bruit.\u00a0<\/p>\n<p class=\" wall-content\">Conclusion du pr\u00e9sident de la R\u00e9publique : \u00ab\u00a0On dit que la vie, c\u2019est une folie, et que la folie, \u00e7a se danse\u2026Oui, une danse, une valse avec les l\u00e9gendes de notre vari\u00e9t\u00e9 fran\u00e7aise (\u2026) 500 chansons compos\u00e9es. Pas une de plus, voil\u00e0 la limite que vous vous \u00eates fix\u00e9e. 500 titres connus de tous les Fran\u00e7ais, 500 \u0153uvres qui constituent aujourd\u2019hui un patrimoine culturel immat\u00e9riel \u00e0 nul autre pareil, un patrimoine populaire et g\u00e9n\u00e9reux, un patrimoine \u00e0 votre image, sur le bout des l\u00e8vres, au plus profond du c\u0153ur \u00bb.\u00a0<\/p>\n<p class=\" wall-content\">Personnalisez votre actualit\u00e9 en ajoutant vos villes et m\u00e9dias en favori avec <a href=\"https:\/\/moncompte.actu.fr\" title=\"D\u00e9couvez Mon Actu\" rel=\"nofollow noopener\" data-trk=\"{&quot;cta&quot;:{&quot;action&quot;:&quot;https:\\\/\\\/moncompte.actu.fr&quot;,&quot;category&quot;:&quot;mon compte&quot;,&quot;from&quot;:&quot;article footer&quot;,&quot;name&quot;:&quot;Mon actu&quot;,&quot;type&quot;:&quot;cta&quot;}}\" target=\"_blank\">Mon Actu<\/a>.<\/p>\n","protected":false},"excerpt":{"rendered":"Par Thomas Martin Publi\u00e9 le 29 nov. 2025 \u00e0 7h50 La c\u00e9r\u00e9monie a eu lieu sous les dorures&hellip;\n","protected":false},"author":2,"featured_media":566295,"comment_status":"","ping_status":"","sticky":false,"template":"","format":"standard","meta":{"footnotes":""},"categories":[1888],"tags":[11,1695,1777,674,1011,27,1652,30040,873,12,626,25],"class_list":{"0":"post-566294","1":"post","2":"type-post","3":"status-publish","4":"format-standard","5":"has-post-thumbnail","7":"category-paris","8":"tag-actualites","9":"tag-chanson","10":"tag-eu","11":"tag-europe","12":"tag-fr","13":"tag-france","14":"tag-loisirs-culture","15":"tag-michel-sardou","16":"tag-musique","17":"tag-news","18":"tag-paris","19":"tag-republique-francaise"},"share_on_mastodon":{"url":"https:\/\/pubeurope.com\/@fr\/115632093532248902","error":""},"_links":{"self":[{"href":"https:\/\/www.europesays.com\/fr\/wp-json\/wp\/v2\/posts\/566294","targetHints":{"allow":["GET"]}}],"collection":[{"href":"https:\/\/www.europesays.com\/fr\/wp-json\/wp\/v2\/posts"}],"about":[{"href":"https:\/\/www.europesays.com\/fr\/wp-json\/wp\/v2\/types\/post"}],"author":[{"embeddable":true,"href":"https:\/\/www.europesays.com\/fr\/wp-json\/wp\/v2\/users\/2"}],"replies":[{"embeddable":true,"href":"https:\/\/www.europesays.com\/fr\/wp-json\/wp\/v2\/comments?post=566294"}],"version-history":[{"count":0,"href":"https:\/\/www.europesays.com\/fr\/wp-json\/wp\/v2\/posts\/566294\/revisions"}],"wp:featuredmedia":[{"embeddable":true,"href":"https:\/\/www.europesays.com\/fr\/wp-json\/wp\/v2\/media\/566295"}],"wp:attachment":[{"href":"https:\/\/www.europesays.com\/fr\/wp-json\/wp\/v2\/media?parent=566294"}],"wp:term":[{"taxonomy":"category","embeddable":true,"href":"https:\/\/www.europesays.com\/fr\/wp-json\/wp\/v2\/categories?post=566294"},{"taxonomy":"post_tag","embeddable":true,"href":"https:\/\/www.europesays.com\/fr\/wp-json\/wp\/v2\/tags?post=566294"}],"curies":[{"name":"wp","href":"https:\/\/api.w.org\/{rel}","templated":true}]}}