{"id":566298,"date":"2025-11-29T08:42:12","date_gmt":"2025-11-29T08:42:12","guid":{"rendered":"https:\/\/www.europesays.com\/fr\/566298\/"},"modified":"2025-11-29T08:42:12","modified_gmt":"2025-11-29T08:42:12","slug":"comment-la-russie-enrole-de-force-des-ukrainiens-dans-son-armee","status":"publish","type":"post","link":"https:\/\/www.europesays.com\/fr\/566298\/","title":{"rendered":"comment la Russie enr\u00f4le de force des Ukrainiens dans son arm\u00e9e"},"content":{"rendered":"<p>\n    <strong>ENQU\u00caTE &#8211; <\/strong>Depuis 2022, Moscou a mobilis\u00e9 sous la contrainte des dizaines de milliers d\u2019habitants des territoires occup\u00e9s. \u00c0 tel point que pr\u00e8s de 16% des soldats \u00abrusses\u00bb captur\u00e9s par Kiev sont en r\u00e9alit\u00e9 des Ukrainiens.<\/p>\n<p class=\"fig-paragraph\"><a href=\"http:\/\/www.lefigaro.fr\/la-lettre-du-figaro-du-22-fevrier-2022-20220222\" target=\"_blank\" data-fig-type=\"Article\" rel=\"noopener\" data-gtm-custom-categorie=\"navigation\" data-gtm-custom-action=\"crossclick\" data-gtm-custom-label=\"Contextuel\" data-gtm-event=\"customEventSPE\" data-fig-domain=\"LEFIGARO\">Le 22 f\u00e9vrier 2022<\/a>, le facteur remet une lettre \u00e0 Ilia*. \u00ab La lettre m\u2019ordonnait de me pr\u00e9senter le lendemain au commissariat militaire pour un entra\u00eenement\u00a0\u00bb, raconte-t-il. La guerre lui semble alors lointaine.\u00a0<a href=\"http:\/\/www.lefigaro.fr\/international\/c-est-notre-territoire-point-final-zelensky-refuse-de-ceder-la-crimee-a-la-russie-20250423\" target=\"_blank\" data-fig-type=\"Article\" rel=\"noopener\" data-gtm-custom-categorie=\"navigation\" data-gtm-custom-action=\"crossclick\" data-gtm-custom-label=\"Contextuel\" data-gtm-event=\"customEventSPE\" data-fig-domain=\"LEFIGARO\">En 2014, quand son village pr\u00e8s de la fronti\u00e8re russe passe sous contr\u00f4le de Moscou<\/a>, via des R\u00e9publiques s\u00e9paratistes fantoches, il n\u2019a que 13 ans. Plusieurs de ses amis se pr\u00e9sentent au recrutement. Ilia h\u00e9site. \u00ab Si tout le monde y va, pourquoi pas moi\u00a0?\u00a0\u00bb, se dit-il. Comme chaque ann\u00e9e, le jeune homme de 24 ans doit partir en Crim\u00e9e pour un travail saisonnier. \u00ab Je ne voulais pas d\u2019ennuis avec la police ou l\u2019administration\u00a0\u00bb, explique-t-il. Il se pr\u00e9sente finalement le 24 f\u00e9vrier, persuad\u00e9 que \u00ab \u00e7a ne durera pas longtemps\u00a0\u00bb.<\/p>\n<p class=\"fig-paragraph\">Sur place, on lui donne un uniforme, une arme, puis on l\u2019envoie \u00ab sans r\u00e9el entra\u00eenement\u00a0\u00bb sur le front de Kherson, o\u00f9 il sert dix mois. Dans une unit\u00e9 d\u2019Ukrainiens du Donbass, il ravitaille les postes avanc\u00e9s, rapatrie les corps et \u00e9vacue les bless\u00e9s. \u00ab C\u2019est l\u00e0 que j\u2019ai compris que c\u2019\u00e9tait la guerre et que je ne pouvais pas y \u00e9chapper\u00a0\u00bb, raconte Ilia.<\/p>\n<p>                                            <a class=\"fig-a11y-skip\" href=\"#fig-a11y-skip-main-inarticle\" data-module=\"a11y-skip\" data-context=\"was @visible\"><br \/>\n    Passer la publicit\u00e9<br \/>\n<\/a>            <\/p>\n<p class=\"fig-paragraph\">Selon le Centre ukrainien de coordination pour le traitement des prisonniers de guerre, entre 2022 et juillet 2025, la Russie\u00a0<a href=\"https:\/\/www.pravda.com.ua\/eng\/news\/2025\/11\/18\/8007833\/\" target=\"_blank\" rel=\"sponsored noopener\" data-gtm-custom-categorie=\"navigation\" data-gtm-custom-action=\"crossclick\" data-gtm-custom-label=\"Contextuel\" data-gtm-event=\"customEventSPE\">a mobilis\u00e9 de force<\/a>\u00a046\u00a0327 Ukrainiens dans les territoires occup\u00e9s. Les experts pensent que ce pourrait \u00eatre le double. Une part importante de ces \u00ab malgr\u00e9 nous\u00a0\u00bb a \u00e9t\u00e9 enr\u00f4l\u00e9e au d\u00e9but de l\u2019invasion, autour du 24 f\u00e9vrier 2022.<\/p>\n<p class=\"fig-body-link\">\n            \u00c0 lire aussi<br \/>\n        <a class=\"fig-body-link__link fig-premium-mark\" href=\"http:\/\/www.lefigaro.fr\/international\/en-manque-de-soldats-l-ukraine-a-commence-a-reformer-son-systeme-de-mobilisation-20240411\" target=\"_blank\" data-fig-type=\"Article\" rel=\"noopener\" data-gtm-custom-categorie=\"navigation\" data-gtm-custom-action=\"crossclick\" data-gtm-custom-label=\"Contextuel\" data-gtm-event=\"customEventSPE\" data-fig-domain=\"LEFIGARO\"><\/p>\n<p>        En manque de soldats, l\u2019Ukraine a commenc\u00e9 \u00e0 r\u00e9former son syst\u00e8me de mobilisation<br \/>\n    <\/a>\n<\/p>\n<p class=\"fig-paragraph\">Le Figaro a enqu\u00eat\u00e9 plusieurs mois sur cette mobilisation forc\u00e9e dans les territoires occup\u00e9s, ferm\u00e9s \u00e0 la presse ind\u00e9pendante. L\u2019enqu\u00eate se base sur des t\u00e9moignages d\u2019habitants et d\u2019exil\u00e9s, d\u2019ONG et des autorit\u00e9s ukrainiennes, ainsi que des r\u00e9cits de prisonniers comme Ilia, interview\u00e9s dans un camp ukrainien pour prisonniers de guerre, dans une pi\u00e8ce sans ge\u00f4liers. Selon le Centre de coordination, pr\u00e8s de 16% des soldats captur\u00e9s par Kiev sont en r\u00e9alit\u00e9 des Ukrainiens.<\/p>\n<p>                                            Une pratique interdite par le droit international<\/p>\n<p class=\"fig-paragraph\">Ilia est captur\u00e9 par les forces de Kiev en septembre 2023, bless\u00e9 \u00e0 l\u2019\u0153il par un \u00e9clat de grenade. Interrog\u00e9 sur les possibilit\u00e9s d\u2019\u00e9viter la mobilisation, il r\u00e9pond en r\u00e9fl\u00e9chissant \u00e0 voix haute\u00a0: \u00ab Je ne voulais pas de probl\u00e8mes, et je ne pouvais pas m\u2019enfuir.\u00a0<a href=\"http:\/\/www.lefigaro.fr\/international\/ukraine-plus-de-15-000-desertions-dans-l-armee-depuis-le-debut-de-l-annee-2024-cinq-fois-plus-qu-en-2022-20241009\" target=\"_blank\" data-fig-type=\"NewsFlash\" rel=\"noopener\" data-gtm-custom-categorie=\"navigation\" data-gtm-custom-action=\"crossclick\" data-gtm-custom-label=\"Contextuel\" data-gtm-event=\"customEventSPE\" data-fig-domain=\"LEFIGARO\">Ils te traquent toute ta vie si tu d\u00e9sertes<\/a> \u00a0et t\u2019envoient au casse-pipe.\u00a0\u00bb Dans le camp, certains prisonniers russes &#8211; et m\u00eame un habitant de Donetsk qui a pris les armes en 2015 &#8211; expriment une adh\u00e9sion id\u00e9ologique \u00e0 la Russie.<\/p>\n<blockquote class=\"fig-quote&#10;    \">\n<p class=\"fig-quote__text\">Personne ne veut partir \u00e0 la guerre, mais on n\u2019avait pas le choix, on s\u2019exposait \u00e0 des sanctions p\u00e9nales en cas de refus<\/p>\n<p>            Nikola\u00ef, professeur \u00e0 Louhansk\n    <\/p><\/blockquote>\n<p class=\"fig-paragraph\">Mais beaucoup d\u2019autres, comme Nikola\u00ef*, disent avoir \u00e9t\u00e9 contraints\u00a0: \u00ab Personne ne veut partir \u00e0 la guerre, mais on n\u2019avait pas le choix, on s\u2019exposait \u00e0 des sanctions p\u00e9nales en cas de refus\u00a0\u00bb. Ce professeur \u00e0 Louhansk s\u2019\u00e9tait pr\u00e9sent\u00e9 au commissariat militaire le 24 f\u00e9vrier 2022 \u00e0 la demande de son employeur, pensant \u00e0 une simple proc\u00e9dure administrative. Comme Ilia, il ne s\u2019identifie ni comme Russe ni comme Ukrainien, mais comme un \u00ablocal\u00bb qui ne voulait pas combattre.<\/p>\n<p class=\"fig-paragraph\">Les Conventions de Gen\u00e8ve interdisent \u00e0 une force occupante d\u2019enr\u00f4ler les populations locales. Mais, en Ukraine occup\u00e9e, Moscou pratique cette conscription depuis des ann\u00e9es. Entre 2014 et 2022 en Crim\u00e9e, plus de 38.000 locaux de 18 \u00e0 30 ans ont d\u00fb effectuer un service militaire obligatoire dans l\u2019arm\u00e9e russe, selon les chiffres russes &#8211; \u00e0 l\u2019\u00e9poque publics. D\u00e8s 2018, Kiev a alert\u00e9 la Cour p\u00e9nale internationale\u00a0: en 2020, celle-ci a d\u00e9nonc\u00e9\u00a0<a href=\"http:\/\/www.lefigaro.fr\/international\/nous-suggerons-a-vos-comediens-de-travailler-leur-accent-la-diplomatie-francaise-raille-une-video-de-propagande-russe-en-ukraine-20240606\" target=\"_blank\" data-fig-type=\"Article\" rel=\"noopener\" data-gtm-custom-categorie=\"navigation\" data-gtm-custom-action=\"crossclick\" data-gtm-custom-label=\"Contextuel\" data-gtm-event=\"customEventSPE\" data-fig-domain=\"LEFIGARO\">la propagande militaire<\/a>\u00a0aupr\u00e8s des enfants.<\/p>\n<p class=\"fig-body-link\">\n            \u00c0 lire aussi<br \/>\n        <a class=\"fig-body-link__link fig-premium-mark\" href=\"http:\/\/www.lefigaro.fr\/international\/ici-personne-ne-veut-aller-au-front-en-ukraine-payer-pour-echapper-a-la-guerre-20241126\" target=\"_blank\" data-fig-type=\"Article\" rel=\"noopener\" data-gtm-custom-categorie=\"navigation\" data-gtm-custom-action=\"crossclick\" data-gtm-custom-label=\"Contextuel\" data-gtm-event=\"customEventSPE\" data-fig-domain=\"LEFIGARO\"><\/p>\n<p>        \u00abIci, personne ne veut aller au front\u00bb: en Ukraine, payer pour \u00e9chapper \u00e0 la guerre<br \/>\n    <\/a>\n<\/p>\n<p>                                            <a class=\"fig-a11y-skip\" href=\"#fig-a11y-skip-main-inarticle_mtf\" data-module=\"a11y-skip\" data-context=\"was @visible\"><br \/>\n    Passer la publicit\u00e9<br \/>\n<\/a>            <\/p>\n<p class=\"fig-paragraph\">Mais la pratique d\u2019enr\u00f4ler des Ukrainiens s\u2019est g\u00e9n\u00e9ralis\u00e9e apr\u00e8s 2022. \u00abD\u00e8s les premiers jours de l\u2019invasion, des centaines de familles nous appelaient pour dire que leurs fils conscrits ne donnaient plus de nouvelles. En fait, ils avaient \u00e9t\u00e9 envoy\u00e9s au front \u00e0 Kherson ou Zaporijia\u00bb, se souvient Olha Skrypnyk, de l\u2019ONG en exil Crimean Human Rights Group, qui apporte une aide juridique aux habitants de la p\u00e9ninsule. La plupart des jeunes conscrits sont d\u00e9sormais envoy\u00e9s au front, en plus des hommes mobilisables jusqu\u2019\u00e0 65 ans, lors de deux campagnes annuelles.<\/p>\n<p>                                            Une mobilisation g\u00e9n\u00e9rale<\/p>\n<p>    Un prisonnier de guerre originaire de Donetsk travaille dans un camp de prisonniers de l\u2019Ouest de l\u2019Ukraine.<br \/>\n                Clara Marchaud<\/p>\n<p class=\"fig-paragraph\"><a href=\"http:\/\/www.lefigaro.fr\/international\/dans-le-donbass-le-monastere-de-sviatohirsk-a-nouveau-dans-la-ligne-de-mire-des-forces-russes-20250915\" target=\"_blank\" data-fig-type=\"Article\" rel=\"noopener\" data-gtm-custom-categorie=\"navigation\" data-gtm-custom-action=\"crossclick\" data-gtm-custom-label=\"Contextuel\" data-gtm-event=\"customEventSPE\" data-fig-domain=\"LEFIGARO\">Dans le Donbass<\/a>, la situation diff\u00e8re car Moscou n\u2019a reconnu les r\u00e9publiques s\u00e9paratistes de Donetsk et Louhansk comme faisant partie de son territoire que le 21 f\u00e9vrier 2022. \u00abAvant, ceux qui voulaient s\u2019engager le faisaient, les autres n\u2019\u00e9taient pas emb\u00eat\u00e9s\u00a0\u00bb, rapporte Ilia, qui avait re\u00e7u une convocation au service militaire \u00e0 ses 18 ans, mais n\u2019a finalement pas \u00e9t\u00e9 appel\u00e9. \u00abEn 2022, il est devenu \u00e9vident que pour mener une guerre \u00e0 grande \u00e9chelle, le Kremlin avait besoin de plus de combattants qu\u2019il pouvait utiliser \u00e0 sa guise\u00bb, analyse Stanislav Fedortchouk, politologue originaire de Donetsk, rappelant que la mobilisation forc\u00e9e \u00e9tait une pratique courante sous l\u2019URSS.<\/p>\n<blockquote class=\"fig-quote&#10;    \">\n<p class=\"fig-quote__text\">Personne n\u2019y allait de gaiet\u00e9 de c\u0153ur, les gens se cachaient, mais les recruteurs les prenaient chez eux, dans la rue, aux check-points et m\u00eame au travail, dans les mines<\/p>\n<p>            Oleg*, prisonnier de guerre originaire de l\u2019oblast de Louhansk\n    <\/p><\/blockquote>\n<p class=\"fig-paragraph\">Le 19 f\u00e9vrier 2022, les administrations d\u2019occupation des \u00ab r\u00e9publiques populaires\u00a0\u00bb instaurent une mobilisation g\u00e9n\u00e9rale. \u00ab Personne n\u2019y allait de gaiet\u00e9 de c\u0153ur, les gens se cachaient, mais les recruteurs les prenaient chez eux, dans la rue, aux check-points et m\u00eame au travail, dans les mines\u00a0\u00bb, t\u00e9moigne Oleg*, prisonnier de guerre originaire de l\u2019oblast de Louhansk. Plusieurs de ses connaissances furent mobilis\u00e9es ainsi.<\/p>\n<p class=\"fig-body-link\">\n            \u00c0 lire aussi<br \/>\n        <a class=\"fig-body-link__link fig-premium-mark\" href=\"http:\/\/www.lefigaro.fr\/international\/dans-le-donbass-l-armee-ukrainienne-s-accroche-face-au-rouleau-compresseur-russe-20250904\" target=\"_blank\" data-fig-type=\"Article\" rel=\"noopener\" data-gtm-custom-categorie=\"navigation\" data-gtm-custom-action=\"crossclick\" data-gtm-custom-label=\"Contextuel\" data-gtm-event=\"customEventSPE\" data-fig-domain=\"LEFIGARO\"><\/p>\n<p>        Dans le Donbass, l\u2019arm\u00e9e ukrainienne s\u2019accroche face au rouleau compresseur russe<br \/>\n    <\/a>\n<\/p>\n<p class=\"fig-paragraph\">\u00abJ\u2019ai vu des recruteurs embarquer des bus entiers d\u2019hommes qu\u2019ils arr\u00eataient \u00e0 un checkpoint\u00a0\u00bb, poursuit-il. Ces images ont circul\u00e9 sur les r\u00e9seaux sociaux. \u00ab\u00c0 partir de l\u2019automne 2022, en Crim\u00e9e, les autorit\u00e9s ont men\u00e9 des raids bloquant les sorties des villages et distribu\u00e9 massivement des convocations \u00e0 toute la population masculine, en particulier les Tatars\u00bb, rapporte Olha. Autre proc\u00e9d\u00e9: pour \u00e9viter la prison, certains hommes sont contraints de signer un contrat militaire apr\u00e8s avoir \u00e9t\u00e9 arr\u00eat\u00e9s pour des d\u00e9lits mineurs, comme le non-respect du couvre-feu.<\/p>\n<p>                                            L\u2019arm\u00e9e russe, seul ascenseur social<\/p>\n<p class=\"fig-paragraph\">Le but est de modifier la structure d\u00e9mographique, s\u2019accordent plusieurs experts. \u00ab La mobilisation forc\u00e9e et sa propagande visent aussi \u00e0 cr\u00e9er une fid\u00e9lit\u00e9 \u00e0 l\u2019arm\u00e9e russe\u00a0\u00bb, de nature \u00e0 rendre une \u00e9ventuelle \u00abd\u00e9soccupation\u00bb plus complexe, ajoute Vitaly Sekretar, directeur par int\u00e9rim du bureau du procureur r\u00e9gional de Crim\u00e9e en exil \u00e0 Kiev. Cette politique va de pair avec la distribution forc\u00e9e de passeports russes, obligatoires pour acc\u00e9der \u00e0 l\u2019\u00e9ducation, aux soins, aux retraites\u2026 Depuis le 10 septembre, les Ukrainiens qui ne l\u2019ont pas risquent m\u00eame l\u2019expulsion, consid\u00e9r\u00e9s comme \u00e9trangers chez eux.<\/p>\n<p>                                            <a class=\"fig-a11y-skip\" href=\"#fig-a11y-skip-main-inarticle_btf\" data-module=\"a11y-skip\" data-context=\"was @visible\"><br \/>\n    Passer la publicit\u00e9<br \/>\n<\/a>            <\/p>\n<p class=\"fig-paragraph\">Ce passeport vient aussi\u00a0<a href=\"http:\/\/www.lefigaro.fr\/international\/l-armee-russe-veut-pouvoir-envoyer-des-reservistes-en-ukraine-20251014\" target=\"_blank\" data-fig-type=\"NewsFlash\" rel=\"noopener\" data-gtm-custom-categorie=\"navigation\" data-gtm-custom-action=\"crossclick\" data-gtm-custom-label=\"Contextuel\" data-gtm-event=\"customEventSPE\" data-fig-domain=\"LEFIGARO\">avec l\u2019obligation de \u00abd\u00e9fendre la patrie\u00bb<\/a> . Les sanctions pour ceux qui \u00e9vitent le service vont de 700 \u00e0 3000 euros et jusqu\u2019\u00e0 deux ans de prison. Rien qu\u2019en Crim\u00e9e, 680 affaires p\u00e9nales pour insoumission au service militaire ont \u00e9t\u00e9 ouvertes. \u00ab Mais la condamnation ne supprime pas l\u2019obligation de servir. Nous avons eu des cas d\u2019hommes ayant pay\u00e9 l\u2019amende qui ont quand m\u00eame \u00e9t\u00e9 enr\u00f4l\u00e9s\u00a0\u00bb, rapporte Olha Skrypnyk.<\/p>\n<blockquote class=\"fig-quote&#10;    \">\n<p class=\"fig-quote__text\">Sur le papier, ces Ukrainiens sont all\u00e9s se battre d\u2019eux-m\u00eames, alors qu\u2019en r\u00e9alit\u00e9 ils ont \u00e9t\u00e9 mis sous pression pour signer un contrat<\/p>\n<p>            Serhiy Danylov, chercheur\n    <\/p><\/blockquote>\n<p class=\"fig-paragraph\">Au-del\u00e0 des sanctions, la Russie combine propagande et pressions \u00e9conomiques. \u00abIls ciblent surtout les plus pauvres. Il n\u2019y a pas d\u2019emploi d\u00e9cent et l\u2019arm\u00e9e russe est le seul ascenseur social\u00bb, analyse Vladislav Fedortchouk, qui les consid\u00e8re comme des victimes\u00a0: \u00abBeaucoup de mobilis\u00e9s n\u2019auraient jamais pris les armes dans la soci\u00e9t\u00e9 ukrainienne de 2013\u00bb. \u00abAinsi les Russes se couvrent\u00a0: sur le papier, ces Ukrainiens sont all\u00e9s se battre d\u2019eux-m\u00eames, alors qu\u2019en r\u00e9alit\u00e9 ils ont \u00e9t\u00e9 mis sous pression pour signer un contrat\u00bb, confirme le chercheur Serhiy Danylov, qui travaille sur l\u2019occupation dans la r\u00e9gion de Kherson.<\/p>\n<p class=\"fig-body-link\">\n            \u00c0 lire aussi<br \/>\n        <a class=\"fig-body-link__link fig-premium-mark\" href=\"http:\/\/www.lefigaro.fr\/international\/ces-indiens-pieges-par-l-armee-russe-pour-servir-de-chair-a-canon-sur-le-front-ukrainien-20251104\" target=\"_blank\" data-fig-type=\"Article\" rel=\"noopener\" data-gtm-custom-categorie=\"navigation\" data-gtm-custom-action=\"crossclick\" data-gtm-custom-label=\"Contextuel\" data-gtm-event=\"customEventSPE\" data-fig-domain=\"LEFIGARO\"><\/p>\n<p>        Ces Indiens pi\u00e9g\u00e9s par l\u2019arm\u00e9e russe pour servir de chair \u00e0 canon sur le front ukrainien<br \/>\n    <\/a>\n<\/p>\n<p class=\"fig-paragraph\">Issu d\u2019un village minier pauvre, Oleg avait 13 ans au d\u00e9but de l\u2019occupation. \u00abApr\u00e8s l\u2019\u00e9cole, \u00e0 18 ans, j\u2019ai rejoint l\u2019arm\u00e9e en esp\u00e9rant trouver une carri\u00e8re\u2026 et voil\u00e0 o\u00f9 \u00e7a m\u2019a men\u00e9\u00a0\u00bb, raconte le jeune Ukrainien de 24 ans. Comme pour Ilia, des militaires sont venus dans sa classe pour promouvoir l\u2019arm\u00e9e, dont les affiches de recrutement pars\u00e8ment l\u2019espace public. \u00c0 partir de 2019, alors que le front est gel\u00e9 dans une guerre de tranch\u00e9es, Oleg encha\u00eene les contrats dans l\u2019arm\u00e9e de la \u00abR\u00e9publique populaire de Donetsk\u00bb, \u00e0 l\u2019arri\u00e8re\u00a0: installations de t\u00e9l\u00e9communications et d\u00e9minage civil. En conflit permanent avec sa hi\u00e9rarchie, il tente plusieurs fois de \u00abd\u00e9missionner\u00bb, puis retourne dans l\u2019arm\u00e9e faute de trouver un autre travail. Fin 2021, Oleg veut rendre les \u00e9paulettes pour de bon, mais son commandant refuse. D\u00e8s les premiers jours de l\u2019invasion, le jeune homme, qui se consid\u00e8re comme ukrainien, est envoy\u00e9 au front pour poser des mines, puis participer \u00e0 des assauts.<\/p>\n<p class=\"fig-paragraph\">Captur\u00e9 en janvier 2023, Oleg est \u00e9chang\u00e9 apr\u00e8s un mois en captivit\u00e9, puis ramen\u00e9 \u00e0 Louhansk. Son commandant lui accorde trois jours pour voir sa famille, avant de repartir au front. Il choisit de d\u00e9serter, mais \u00ab je n\u2019ai pas \u00e9t\u00e9 tr\u00e8s malin\u00a0\u00bb, admet-il. Alors qu\u2019il doit r\u00e9cup\u00e9rer les clefs de sa planque\u00a0<a href=\"http:\/\/www.lefigaro.fr\/international\/en-ukraine-l-apre-bataille-pour-les-derniers-arpents-de-louhansk-le-reportage-de-l-envoye-special-du-figaro-20250107\" target=\"_blank\" data-fig-type=\"Article\" rel=\"noopener\" data-gtm-custom-categorie=\"navigation\" data-gtm-custom-action=\"crossclick\" data-gtm-custom-label=\"Contextuel\" data-gtm-event=\"customEventSPE\" data-fig-domain=\"LEFIGARO\">en plein centre de Louhansk<\/a>, des soldats de son bataillon le reconnaissent et le ram\u00e8nent \u00e0 la base, en \u00e9change de cong\u00e9s suppl\u00e9mentaires. Oleg est envoy\u00e9 en premi\u00e8re ligne, sans armes, dans un \u00abbataillon disciplinaire\u00bb, et captur\u00e9 \u00e0 nouveau en mai 2023. Son ancien chef, un officier, est envoy\u00e9 avec lui car il avait refus\u00e9 qu\u2019Oleg, hospitalis\u00e9, soit mobilis\u00e9.<\/p>\n<p>                                            Double peine pour les tra\u00eetres<\/p>\n<p class=\"fig-paragraph\">M\u00eame quand les hommes mobilisables tentent de fuir, quitter les territoires occup\u00e9s devient de plus en plus difficile. Le FSB applique une \u00abfiltration\u00bb \u00e0 la sortie de ces zones. La famille d\u2019Olena* en a fait l\u2019exp\u00e9rience. \u00c0 l\u2019\u00e9t\u00e9 dernier, en quelques jours, tous les hommes de son bourg, dans la r\u00e9gion de Kherson, ont re\u00e7u une convocation militaire, un fait confirm\u00e9 par une autre source. L\u2019employ\u00e9 municipal est venu plusieurs fois frapper \u00e0 sa porte alors que son mari travaillait. Il a finalement accept\u00e9 de revenir plus tard, apr\u00e8s qu\u2019elle l\u2019eut suppli\u00e9, car elle a un enfant handicap\u00e9.<\/p>\n<p class=\"fig-paragraph\">\u00ab Il m\u2019a dit qu\u2019il n\u2019y avait pas de guerre, donc il ne se battrait pas, mais puisqu\u2019il a un passeport russe, la loi l\u2019oblige \u00e0 \u00eatre inscrit pour le service militaire jusqu\u2019\u00e0 52 ans, raconte Olena. Mais je ne le croyais pas, car au d\u00e9but de la guerre, des soldats de Louhansk et Donetsk \u00e9taient stationn\u00e9s dans notre village et ils disaient qu\u2019ils \u00e9taient envoy\u00e9s au combat apr\u00e8s avoir \u00e9t\u00e9 pris au travail ou dans la rue.\u00a0\u00bb\u00a0<\/p>\n<p class=\"fig-body-link\">\n            \u00c0 lire aussi<br \/>\n        <a class=\"fig-body-link__link fig-premium-mark\" href=\"http:\/\/www.lefigaro.fr\/international\/dans-le-donbass-les-deplaces-internes-sans-toit-et-sans-horizon-20250920\" target=\"_blank\" data-fig-type=\"Article\" rel=\"noopener\" data-gtm-custom-categorie=\"navigation\" data-gtm-custom-action=\"crossclick\" data-gtm-custom-label=\"Contextuel\" data-gtm-event=\"customEventSPE\" data-fig-domain=\"LEFIGARO\"><\/p>\n<p>        Guerre en Ukraine\u00a0: dans le Donbass, les d\u00e9plac\u00e9s internes sans toit et sans horizon<br \/>\n    <\/a>\n<\/p>\n<p class=\"fig-paragraph\">Elle redoutait aussi que son fils de 17 ans soit mobilis\u00e9. Ce dernier se cache chez lui depuis 2022 pour \u00e9viter l\u2019\u00e9cole russe, puis la conscription. La famille a d\u00e9cid\u00e9 de s\u2019enfuir sans d\u00e9lai et a r\u00e9ussi \u00e0 rejoindre l\u2019Ukraine libre, malgr\u00e9 les violences, fouilles et pressions psychologiques subies lors de la filtration \u00e0 la fronti\u00e8re. Depuis, plusieurs hommes de son village ont \u00e9t\u00e9 envoy\u00e9s sur le front.<\/p>\n<p>    Un prisonnier de guerre dans un camp de prisonniers de l\u2019Ouest de l\u2019Ukraine.<br \/>\n                Clara Marchaud<\/p>\n<p class=\"fig-paragraph\">Si le droit international consid\u00e8re ces \u00ab malgr\u00e9 nous\u00a0\u00bb comme des victimes \u2013 tant qu\u2019ils n\u2019ont pas commis de crimes de guerre \u2013, le droit ukrainien les qualifie de tra\u00eetres. Quelques-uns ont obtenu un acquittement en d\u00e9montrant le caract\u00e8re forc\u00e9 de leur mobilisation et l\u2019absence de crimes commis. \u00ab Les procureurs doivent se montrer prudents et \u00e9valuer le caract\u00e8re volontaire de la d\u00e9cision, v\u00e9rifier les circonstances de la mobilisation, les mesures prises pour alerter les forces de l\u2019ordre ukrainiennes&#8230;\u00a0\u00bb, insiste le procureur Vitaly Sekretar qui souligne cependant la difficult\u00e9 \u00e0 recueillir des preuves. Si, en 2022 et 2023, des dizaines de personnes contactaient nos interlocuteurs, ONG ou officiels ukrainiens, pour signaler des cas de mobilisation forc\u00e9e, la communication devient de plus en plus dangereuse, les r\u00e9seaux sous occupation \u00e9tant surveill\u00e9s ou bloqu\u00e9s.<\/p>\n<blockquote class=\"fig-quote&#10;    \">\n<p class=\"fig-quote__text\">Du point de vue du droit international, ces personnes sont des victimes. D\u2019un autre c\u00f4t\u00e9, il reste impossible de savoir ce qu\u2019elles ont fait l\u00e0-bas<\/p>\n<p>            Olha Kourychko, repr\u00e9sentante permanente du pr\u00e9sident ukrainien en Crim\u00e9e\n    <\/p><\/blockquote>\n<p class=\"fig-paragraph\">Comme Oleg, Nikola\u00ef et Ilia, la plupart de ces \u00abmalgr\u00e9 nous\u00bb \u00e9copent ainsi de quinze ans de prison pour haute trahison, une fois captur\u00e9s ou apr\u00e8s s\u2019\u00eatre rendus. \u00abDu point de vue du droit international, ces personnes sont des victimes. D\u2019un autre c\u00f4t\u00e9, il reste impossible de savoir ce qu\u2019elles ont fait l\u00e0-bas\u00bb, regrette Olha Kourychko, repr\u00e9sentante permanente du pr\u00e9sident ukrainien en Crim\u00e9e, impuissante depuis son exil \u00e0 Kiev. \u00abCe peut \u00eatre quelqu\u2019un qui a commis des crimes, ou simplement de la chair \u00e0 canon. Malheureusement, on ne pourra trancher qu\u2019apr\u00e8s la lib\u00e9ration\u00bb.<\/p>\n<p class=\"fig-paragraph\">* Les pr\u00e9noms ont \u00e9t\u00e9 modifi\u00e9s. Cette enqu\u00eate a \u00e9t\u00e9 r\u00e9alis\u00e9e avec Agnieszka Lichnerowicz et Inna Varenytsia, et avec le soutien du r\u00e9seau journalistique europ\u00e9en N-Ost.<\/p>\n","protected":false},"excerpt":{"rendered":"ENQU\u00caTE &#8211; Depuis 2022, Moscou a mobilis\u00e9 sous la contrainte des dizaines de milliers d\u2019habitants des territoires occup\u00e9s.&hellip;\n","protected":false},"author":2,"featured_media":566299,"comment_status":"","ping_status":"","sticky":false,"template":"","format":"standard","meta":{"footnotes":""},"categories":[1591],"tags":[11,8998,1887,10234,12,1885,1886,132,220],"class_list":{"0":"post-566298","1":"post","2":"type-post","3":"status-publish","4":"format-standard","5":"has-post-thumbnail","7":"category-russie","8":"tag-actualites","9":"tag-donbass","10":"tag-federation-de-russie","11":"tag-mobilisation","12":"tag-news","13":"tag-russia","14":"tag-russian-federation","15":"tag-russie","16":"tag-ukraine"},"share_on_mastodon":{"url":"https:\/\/pubeurope.com\/@fr\/115632101493488494","error":""},"_links":{"self":[{"href":"https:\/\/www.europesays.com\/fr\/wp-json\/wp\/v2\/posts\/566298","targetHints":{"allow":["GET"]}}],"collection":[{"href":"https:\/\/www.europesays.com\/fr\/wp-json\/wp\/v2\/posts"}],"about":[{"href":"https:\/\/www.europesays.com\/fr\/wp-json\/wp\/v2\/types\/post"}],"author":[{"embeddable":true,"href":"https:\/\/www.europesays.com\/fr\/wp-json\/wp\/v2\/users\/2"}],"replies":[{"embeddable":true,"href":"https:\/\/www.europesays.com\/fr\/wp-json\/wp\/v2\/comments?post=566298"}],"version-history":[{"count":0,"href":"https:\/\/www.europesays.com\/fr\/wp-json\/wp\/v2\/posts\/566298\/revisions"}],"wp:featuredmedia":[{"embeddable":true,"href":"https:\/\/www.europesays.com\/fr\/wp-json\/wp\/v2\/media\/566299"}],"wp:attachment":[{"href":"https:\/\/www.europesays.com\/fr\/wp-json\/wp\/v2\/media?parent=566298"}],"wp:term":[{"taxonomy":"category","embeddable":true,"href":"https:\/\/www.europesays.com\/fr\/wp-json\/wp\/v2\/categories?post=566298"},{"taxonomy":"post_tag","embeddable":true,"href":"https:\/\/www.europesays.com\/fr\/wp-json\/wp\/v2\/tags?post=566298"}],"curies":[{"name":"wp","href":"https:\/\/api.w.org\/{rel}","templated":true}]}}