{"id":566302,"date":"2025-11-29T08:44:15","date_gmt":"2025-11-29T08:44:15","guid":{"rendered":"https:\/\/www.europesays.com\/fr\/566302\/"},"modified":"2025-11-29T08:44:15","modified_gmt":"2025-11-29T08:44:15","slug":"condamne-pour-trafic-de-drogue-lancien-president-du-honduras-va-etre-gracie-par-donald-trump","status":"publish","type":"post","link":"https:\/\/www.europesays.com\/fr\/566302\/","title":{"rendered":"Condamn\u00e9 pour trafic de drogue, l&rsquo;ancien pr\u00e9sident du Honduras va \u00eatre graci\u00e9 par Donald Trump"},"content":{"rendered":"<ul class=\"jsx-862013697 ArticleChapo__List\">\n<li class=\"jsx-862013697 ArticleChapo__List_Item flex\">Condamn\u00e9 aux \u00c9tats-Unis, l&rsquo;ancien pr\u00e9sident du Honduras va b\u00e9n\u00e9ficier \u00eatre graci\u00e9 par Donald Trump.<\/li>\n<li class=\"jsx-862013697 ArticleChapo__List_Item flex\">Il purge actuellement une peine de 45 ans sur le sol am\u00e9ricain pour trafic international de drogue.<\/li>\n<li class=\"jsx-862013697 ArticleChapo__List_Item flex\">Le pr\u00e9sident Trump n&rsquo;h\u00e9site pas \u00e0 adopter une posture r\u00e9solument interventionniste en Am\u00e9rique latine et souhaite peser dans les \u00e9lections honduriennes.<\/li>\n<\/ul>\n<p><a href=\"https:\/\/www.tf1info.fr\/actualite\/etats-unis-election-presidentielle-americaine-2024-donald-trump-vs-kamala-harris-13534\/\" rel=\"noopener\" class=\"jsx-484472199 Link jsx-1428418400 jsx-554215408\" target=\"_blank\"><\/p>\n<p style=\"font-weight:400\" class=\"jsx-1837267516\">Suivez la couverture compl\u00e8te<\/p>\n<p style=\"font-weight:800\" class=\"jsx-1837267516\">Le second mandat de Donald Trump<\/p>\n<p><\/a><\/p>\n<p data-module=\"article-paragraph\" class=\"jsx-3046738180 Paragraph Paragraph__End\">\u00c0 deux jours d&rsquo;un scrutin pr\u00e9sidentiel au Honduras sur lequel il compte peser, Donald Trump a annonc\u00e9 vendredi qu&rsquo;il allait gracier l&rsquo;ex-pr\u00e9sident de droite hondurien, condamn\u00e9 l&rsquo;an pass\u00e9 \u00e0 45 ans de prison aux \u00c9tats-Unis pour trafic de drogue. \u00ab\u00a0Je vais accorder une gr\u00e2ce totale et absolue \u00e0 l&rsquo;ancien pr\u00e9sident Juan Orlando Hern\u00e1ndez, qui d&rsquo;apr\u00e8s de nombreuses personnes que je respecte \u00e9norm\u00e9ment, a \u00e9t\u00e9 trait\u00e9 de mani\u00e8re tr\u00e8s dure et injuste\u00a0\u00bb, a \u00e9crit le pr\u00e9sident am\u00e9ricain sur son r\u00e9seau Truth Social.<\/p>\n<p>Trump souhaite peser sur la politique du Honduras<\/p>\n<p data-module=\"article-paragraph\" class=\"jsx-3046738180 Paragraph\">L&rsquo;annonce de Donald Trump survient au moment o\u00f9 le r\u00e9publicain, qui n&rsquo;h\u00e9site pas \u00e0 s&rsquo;inviter dans la vie politique d&rsquo;autres pays, multiplie les appels \u00e0 voter pour le candidat de droite Nasry Asfura, qui vient du parti de M. Orlando Hern\u00e1ndez. Contact\u00e9 par l&rsquo;AFP, Nasry Asfura s&rsquo;est r\u00e9joui de ce soutien, qui pourrait selon lui s&rsquo;av\u00e9rer b\u00e9n\u00e9fique pour les migrants honduriens install\u00e9s aux \u00c9tats-Unis, mais aussi pour l&rsquo;\u00e9conomie de son pays. Il a dans le m\u00eame temps assur\u00e9 n&rsquo;avoir \u00ab\u00a0aucun lien\u00a0\u00bb avec l&rsquo;ex-dirigeant hondurien : \u00ab\u00a0Le parti n&rsquo;est pas responsable des agissements personnels\u00a0\u00bb, a-t-il affirm\u00e9.<\/p>\n<p data-module=\"article-paragraph\" class=\"jsx-3046738180 Paragraph Paragraph__End\">Les \u00e9lecteurs du petit pays d&rsquo;Am\u00e9rique centrale sont appel\u00e9s \u00e0 choisir dimanche entre la continuit\u00e9 d&rsquo;un gouvernement de gauche et le retour de la droite lors d&rsquo;\u00e9lections \u00e0 la fois l\u00e9gislatives et pr\u00e9sidentielles au r\u00e9sultat incertain. Trois candidats font la course en t\u00eate et sont donn\u00e9s au coude-\u00e0-coude, s&rsquo;accusant mutuellement de pr\u00e9parer une fraude \u00e9lectorale.<\/p>\n<p><a href=\"https:\/\/www.tf1info.fr\/international\/etats-unis-president-donald-trump-annonce-annuler-les-decrets-que-joe-biden-a-pris-avec-une-machine-a-signer-2409649.html\" rel=\"noopener\" class=\"jsx-3308031228 Link flex\" target=\"_blank\"><img decoding=\"async\" src=\"https:\/\/www.europesays.com\/fr\/wp-content\/uploads\/2025\/11\/donald-trump-27-novembre-82edc5-1@1x.jpeg\" alt=\"Pete Marovich \/ GETTY IMAGES NORTH AMERICA \/ Getty Images via AFP\" loading=\"lazy\" importance=\"low\" fetchpriority=\"low\" class=\"\" aria-hidden=\"true\"\/><\/p>\n<p class=\"jsx-3657663356 ReadMoreArticle__Title\">Lire aussi<\/p>\n<p class=\"jsx-3657663356\">Donald Trump annonce annuler les d\u00e9crets que Joe Biden a pris avec une machine \u00e0 signer<\/p>\n<p><\/a><\/p>\n<p data-module=\"article-paragraph\" class=\"jsx-3046738180 Paragraph\">Le Honduras est l&rsquo;un des pays les plus violents du continent, du fait principalement des gangs qui contr\u00f4lent le trafic de drogue et le crime organis\u00e9. Juan Orlando Hern\u00e1ndez, qui fut au pouvoir de 2014 \u00e0 2022, purge actuellement une peine de 45 ans sur le sol am\u00e9ricain pour trafic international de drogue. Il a \u00e9t\u00e9 reconnu coupable d&rsquo;avoir aid\u00e9 \u00e0 exp\u00e9dier des centaines de tonnes de coca\u00efne en direction des \u00c9tats-Unis. Donald Trump n&rsquo;a pas pr\u00e9cis\u00e9 la date \u00e0 laquelle il pourrait \u00eatre graci\u00e9.<\/p>\n<p data-module=\"article-paragraph\" class=\"jsx-3046738180 Paragraph Paragraph__End\">Pour comprendre la d\u00e9cision de Donald Trump, il faut avoir \u00e0 l&rsquo;esprit qu&rsquo;il consid\u00e8re que l&rsquo;Am\u00e9rique latine fait partie de la sph\u00e8re d&rsquo;influence des \u00c9tats-Unis. D\u00e8s lors, il a adopt\u00e9 une posture r\u00e9solument interventionniste dans la r\u00e9gion, n&rsquo;h\u00e9sitant pas \u00e0 ainsi conditionner l&rsquo;aide am\u00e9ricaine \u00e0 la bonne volont\u00e9 des gouvernements et \u00e0 ses affinit\u00e9s avec leurs dirigeants. Il exerce aussi une pression militaire, Washington ayant d\u00e9ploy\u00e9 leur plus grand porte-avions dans les Cara\u00efbes, ainsi qu&rsquo;une flottille de navires de guerre et d&rsquo;avions de chasse, dans le cadre d&rsquo;op\u00e9rations antidrogue visant particuli\u00e8rement le Venezuela, ennemi des \u00c9tats-Unis.<\/p>\n<p>TD avec AFP<\/p>\n","protected":false},"excerpt":{"rendered":"Condamn\u00e9 aux \u00c9tats-Unis, l&rsquo;ancien pr\u00e9sident du Honduras va b\u00e9n\u00e9ficier \u00eatre graci\u00e9 par Donald Trump. Il purge actuellement une&hellip;\n","protected":false},"author":2,"featured_media":566303,"comment_status":"","ping_status":"","sticky":false,"template":"","format":"standard","meta":{"footnotes":""},"categories":[1589],"tags":[1111,11,4707,1921,75,73,1866,1922,2497,12,8200,1864,1865,1863,308,133,1920],"class_list":{"0":"post-566302","1":"post","2":"type-post","3":"status-publish","4":"format-standard","5":"has-post-thumbnail","7":"category-etats-unis","8":"tag-actu","9":"tag-actualites","10":"tag-amerique","11":"tag-article-video","12":"tag-donald-trump","13":"tag-etats-unis","14":"tag-etats-unis-damerique","15":"tag-info","16":"tag-le-second-mandat-de-donald-trump","17":"tag-news","18":"tag-politique-et-crise-dun-pays-etranger","19":"tag-united-states","20":"tag-united-states-of-america","21":"tag-us","22":"tag-usa","23":"tag-video","24":"tag-video-international"},"share_on_mastodon":{"url":"https:\/\/pubeurope.com\/@fr\/115632109914980416","error":""},"_links":{"self":[{"href":"https:\/\/www.europesays.com\/fr\/wp-json\/wp\/v2\/posts\/566302","targetHints":{"allow":["GET"]}}],"collection":[{"href":"https:\/\/www.europesays.com\/fr\/wp-json\/wp\/v2\/posts"}],"about":[{"href":"https:\/\/www.europesays.com\/fr\/wp-json\/wp\/v2\/types\/post"}],"author":[{"embeddable":true,"href":"https:\/\/www.europesays.com\/fr\/wp-json\/wp\/v2\/users\/2"}],"replies":[{"embeddable":true,"href":"https:\/\/www.europesays.com\/fr\/wp-json\/wp\/v2\/comments?post=566302"}],"version-history":[{"count":0,"href":"https:\/\/www.europesays.com\/fr\/wp-json\/wp\/v2\/posts\/566302\/revisions"}],"wp:featuredmedia":[{"embeddable":true,"href":"https:\/\/www.europesays.com\/fr\/wp-json\/wp\/v2\/media\/566303"}],"wp:attachment":[{"href":"https:\/\/www.europesays.com\/fr\/wp-json\/wp\/v2\/media?parent=566302"}],"wp:term":[{"taxonomy":"category","embeddable":true,"href":"https:\/\/www.europesays.com\/fr\/wp-json\/wp\/v2\/categories?post=566302"},{"taxonomy":"post_tag","embeddable":true,"href":"https:\/\/www.europesays.com\/fr\/wp-json\/wp\/v2\/tags?post=566302"}],"curies":[{"name":"wp","href":"https:\/\/api.w.org\/{rel}","templated":true}]}}