{"id":566306,"date":"2025-11-29T08:46:14","date_gmt":"2025-11-29T08:46:14","guid":{"rendered":"https:\/\/www.europesays.com\/fr\/566306\/"},"modified":"2025-11-29T08:46:14","modified_gmt":"2025-11-29T08:46:14","slug":"reforme-du-systeme-de-retraites-en-allemagne-un-conflit-de-generations","status":"publish","type":"post","link":"https:\/\/www.europesays.com\/fr\/566306\/","title":{"rendered":"R\u00e9forme du syst\u00e8me de retraites en Allemagne\u00a0: un conflit de g\u00e9n\u00e9rations"},"content":{"rendered":"<p class=\"PopSlotParagraph qg-tx2 qg-xtra-lh svelte-1r0pyek\">\u00ab\u00a074% des Allemands de l&rsquo;Est n&rsquo;ont pas pu se constituer une retraite d&rsquo;entreprise ou une \u00e9pargne priv\u00e9e. La pension moyenne brute est de 1400 euros environ. Et celle des femmes d&rsquo;environ 900 euros.\u00a0\u00bb<\/p>\n<p class=\"PopSlotParagraph qg-tx2 qg-xtra-lh svelte-1r0pyek\">C&rsquo;est la ministre du Travail, B\u00e4rbel Bas, qui dresse ce tableau des pensions que re\u00e7oivent aujourd&rsquo;hui les retrait\u00e9s.<\/p>\n<p class=\"PopSlotParagraph qg-tx2 qg-xtra-lh svelte-1r0pyek\">En Allemagne, le dossier des retraites enflamme r\u00e9guli\u00e8rement le d\u00e9bat. Et cette semaine, la coalition vit ce qui est peut-\u00eatre sa plus grave crise. Elle est percut\u00e9e par le sujet du taux de remplacement, c\u2019est-\u00e0-dire ce que touchent les retrait\u00e9s en proportion de leur salaire quand ils \u00e9taient actifs.<\/p>\n<p class=\"PopSlotParagraph qg-tx2 qg-xtra-lh svelte-1r0pyek\">D\u00e9cryptage avec <strong>S\u00e9bastien Baer<\/strong>, l&rsquo;envoy\u00e9 sp\u00e9cial permanent de France Inter en Allemagne.<\/p>\n","protected":false},"excerpt":{"rendered":"\u00ab\u00a074% des Allemands de l&rsquo;Est n&rsquo;ont pas pu se constituer une retraite d&rsquo;entreprise ou une \u00e9pargne priv\u00e9e. La&hellip;\n","protected":false},"author":2,"featured_media":566307,"comment_status":"","ping_status":"","sticky":false,"template":"","format":"standard","meta":{"footnotes":""},"categories":[1587],"tags":[11,672,1804,1805,1803,1777,674,1801,12,1802],"class_list":{"0":"post-566306","1":"post","2":"type-post","3":"status-publish","4":"format-standard","5":"has-post-thumbnail","7":"category-allemagne","8":"tag-actualites","9":"tag-allemagne","10":"tag-bundesrepublik-deutschland","11":"tag-de","12":"tag-deutschland","13":"tag-eu","14":"tag-europe","15":"tag-germany","16":"tag-news","17":"tag-republique-federale-dallemagne"},"share_on_mastodon":{"url":"https:\/\/pubeurope.com\/@fr\/115632117179075123","error":""},"_links":{"self":[{"href":"https:\/\/www.europesays.com\/fr\/wp-json\/wp\/v2\/posts\/566306","targetHints":{"allow":["GET"]}}],"collection":[{"href":"https:\/\/www.europesays.com\/fr\/wp-json\/wp\/v2\/posts"}],"about":[{"href":"https:\/\/www.europesays.com\/fr\/wp-json\/wp\/v2\/types\/post"}],"author":[{"embeddable":true,"href":"https:\/\/www.europesays.com\/fr\/wp-json\/wp\/v2\/users\/2"}],"replies":[{"embeddable":true,"href":"https:\/\/www.europesays.com\/fr\/wp-json\/wp\/v2\/comments?post=566306"}],"version-history":[{"count":0,"href":"https:\/\/www.europesays.com\/fr\/wp-json\/wp\/v2\/posts\/566306\/revisions"}],"wp:featuredmedia":[{"embeddable":true,"href":"https:\/\/www.europesays.com\/fr\/wp-json\/wp\/v2\/media\/566307"}],"wp:attachment":[{"href":"https:\/\/www.europesays.com\/fr\/wp-json\/wp\/v2\/media?parent=566306"}],"wp:term":[{"taxonomy":"category","embeddable":true,"href":"https:\/\/www.europesays.com\/fr\/wp-json\/wp\/v2\/categories?post=566306"},{"taxonomy":"post_tag","embeddable":true,"href":"https:\/\/www.europesays.com\/fr\/wp-json\/wp\/v2\/tags?post=566306"}],"curies":[{"name":"wp","href":"https:\/\/api.w.org\/{rel}","templated":true}]}}