{"id":566308,"date":"2025-11-29T08:47:14","date_gmt":"2025-11-29T08:47:14","guid":{"rendered":"https:\/\/www.europesays.com\/fr\/566308\/"},"modified":"2025-11-29T08:47:14","modified_gmt":"2025-11-29T08:47:14","slug":"leurope-face-au-double-risque-de-decrochage-et-de-dependance","status":"publish","type":"post","link":"https:\/\/www.europesays.com\/fr\/566308\/","title":{"rendered":"l\u2019Europe face au double risque de d\u00e9crochage et de d\u00e9pendance"},"content":{"rendered":"<p><strong>Par Yohann Ralle, directeur Europe de l\u2019ONG internationale The Future Society.<\/strong><\/p>\n<p>La course mondiale \u00e0 l\u2019intelligence artificielle acc\u00e9l\u00e8re, et son centre de gravit\u00e9 se d\u00e9place.<\/p>\n<p>Deux dynamiques se dessinent. D\u2019un c\u00f4t\u00e9, la Chine s\u2019est impos\u00e9e comme leader de la science ouverte, avec des mod\u00e8les \u00ab open source \u00bb d\u00e9sormais comparables aux mod\u00e8les propri\u00e9taires sur des usages scientifiques avanc\u00e9s. La publication, le 27 novembre 2025, de <a href=\"https:\/\/huggingface.co\/deepseek-ai\/DeepSeek-Math-V2\" target=\"_blank\" rel=\"noopener\">DeepSeek Math-V2<\/a> en a fourni une d\u00e9monstration claire : un mod\u00e8le d\u2019IA libre peut aujourd\u2019hui r\u00e9soudre certains des probl\u00e8mes math\u00e9matiques les plus complexes au monde.<\/p>\n<p>De l\u2019autre, un d\u00e9but de prise de conscience am\u00e9ricaine conduit \u00e0 r\u00e9orienter les investissements vers l\u2019essentiel : faire de l\u2019intelligence artificielle un outil d\u2019acc\u00e9l\u00e9ration de la d\u00e9couverte scientifique, au-del\u00e0 des seules promesses de productivit\u00e9 des mod\u00e8les de langage. Le 24 novembre 2025, Donald Trump a ainsi sign\u00e9 un d\u00e9cret lan\u00e7ant <a href=\"https:\/\/www.whitehouse.gov\/presidential-actions\/2025\/11\/launching-the-genesis-mission\/\" target=\"_blank\" rel=\"noopener\">GENESIS<\/a>, un programme massif visant \u00e0 faire de l\u2019IA un moteur central de la recherche am\u00e9ricaine, avec l\u2019objectif d\u2019en doubler le rythme des d\u00e9couvertes sur dix ans.<\/p>\n<p>Sur ces deux fronts strat\u00e9giques &#8211; ouverture et science &#8211; l\u2019Europe \u00e9tait particuli\u00e8rement bien positionn\u00e9e pour prendre le leadership.<\/p>\n<p>Pourtant, elle ne dispose pas aujourd\u2019hui de mod\u00e8les d\u2019IA ouverts de fronti\u00e8re. Les initiatives existent, mais elles restent dispers\u00e9es, sous-financ\u00e9es et sans strat\u00e9gie industrielle claire sur l\u2019open source.<\/p>\n<p>Certes, l\u2019Europe peut s\u2019appuyer sur un \u00e9cosyst\u00e8me de start-up en IA dynamique, y compris des \u00ab licornes \u00bb comme Lovable ou Legora. Mais ces acteurs b\u00e2tissent l\u2019essentiel de leurs services sur des mod\u00e8les am\u00e9ricains ou chinois, cr\u00e9ant une nouvelle d\u00e9pendance technologique structurelle.<\/p>\n<p>S&rsquo;allier \u00e0 des puissances interm\u00e9diaires&#13;\n<\/p>\n<p>Reprendre la main est possible, mais suppose des alliances. L\u2019enjeu est clair : investir rapidement dans les infrastructures de calcul, moteur de l\u2019IA, tout en investissant mieux. Mutualiser les ressources, cr\u00e9er des \u00e9conomies d\u2019\u00e9chelle et permettre l\u2019\u00e9mergence de mod\u00e8les de pointe, ouverts, au service de l\u2019innovation.<\/p>\n<p>Des initiatives vont dans ce sens. Le plan \u00ab Gigafactories \u00bb de la Commission europ\u00e9enne, dot\u00e9 de 20 milliards d\u2019euros, constitue une avanc\u00e9e, mais appelle \u00e0 une grande vigilance : attirer des capitaux \u00e9trangers ne doit pas conduire \u00e0 un acc\u00e8s privil\u00e9gi\u00e9 des g\u00e9ants du num\u00e9rique extra-europ\u00e9ens \u00e0 ces ressources strat\u00e9giques.<\/p>\n<p>C\u2019est dans ce contexte qu\u2019un collectif d\u2019experts et d\u2019institutions a publi\u00e9 une strat\u00e9gie appelant l\u2019Europe \u00e0 s\u2019allier \u00e0 des puissances interm\u00e9diaires comme le Japon, le Canada ou le Royaume-Uni pour mutualiser leurs ressources.<\/p>\n<p>Le Royaume-Uni, quant \u00e0 lui, est confront\u00e9, exactement comme l\u2019Europe, \u00e0 un manque structurel de capital domestique pour financer les infrastructures d\u2019IA et le passage \u00e0 l\u2019\u00e9chelle de ses start-up.\u00a0Pour y r\u00e9pondre, Londres mise pleinement sur sa \u00ab relation sp\u00e9ciale \u00bb avec les \u00c9tats-Unis, en attirant des investissements am\u00e9ricains massifs : 22 milliards de dollars annonc\u00e9s par Microsoft en septembre dernier, 5 milliards par Google, ainsi que la livraison de 120 000 GPU par Nvidia.\u00a0<\/p>\n<p>Cette strat\u00e9gie permet s\u00fbrement de ne pas d\u00e9crocher, mais elle a un prix : elle accentue fortement la d\u00e9pendance du pays aux technologies et aux infrastructures am\u00e9ricaines, au point que certaines voix influentes de la tech britannique n\u2019h\u00e9sitent plus \u00e0 \u00e9voquer une forme de \u00ab vassalisation technologique \u00bb du Royaume-Uni vis-\u00e0-vis de son alli\u00e9 historique.\u00a0<\/p>\n<p>L\u2019Europe, elle, dispose d\u2019un march\u00e9 bien plus large et de capacit\u00e9s de financement importantes. La tentation de suivre la voie britannique est forte, et elle structure d\u00e9j\u00e0 en partie les choix actuels. Mais des contre-dynamiques \u00e9mergent : elles sont indispensables pour permettre \u00e0 l\u2019Europe de n\u00e9gocier les futurs investissements dans ces infrastructures strat\u00e9giques en position d\u2019\u00e9gal \u00e0 \u00e9gal.<\/p>\n<p>L\u2019enjeu n\u2019est pas seulement de conqu\u00e9rir la fronti\u00e8re technologique, mais de le faire sans cr\u00e9er de nouvelles bulles \u00e9conomiques ni aggraver la crise environnementale, dans un cadre fond\u00e9 sur la confiance, la s\u00e9curit\u00e9 et la coop\u00e9ration internationale.<\/p>\n<p>Yohann Ralle est directeur Europe de l\u2019ONG internationale The Future Society qui \u0153uvre pour une meilleure gouvernance de l\u2019intelligence artificielle. Il a pr\u00e9c\u00e9demment \u00e9t\u00e9 coordinateur national adjoint pour l\u2019IA jusqu&rsquo;\u00e0 septembre 2025, au pilotage de la strat\u00e9gie fran\u00e7aise qui a mobilis\u00e9 plus de 1,2 milliard d\u2019euros d\u2019investissements publics entre 2022 et 2025. Il dispose \u00e9galement d\u2019une exp\u00e9rience en politiques publiques de l\u2019IA et du num\u00e9rique au Royaume-Uni.<\/p>\n","protected":false},"excerpt":{"rendered":"Par Yohann Ralle, directeur Europe de l\u2019ONG internationale The Future Society. La course mondiale \u00e0 l\u2019intelligence artificielle acc\u00e9l\u00e8re,&hellip;\n","protected":false},"author":2,"featured_media":566309,"comment_status":"","ping_status":"","sticky":false,"template":"","format":"standard","meta":{"footnotes":""},"categories":[1586],"tags":[17,11,41869,22973,13748,3391,1777,674,2823,1011,27,56833,7424,1808,12,4536,25,4510],"class_list":{"0":"post-566308","1":"post","2":"type-post","3":"status-publish","4":"format-standard","5":"has-post-thumbnail","7":"category-europe","8":"tag-17","9":"tag-actualites","10":"tag-artificielle","11":"tag-decrochage","12":"tag-dependance","13":"tag-double","14":"tag-eu","15":"tag-europe","16":"tag-face","17":"tag-fr","18":"tag-france","19":"tag-idees-debats","20":"tag-intelligence","21":"tag-leurope","22":"tag-news","23":"tag-opinion","24":"tag-republique-francaise","25":"tag-risque"},"share_on_mastodon":{"url":"https:\/\/pubeurope.com\/@fr\/115632121157726058","error":""},"_links":{"self":[{"href":"https:\/\/www.europesays.com\/fr\/wp-json\/wp\/v2\/posts\/566308","targetHints":{"allow":["GET"]}}],"collection":[{"href":"https:\/\/www.europesays.com\/fr\/wp-json\/wp\/v2\/posts"}],"about":[{"href":"https:\/\/www.europesays.com\/fr\/wp-json\/wp\/v2\/types\/post"}],"author":[{"embeddable":true,"href":"https:\/\/www.europesays.com\/fr\/wp-json\/wp\/v2\/users\/2"}],"replies":[{"embeddable":true,"href":"https:\/\/www.europesays.com\/fr\/wp-json\/wp\/v2\/comments?post=566308"}],"version-history":[{"count":0,"href":"https:\/\/www.europesays.com\/fr\/wp-json\/wp\/v2\/posts\/566308\/revisions"}],"wp:featuredmedia":[{"embeddable":true,"href":"https:\/\/www.europesays.com\/fr\/wp-json\/wp\/v2\/media\/566309"}],"wp:attachment":[{"href":"https:\/\/www.europesays.com\/fr\/wp-json\/wp\/v2\/media?parent=566308"}],"wp:term":[{"taxonomy":"category","embeddable":true,"href":"https:\/\/www.europesays.com\/fr\/wp-json\/wp\/v2\/categories?post=566308"},{"taxonomy":"post_tag","embeddable":true,"href":"https:\/\/www.europesays.com\/fr\/wp-json\/wp\/v2\/tags?post=566308"}],"curies":[{"name":"wp","href":"https:\/\/api.w.org\/{rel}","templated":true}]}}