{"id":566310,"date":"2025-11-29T08:48:17","date_gmt":"2025-11-29T08:48:17","guid":{"rendered":"https:\/\/www.europesays.com\/fr\/566310\/"},"modified":"2025-11-29T08:48:17","modified_gmt":"2025-11-29T08:48:17","slug":"psg-agace-luis-enrique-a-eu-une-grosse-discussion-avec-un-parisien-avant-monaco","status":"publish","type":"post","link":"https:\/\/www.europesays.com\/fr\/566310\/","title":{"rendered":"PSG : Agac\u00e9, Luis Enrique a eu une grosse discussion avec un Parisien avant Monaco !"},"content":{"rendered":"<p>Apr\u00e8s son coup de coude ridicule contre Tottenham (5-3), Lucas Hernandez aurait eu une discussion anim\u00e9e avec Luis Enrique.<\/p>\n<p>Si les spectateurs de PSG \u2013 Tottenham (5-3) se sont r\u00e9gal\u00e9s mercredi soir, un geste a choqu\u00e9 ! En fin de match, alors qu\u2019il n\u2019y avait aucun v\u00e9ritable danger, au duel avec Xavi Simons, Lucas Hernandez a assen\u00e9 un vilain coup de coude \u00e0 l\u2019ancien parisien. Carton rouge logique, que n\u2019a absolument pas contest\u00e9 le Champion du Monde 2018, conscient de son geste de col\u00e8re et de sa b\u00eatise.<\/p>\n<p>Un rappel \u00e0 l\u2019odre<\/p>\n<p>Comme le d\u00e9voile <a href=\"https:\/\/www.leparisien.fr\/sports\/football\/ligue-1\/monaco-psg-lucas-hernandez-une-grosse-betise-et-une-remise-en-question-attendue-28-11-2025-WEHNVNVSGBDNHINLB6DKVRGZMI.php\" target=\"_blank\" rel=\"noopener\">Le Parisien<\/a> dans son \u00e9dition du jour ce samedi 29 novembre, ce geste d\u2019humeur n\u2019a pas amus\u00e9 au\u00a0PSG, o\u00f9 l\u2019on parlerait d\u2019une \u00ab\u00a0grosse b\u00eatise\u00a0\u00bb. Le quotidien\u00a0explique que Luis Enrique et Lucas Hernandez\u00a0ont \u00e9voqu\u00e9 ce carton rouge lors de leurs retrouvailles au\u00a0Campus, alors que ce n\u2019est pas la premi\u00e8re fois que le Fran\u00e7ais perd ses nerfs de la sorte.<\/p>\n<p>Lucas Hernandez aurait fait son mea-culpa aupr\u00e8s de l\u2019entra\u00eeneur de l\u2019Espagnol. En interne,\u00a0ce dernier n\u2019aurait pas masqu\u00e9 son m\u00e9contentement face \u00e0 la r\u00e9p\u00e9tition de ces gestes d\u00e9plac\u00e9s. Luis Enrique attendrait d\u00e9sormais davantage de discipline d\u00e9fensive\u2026 Logiquement, <a href=\"https:\/\/www.sport.fr\/football\/as-monaco-psg-les-compos-probables-1387324.shtm\" target=\"_blank\" rel=\"noopener\">pour ce Monaco \u2013 PSG<\/a>, alors qu\u2019il devrait \u00eatre titulaire, Lucas Hernandez sera tr\u00e8s surveill\u00e9 et attendu.<\/p>\n<blockquote class=\"twitter-tweet\">\n<p lang=\"fr\" dir=\"ltr\">Vraiment pas n\u00e9cessaire ce gros coup de coude de Lucas Hernandez sur Xavi Simons ! \ud83d\ude44\ud83d\ude44<\/p>\n<p>Carton rouge logique. <a href=\"https:\/\/t.co\/aU57Qy3Wcd\">pic.twitter.com\/aU57Qy3Wcd<\/a><\/p>\n<p>\u2014 Footballogue (@Footballogue) <a href=\"https:\/\/twitter.com\/Footballogue\/status\/1993800340601491619?ref_src=twsrc%5Etfw\" target=\"_blank\" rel=\"noopener\">November 26, 2025<\/a><\/p><\/blockquote>\n<p><script async src=\"https:\/\/platform.twitter.com\/widgets.js\" charset=\"utf-8\"><\/script><\/p>\n","protected":false},"excerpt":{"rendered":"Apr\u00e8s son coup de coude ridicule contre Tottenham (5-3), Lucas Hernandez aurait eu une discussion anim\u00e9e avec Luis&hellip;\n","protected":false},"author":2,"featured_media":566311,"comment_status":"","ping_status":"","sticky":false,"template":"","format":"standard","meta":{"footnotes":""},"categories":[1586],"tags":[11,1777,674,1779,1011,27,12,25,1778,364],"class_list":{"0":"post-566310","1":"post","2":"type-post","3":"status-publish","4":"format-standard","5":"has-post-thumbnail","7":"category-europe","8":"tag-actualites","9":"tag-eu","10":"tag-europe","11":"tag-european-union","12":"tag-fr","13":"tag-france","14":"tag-news","15":"tag-republique-francaise","16":"tag-ue","17":"tag-union-europeenne"},"share_on_mastodon":{"url":"https:\/\/pubeurope.com\/@fr\/115632125016250395","error":""},"_links":{"self":[{"href":"https:\/\/www.europesays.com\/fr\/wp-json\/wp\/v2\/posts\/566310","targetHints":{"allow":["GET"]}}],"collection":[{"href":"https:\/\/www.europesays.com\/fr\/wp-json\/wp\/v2\/posts"}],"about":[{"href":"https:\/\/www.europesays.com\/fr\/wp-json\/wp\/v2\/types\/post"}],"author":[{"embeddable":true,"href":"https:\/\/www.europesays.com\/fr\/wp-json\/wp\/v2\/users\/2"}],"replies":[{"embeddable":true,"href":"https:\/\/www.europesays.com\/fr\/wp-json\/wp\/v2\/comments?post=566310"}],"version-history":[{"count":0,"href":"https:\/\/www.europesays.com\/fr\/wp-json\/wp\/v2\/posts\/566310\/revisions"}],"wp:featuredmedia":[{"embeddable":true,"href":"https:\/\/www.europesays.com\/fr\/wp-json\/wp\/v2\/media\/566311"}],"wp:attachment":[{"href":"https:\/\/www.europesays.com\/fr\/wp-json\/wp\/v2\/media?parent=566310"}],"wp:term":[{"taxonomy":"category","embeddable":true,"href":"https:\/\/www.europesays.com\/fr\/wp-json\/wp\/v2\/categories?post=566310"},{"taxonomy":"post_tag","embeddable":true,"href":"https:\/\/www.europesays.com\/fr\/wp-json\/wp\/v2\/tags?post=566310"}],"curies":[{"name":"wp","href":"https:\/\/api.w.org\/{rel}","templated":true}]}}