{"id":566325,"date":"2025-11-29T09:02:16","date_gmt":"2025-11-29T09:02:16","guid":{"rendered":"https:\/\/www.europesays.com\/fr\/566325\/"},"modified":"2025-11-29T09:02:16","modified_gmt":"2025-11-29T09:02:16","slug":"isabelle-ithurburu-jalouse-danne-elisabeth-lemoine-une-immense","status":"publish","type":"post","link":"https:\/\/www.europesays.com\/fr\/566325\/","title":{"rendered":"Isabelle Ithurburu jalouse d\u2019Anne-\u00c9lisabeth Lemoine ? Une immense &#8230;"},"content":{"rendered":"<p>EN BREF<\/p>\n<ul class=\"bloc_resume_post_list\">\n<li>Le 27 novembre, Isabelle Ithurburu et Philippe Vandel ont<br \/>\ndiscut\u00e9 sur C \u00e0 vous, partageant humour et confidences sur la<br \/>\nt\u00e9l\u00e9vision.<\/li>\n<li>Isabelle Ithurburu a r\u00e9v\u00e9l\u00e9 sa m\u00e9thode d\u00a0\u00bbinterview hors<br \/>\ndirect, offrant une libert\u00e9 aux invit\u00e9s, tandis que Philippe Vandel<br \/>\na d\u00e9crypt\u00e9 le langage des stars.<\/li>\n<li>La mention de George Clooney a \u00e9lectris\u00e9 le plateau,<br \/>\nsuscitant enthousiasme et jalousie, avec une annonce inattendue sur<br \/>\nsa venue prochaine.<\/li>\n<\/ul>\n<p>L\u2019\u00e9dition du 27 novembre de C \u00e0 vous a r\u00e9uni autour de<br \/>\nla table <a href=\"https:\/\/www.telestar.fr\/actu_tv\/isabelle-ithurburu-emue-aux-larmes-dans-c-a-vous-ces-images-difficiles-a-regarder-sans-flancher-1746895\" target=\"_blank\" rel=\"noopener\"><br \/>\nIsabelle Ithurburu, tr\u00e8s \u00e9mue<\/a> et Philippe Vandel pour une<br \/>\ndiscussion pleine <strong>d\u2019humour<\/strong> et de<br \/>\n<strong>confidences<\/strong> sur les coulisses du petit \u00e9cran.<br \/>\nL\u2019animatrice de 50\u2019 Inside s\u2019est notamment exprim\u00e9e sur sa<br \/>\nm\u00e9thode <strong>d\u2019interview<\/strong>, tr\u00e8s appr\u00e9ci\u00e9e des invit\u00e9s,<br \/>\nmais aussi sur la <strong>m\u00e9fiance<\/strong> que certains artistes<br \/>\npeuvent encore \u00e9prouver face aux <strong>r\u00e9seaux sociaux<\/strong><br \/>\net aux petites <strong>phrases d\u00e9tourn\u00e9es.<\/strong><\/p>\n<p>Dans une atmosph\u00e8re bon enfant, les \u00e9changes ont rapidement<br \/>\n<strong>bascul\u00e9<\/strong>\u00a0vers les <strong>tics de langage des<br \/>\nc\u00e9l\u00e9brit\u00e9s,<\/strong> point\u00e9s avec malice par Philippe Vandel dans<br \/>\nson livre. Un moment l\u00e9ger\u2026 jusqu\u2019\u00e0 ce qu\u2019un <strong>nom<br \/>\ninattendu<\/strong> d\u00e9clenche un <strong>enthousiasme<\/strong><br \/>\npartag\u00e9, mais aussi une pointe de<br \/>\n<strong>jalousie<\/strong>\u00a0assum\u00e9e.<\/p>\n<p>Des r\u00e9v\u00e9lations en coulisses et des confidences sans<br \/>\nfiltre<\/p>\n<p>Isabelle Ithurburu a expliqu\u00e9 pourquoi ses invit\u00e9s se<br \/>\n<strong>livrent volontiers<\/strong> devant sa cam\u00e9ra. Selon la<br \/>\n<a href=\"https:\/\/www.telestar.fr\/actu_tv\/star-a-domicile-des-pieges-isabelle-ithurburu-en-dit-plus-sur-le-retour-de-lemission-1746288\" target=\"_blank\" rel=\"noopener\"><br \/>\npr\u00e9sentatrice de Stars \u00e0 domicile<\/a>, le tournage<br \/>\n<strong>hors direct<\/strong> leur offre une<br \/>\n<strong>libert\u00e9<\/strong> suppl\u00e9mentaire. \u2018\u2018On peut parfois<br \/>\n<strong>papoter une heure pour n\u2019en garder que dix<br \/>\nminutes<\/strong>, \u00e7a permet <strong>d\u2019oublier la pr\u00e9sence des<br \/>\ncam\u00e9ras<\/strong><strong>.<\/strong>\u2019\u2019 confie-t-elle. Elle<br \/>\nreconna\u00eet aussi que certains artistes demandent des<br \/>\n<strong>coupes<\/strong>, m\u00eame si cela reste<br \/>\n<strong>exceptionnel<\/strong>. \u2018\u2018On comprend la<br \/>\n<strong>peur<\/strong> derri\u00e8re, on veut qu\u2019ils se sentent<br \/>\n<strong>en confiance<\/strong>.\u2019\u2019<\/p>\n<p>Philippe Vandel s\u2019est amus\u00e9 \u00e0 <strong>d\u00e9crypter<\/strong> le<br \/>\nlangage tr\u00e8s cod\u00e9 des stars du showbiz. Quand un artiste dit<br \/>\n\u2018\u2018<strong>je veux changer de registre<\/strong>\u2019\u2019, cela se<br \/>\ntraduit pour lui par : \u2018\u2018ce que je fais <strong>ne<br \/>\nfonctionne plus<\/strong>\u2019\u2019. Et les fameuses<br \/>\n\u2018\u2018<strong>grandes tourn\u00e9es \u00e0 l\u2019\u00e9tranger<\/strong>\u2019\u2019 ?<br \/>\n\u2018\u2018Souvent, c\u2019est <strong>juste la Suisse et la<br \/>\nBelgique<\/strong>.\u2019\u2019 plaisante-t-il.<\/p>\n<p>George Clooney, la star qui fait<br \/>\ntourner les t\u00eates d\u2019Isabelle Ithurburu et d\u2019Anne-\u00c9lisabeth<br \/>\nLemoine<\/p>\n<p>La discussion s\u2019est termin\u00e9e sur un nom qui a instantan\u00e9ment<br \/>\n<strong>\u00e9lectris\u00e9<\/strong> le plateau : George Clooney. En<br \/>\n\u00e9voquant les invit\u00e9s \u2018\u2018qui peuvent <strong>revenir quand ils<br \/>\nveulent<\/strong>\u2019\u2019, Philippe Vandel a cit\u00e9 l\u2019acteur am\u00e9ricain,<br \/>\nce qui a fait r\u00e9agir Anne-\u00c9lisabeth Lemoine. \u2018\u2018Lui, oui,<br \/>\n<strong>il revient quand il veut<\/strong> ! D\u2019ailleurs, il<br \/>\n<strong>vient la semaine prochaine<\/strong> !\u2019\u2019<\/p>\n<p>Une annonce qui a <strong>fait bondir Isabelle<br \/>\nIthurburu<\/strong>, visiblement ravie et un peu <a href=\"https:\/\/www.telestar.fr\/actu_tv\/anne-elisabeth-lemoine-jalouse-du-succes-de-lena-situations-elise-lucet-balance-1746778\" target=\"_blank\" rel=\"noopener\"><br \/>\njalouse comme Anne-\u00c9lisabeth Lemoine<\/a> l\u2019a d\u00e9j\u00e0 \u00e9t\u00e9.<br \/>\n\u2018\u2018<strong>Vraiment ? Oh la chance ! Vous ne pouvez pas me<br \/>\ndonner son num\u00e9ro ?<\/strong>\u2019\u2019 s\u2019est-elle amus\u00e9e. Un moment de<br \/>\ncomplicit\u00e9 qui a imm\u00e9diatement fait <strong>rire<\/strong> le<br \/>\nplateau\u2026 jusqu\u2019\u00e0 ce qu\u2019un chroniqueur temp\u00e8re. \u2018\u2018Il y a des<br \/>\nchances qu\u2019il <strong>ne revienne pas quand on<br \/>\nveut\u2026<\/strong>\u2019\u2019<\/p>\n","protected":false},"excerpt":{"rendered":"EN BREF Le 27 novembre, Isabelle Ithurburu et Philippe Vandel ont discut\u00e9 sur C \u00e0 vous, partageant humour&hellip;\n","protected":false},"author":2,"featured_media":566326,"comment_status":"","ping_status":"","sticky":false,"template":"","format":"standard","meta":{"footnotes":""},"categories":[1359],"tags":[5631,548,5632,58,59,1011,27,6975,973],"class_list":{"0":"post-566325","1":"post","2":"type-post","3":"status-publish","4":"format-standard","5":"has-post-thumbnail","7":"category-people","8":"tag-anne-elisabeth-lemoine","9":"tag-article-simple","10":"tag-c-a-vous","11":"tag-divertissement","12":"tag-entertainment","13":"tag-fr","14":"tag-france","15":"tag-isabelle-ithurburu","16":"tag-people"},"share_on_mastodon":{"url":"https:\/\/pubeurope.com\/@fr\/115632180118532207","error":""},"_links":{"self":[{"href":"https:\/\/www.europesays.com\/fr\/wp-json\/wp\/v2\/posts\/566325","targetHints":{"allow":["GET"]}}],"collection":[{"href":"https:\/\/www.europesays.com\/fr\/wp-json\/wp\/v2\/posts"}],"about":[{"href":"https:\/\/www.europesays.com\/fr\/wp-json\/wp\/v2\/types\/post"}],"author":[{"embeddable":true,"href":"https:\/\/www.europesays.com\/fr\/wp-json\/wp\/v2\/users\/2"}],"replies":[{"embeddable":true,"href":"https:\/\/www.europesays.com\/fr\/wp-json\/wp\/v2\/comments?post=566325"}],"version-history":[{"count":0,"href":"https:\/\/www.europesays.com\/fr\/wp-json\/wp\/v2\/posts\/566325\/revisions"}],"wp:featuredmedia":[{"embeddable":true,"href":"https:\/\/www.europesays.com\/fr\/wp-json\/wp\/v2\/media\/566326"}],"wp:attachment":[{"href":"https:\/\/www.europesays.com\/fr\/wp-json\/wp\/v2\/media?parent=566325"}],"wp:term":[{"taxonomy":"category","embeddable":true,"href":"https:\/\/www.europesays.com\/fr\/wp-json\/wp\/v2\/categories?post=566325"},{"taxonomy":"post_tag","embeddable":true,"href":"https:\/\/www.europesays.com\/fr\/wp-json\/wp\/v2\/tags?post=566325"}],"curies":[{"name":"wp","href":"https:\/\/api.w.org\/{rel}","templated":true}]}}