{"id":566327,"date":"2025-11-29T09:03:27","date_gmt":"2025-11-29T09:03:27","guid":{"rendered":"https:\/\/www.europesays.com\/fr\/566327\/"},"modified":"2025-11-29T09:03:27","modified_gmt":"2025-11-29T09:03:27","slug":"viry-le-peintre-patrick-torres-ouvre-les-portes-de-sa-maison-pendant-trois-jours","status":"publish","type":"post","link":"https:\/\/www.europesays.com\/fr\/566327\/","title":{"rendered":"Viry. Le peintre Patrick Torres ouvre les portes de sa maison pendant trois jours"},"content":{"rendered":"<p>Ce week-end, l\u2019artiste Patrick Torres ouvre grand les portes de sa maison situ\u00e9e au c\u0153ur de Viry, afin de permettre au public, qu\u2019il soit amateur de couleurs, connaisseur ou non, passionn\u00e9 ou simplement curieux, de d\u00e9couvrir les centaines de toiles pr\u00e9sentes, dont vingt nouvelles. Cinquante ans de peinture, fruit de son imagination, de ses nombreux et lointains voyages, de ses rencontres et de son regard sur le monde.<\/p>\n<p>Une visite qui commence dans la cour avec ses sculptures m\u00e9talliques, puis dans la cuisine au rez-de-chauss\u00e9e, pour terminer au gr\u00e9 des chambres et salons, au&#8230;<\/p>\n","protected":false},"excerpt":{"rendered":"Ce week-end, l\u2019artiste Patrick Torres ouvre grand les portes de sa maison situ\u00e9e au c\u0153ur de Viry, afin&hellip;\n","protected":false},"author":2,"featured_media":566328,"comment_status":"","ping_status":"","sticky":false,"template":"","format":"standard","meta":{"footnotes":""},"categories":[1358],"tags":[1348,1384,1385,6002,1687,1386,58,3895,59,2271,107,1011,27,68168],"class_list":{"0":"post-566327","1":"post","2":"type-post","3":"status-publish","4":"format-standard","5":"has-post-thumbnail","7":"category-arts-et-design","8":"tag-arts","9":"tag-arts-and-design","10":"tag-arts-et-design","11":"tag-charolles-bassin","12":"tag-culture-loisirs","13":"tag-design","14":"tag-divertissement","15":"tag-edition-charolais-brionnais","16":"tag-entertainment","17":"tag-exposition-arts-plastiques","18":"tag-fil-info","19":"tag-fr","20":"tag-france","21":"tag-viry"},"share_on_mastodon":{"url":"https:\/\/pubeurope.com\/@fr\/115632183940205533","error":""},"_links":{"self":[{"href":"https:\/\/www.europesays.com\/fr\/wp-json\/wp\/v2\/posts\/566327","targetHints":{"allow":["GET"]}}],"collection":[{"href":"https:\/\/www.europesays.com\/fr\/wp-json\/wp\/v2\/posts"}],"about":[{"href":"https:\/\/www.europesays.com\/fr\/wp-json\/wp\/v2\/types\/post"}],"author":[{"embeddable":true,"href":"https:\/\/www.europesays.com\/fr\/wp-json\/wp\/v2\/users\/2"}],"replies":[{"embeddable":true,"href":"https:\/\/www.europesays.com\/fr\/wp-json\/wp\/v2\/comments?post=566327"}],"version-history":[{"count":0,"href":"https:\/\/www.europesays.com\/fr\/wp-json\/wp\/v2\/posts\/566327\/revisions"}],"wp:featuredmedia":[{"embeddable":true,"href":"https:\/\/www.europesays.com\/fr\/wp-json\/wp\/v2\/media\/566328"}],"wp:attachment":[{"href":"https:\/\/www.europesays.com\/fr\/wp-json\/wp\/v2\/media?parent=566327"}],"wp:term":[{"taxonomy":"category","embeddable":true,"href":"https:\/\/www.europesays.com\/fr\/wp-json\/wp\/v2\/categories?post=566327"},{"taxonomy":"post_tag","embeddable":true,"href":"https:\/\/www.europesays.com\/fr\/wp-json\/wp\/v2\/tags?post=566327"}],"curies":[{"name":"wp","href":"https:\/\/api.w.org\/{rel}","templated":true}]}}