{"id":566329,"date":"2025-11-29T09:05:32","date_gmt":"2025-11-29T09:05:32","guid":{"rendered":"https:\/\/www.europesays.com\/fr\/566329\/"},"modified":"2025-11-29T09:05:32","modified_gmt":"2025-11-29T09:05:32","slug":"audiences-tv-prime-vendredi-28-novembre-2025-stars-a-domicile-impuissant-face-a-astrid-et-raphaelle-pour-son-retour-pekin-express-remonte-sur-le-podium","status":"publish","type":"post","link":"https:\/\/www.europesays.com\/fr\/566329\/","title":{"rendered":"Audiences TV Prime (vendredi 28 novembre 2025)\u00a0: Stars \u00e0 domicile impuissant face \u00e0 Astrid et Rapha\u00eblle pour son retour, P\u00e9kin Express remonte sur le podium"},"content":{"rendered":"<p>\n\t\t\t\t\t\tPubli\u00e9 le 29\/11\/2025 \u00e0 09:16<br \/>\n\t\t\t\t   Mis \u00e0 jour le <strong>29\/11\/2025<\/strong> \u00e0 <strong>09:34<\/strong>\n\t\t\t\t\t<\/p>\n<p>Ce vendredi 28 novembre 2025, le lancement de la nouvelle saison de <strong> Stars \u00e0 domicile <\/strong> sur TF1  n\u2019a rien pu faire face <strong> Astrid et Rapha\u00eblle <\/strong> sur France 2 en prime time. <strong> P\u00e9kin Express <\/strong>, sur M6, compl\u00e8te le podium.<\/p>\n<p>Ce vendredi 28 novembre 2025, <a href=\"https:\/\/toutelatele.ouest-france.fr\/stars-a-domicile-tf1-devoile-les-nouveautes-de-la-version-avec-isabelle-ithurburu-180902\" class=\"spip_in\" target=\"_blank\" rel=\"noopener\">la nouvelle saison de <strong> Stars \u00e0 domicile <\/strong>, incarn\u00e9e par <strong>Isabelle Ithurburu<\/strong><\/a>, a \u00e9t\u00e9 lanc\u00e9e sur TF1. Cette premi\u00e8re \u00e9mission a r\u00e9uni 2,38 et 2,37 millions de t\u00e9l\u00e9spectateurs, soit 13,5% et 19,2% de part d\u2019audience aupr\u00e8s des personnes \u00e2g\u00e9es de quatre ans et plus.<\/p>\n<p>Sur les cibles commerciales, le programme est arriv\u00e9 leader sur les femmes responsables des achats de moins de 50 ans avec 26% de ce public. Il a \u00e9galement attir\u00e9 23% des 25-49 ans, 29% des 15-24 ans, et 23% des 15-34 ans.<\/p>\n<p>France 2 toujours solide avec Astrid et Rapha\u00eblle<\/p>\n<p>Sur France 2, l\u2019\u00e9pisode in\u00e9dit d\u2019<a href=\"https:\/\/toutelatele.ouest-france.fr\/astrid-et-raphaelle-1503\" target=\"_blank\" rel=\"noopener\"><strong> Astrid et Rapha\u00eblle <\/strong><\/a> a rassembl\u00e9 4,15 millions de fid\u00e8les, soit 23% de part de march\u00e9 sur les quatre ans et plus.<\/p>\n<p>Un nouveau rendez-vous de <a href=\"https:\/\/toutelatele.ouest-france.fr\/pekin-express-2025-pourquoi-le-tournage-a-ete-complique-pour-la-route-des-glaces-180661\" class=\"spip_in\" target=\"_blank\" rel=\"noopener\">la saison 21 de <strong> P\u00e9kin express <\/strong><\/a>, pr\u00e9sent\u00e9 par <strong>St\u00e9phane Rotenberg<\/strong>, \u00e9tait \u00e9galement diffus\u00e9 sur M6. Le programme a rassembl\u00e9 1,51 et 1,19 million d\u2019aficionados, soit 8,3% et 9% de part de march\u00e9 sur l\u2019ensemble du public.<\/p>\n<p>Sur France 3, le documentaire <strong> L\u2019humour \u00e0 la fran\u00e7aise <\/strong> a attir\u00e9 943 000 personnes, soit 5,7% de part d\u2019audience aupr\u00e8s du public global.<\/p>\n<p>Le cin\u00e9ma sur France 5 plus fort que le handball sur TFX<\/p>\n<p><a href=\"https:\/\/toutelatele.ouest-france.fr\/l-armee-des-ombres-arte-l-histoire-vraie-de-philippe-gerbier-dans-le-film-avec-lino-ventura-et-simone-signoret-150173\" class=\"spip_in\" target=\"_blank\" rel=\"noopener\">Le film <strong> L\u2019Arm\u00e9e des ombres <\/strong><\/a>, sur France 5, avec <strong>Lino Ventura<\/strong>, a rassembl\u00e9 980 000 t\u00e9l\u00e9spectateurs, soit 6,4% des personnes \u00e2g\u00e9es de quatre ans et plus. Le t\u00e9l\u00e9film <strong> Le geste de trop <\/strong>, sur Arte, a suscit\u00e9 l\u2019int\u00e9r\u00eat de 614 000 t\u00e9l\u00e9spectateurs, soit 3,5% de part d\u2019audience aupr\u00e8s des quatre ans et plus.<\/p>\n<p>Le championnat du monde de handball f\u00e9minin, avec le match France \/ Tunisie, \u00e9tait \u00e0 l\u2019honneur sur TFX. La rencontre a attir\u00e9 284 000 t\u00e9l\u00e9spectateurs, soit 1,6% de part d\u2019audience sur l\u2019ensemble du public.<\/p>\n<p>Sur Gulli, <strong> Shrek 4\u00a0: il \u00e9tait une fin <\/strong> a r\u00e9uni 475 000 personnes, soit 2,8% des quatre ans et plus.<\/p>\n<p>Soir\u00e9e TV du vendredi 28 novembre2025<\/p>\n<tr class=\"row_first\">Cha\u00eeneProgrammeTVspectateursPDA 4+<\/tr>\n<tr class=\"row_odd odd\">\n<td headers=\"id1c04_c0\"><img decoding=\"async\" src=\"https:\/\/www.europesays.com\/fr\/wp-content\/uploads\/2025\/11\/1.gif\" alt=\"TF1\" width=\"30\" height=\"30\" loading=\"lazy\"\/><\/td>\n<td headers=\"id1c04_c1\">Stars \u00e0 domicile<\/td>\n<td class=\"numeric \" headers=\"id1c04_c2\">2 379 000<\/td>\n<td headers=\"id1c04_c3\">13,5%<\/td>\n<\/tr>\n<tr class=\"row_even even\">\n<td headers=\"id1c04_c0\"><img decoding=\"async\" src=\"https:\/\/www.europesays.com\/fr\/wp-content\/uploads\/2025\/09\/2.gif\" alt=\"France 2\" width=\"30\" height=\"30\" loading=\"lazy\"\/><\/td>\n<td headers=\"id1c04_c1\">Astrid et Rapha\u00eblle<\/td>\n<td class=\"numeric \" headers=\"id1c04_c2\">4 151 000<\/td>\n<td headers=\"id1c04_c3\">23%<\/td>\n<\/tr>\n<tr class=\"row_odd odd\">\n<td headers=\"id1c04_c0\"><img decoding=\"async\" src=\"https:\/\/www.europesays.com\/fr\/wp-content\/uploads\/2025\/09\/3.gif\" alt=\"France 3\" width=\"30\" height=\"30\" loading=\"lazy\"\/><\/td>\n<td headers=\"id1c04_c1\">L\u2019humour \u00e0 la fran\u00e7aise<\/td>\n<td class=\"numeric \" headers=\"id1c04_c2\">943 000<\/td>\n<td headers=\"id1c04_c3\">5,7%<\/td>\n<\/tr>\n<tr class=\"row_even even\">\n<td headers=\"id1c04_c0\"><img decoding=\"async\" src=\"https:\/\/www.europesays.com\/fr\/wp-content\/uploads\/2025\/09\/69.gif\" alt=\"France 5\" width=\"30\" height=\"30\" loading=\"lazy\"\/><\/td>\n<td headers=\"id1c04_c1\">L\u2019arm\u00e9e des ombres<\/td>\n<td class=\"numeric \" headers=\"id1c04_c2\">980 000<\/td>\n<td headers=\"id1c04_c3\">6,4%<\/td>\n<\/tr>\n<tr class=\"row_odd odd\">\n<td headers=\"id1c04_c0\"><img decoding=\"async\" src=\"https:\/\/www.europesays.com\/fr\/wp-content\/uploads\/2025\/09\/13.gif\" alt=\"M6\" width=\"30\" height=\"30\" loading=\"lazy\"\/><\/td>\n<td headers=\"id1c04_c1\">P\u00e9kin express<\/td>\n<td class=\"numeric \" headers=\"id1c04_c2\">1 505 000<\/td>\n<td headers=\"id1c04_c3\">8,3%<\/td>\n<\/tr>\n<tr class=\"row_even even\">\n<td headers=\"id1c04_c0\"><img decoding=\"async\" src=\"https:\/\/www.europesays.com\/fr\/wp-content\/uploads\/2025\/11\/14.gif\" alt=\"Arte\" width=\"30\" height=\"30\" loading=\"lazy\"\/><\/td>\n<td headers=\"id1c04_c1\">Le geste de trop<\/td>\n<td class=\"numeric \" headers=\"id1c04_c2\">614 000<\/td>\n<td headers=\"id1c04_c3\">3,5%<\/td>\n<\/tr>\n<tr class=\"row_odd odd\">\n<td headers=\"id1c04_c0\"><img decoding=\"async\" src=\"https:\/\/www.europesays.com\/fr\/wp-content\/uploads\/2025\/09\/322.gif\" alt=\"W9\" width=\"30\" height=\"30\" loading=\"lazy\"\/><\/td>\n<td headers=\"id1c04_c1\">Enqu\u00eate d\u2019action<\/td>\n<td class=\"numeric \" headers=\"id1c04_c2\">489 000<\/td>\n<td headers=\"id1c04_c3\">2,8%<\/td>\n<\/tr>\n<tr class=\"row_even even\">\n<td headers=\"id1c04_c0\"><img decoding=\"async\" src=\"https:\/\/www.europesays.com\/fr\/wp-content\/uploads\/2025\/09\/70.gif\" alt=\"TMC\" width=\"30\" height=\"30\" loading=\"lazy\"\/><\/td>\n<td headers=\"id1c04_c1\">90\u2019 Enqu\u00eates<\/td>\n<td class=\"numeric \" headers=\"id1c04_c2\">234 000<\/td>\n<td headers=\"id1c04_c3\">1,4%<\/td>\n<\/tr>\n<tr class=\"row_odd odd\">\n<td headers=\"id1c04_c0\"><img decoding=\"async\" src=\"https:\/\/www.europesays.com\/fr\/wp-content\/uploads\/2025\/09\/318.gif\" alt=\"TFX\" width=\"30\" height=\"30\" loading=\"lazy\"\/><\/td>\n<td headers=\"id1c04_c1\">Handball\u00a0: Championnat du monde f\u00e9minin<\/td>\n<td class=\"numeric \" headers=\"id1c04_c2\">284 000<\/td>\n<td headers=\"id1c04_c3\">1,6%<\/td>\n<\/tr>\n<tr class=\"row_even even\">\n<td headers=\"id1c04_c0\"><img decoding=\"async\" src=\"https:\/\/www.europesays.com\/fr\/wp-content\/uploads\/2025\/11\/361.gif\" alt=\"Gulli\" width=\"30\" height=\"30\" loading=\"lazy\"\/><\/td>\n<td headers=\"id1c04_c1\">Shrek 4\u00a0: il \u00e9tait une fin<\/td>\n<td class=\"numeric \" headers=\"id1c04_c2\">475 000<\/td>\n<td headers=\"id1c04_c3\">2,8%<\/td>\n<\/tr>\n<tr class=\"row_odd odd\">\n<td headers=\"id1c04_c0\"><img decoding=\"async\" src=\"https:\/\/www.europesays.com\/fr\/wp-content\/uploads\/2025\/11\/1033.gif\" alt=\"CStar\" width=\"30\" height=\"30\" loading=\"lazy\"\/><\/td>\n<td headers=\"id1c04_c1\">Les saveurs de No\u00ebl<\/td>\n<td class=\"numeric \" headers=\"id1c04_c2\">332 000<\/td>\n<td headers=\"id1c04_c3\">2%<\/td>\n<\/tr>\n<tr class=\"row_even even\">\n<td headers=\"id1c04_c0\"><img decoding=\"async\" src=\"https:\/\/www.europesays.com\/fr\/wp-content\/uploads\/2025\/11\/1045.gif\" alt=\"TF1 Series Films\" width=\"30\" height=\"30\" loading=\"lazy\"\/><\/td>\n<td headers=\"id1c04_c1\">New York Unit\u00e9 Sp\u00e9ciale<\/td>\n<td class=\"numeric \" headers=\"id1c04_c2\">310 000<\/td>\n<td headers=\"id1c04_c3\">1,7%<\/td>\n<\/tr>\n<tr class=\"row_odd odd\">\n<td headers=\"id1c04_c0\"><img decoding=\"async\" src=\"https:\/\/www.europesays.com\/fr\/wp-content\/uploads\/2025\/11\/1047.gif\" alt=\"6ter\" width=\"30\" height=\"30\" loading=\"lazy\"\/><\/td>\n<td headers=\"id1c04_c1\">Hawaii 5-0<\/td>\n<td class=\"numeric \" headers=\"id1c04_c2\">312 000<\/td>\n<td headers=\"id1c04_c3\">1,7%<\/td>\n<\/tr>\n<tr class=\"row_even even\">\n<td headers=\"id1c04_c0\"><img decoding=\"async\" src=\"https:\/\/www.europesays.com\/fr\/wp-content\/uploads\/2025\/11\/1048.gif\" alt=\"RMC Story\" width=\"30\" height=\"30\" loading=\"lazy\"\/><\/td>\n<td headers=\"id1c04_c1\">Guerre des voisins\u00a0: ma vie est un enfer<\/td>\n<td class=\"numeric \" headers=\"id1c04_c2\">223 000<\/td>\n<td headers=\"id1c04_c3\">1,3%<\/td>\n<\/tr>\n<tr class=\"row_odd odd\">\n<td headers=\"id1c04_c0\"><img decoding=\"async\" src=\"https:\/\/www.europesays.com\/fr\/wp-content\/uploads\/2025\/11\/1049.gif\" alt=\"RMC Decouverte\" width=\"30\" height=\"30\" loading=\"lazy\"\/><\/td>\n<td headers=\"id1c04_c1\">J\u2019irai dormir chez les Gaulois<\/td>\n<td class=\"numeric \" headers=\"id1c04_c2\">323 000<\/td>\n<td headers=\"id1c04_c3\">2%<\/td>\n<\/tr>\n<tr class=\"row_even even\">\n<td headers=\"id1c04_c0\"><img decoding=\"async\" src=\"https:\/\/www.europesays.com\/fr\/wp-content\/uploads\/2025\/11\/rmclife.gif\" alt=\"RMC Life\" width=\"30\" height=\"30\" loading=\"lazy\"\/><\/td>\n<td headers=\"id1c04_c1\">Castle<\/td>\n<td class=\"numeric \" headers=\"id1c04_c2\">231 000<\/td>\n<td headers=\"id1c04_c3\">1,3%<\/td>\n<\/tr>\n","protected":false},"excerpt":{"rendered":"Publi\u00e9 le 29\/11\/2025 \u00e0 09:16 Mis \u00e0 jour le 29\/11\/2025 \u00e0 09:34 Ce vendredi 28 novembre 2025, le&hellip;\n","protected":false},"author":2,"featured_media":566330,"comment_status":"","ping_status":"","sticky":false,"template":"","format":"standard","meta":{"footnotes":""},"categories":[1356],"tags":[58,59,1011,27,252,1364],"class_list":{"0":"post-566329","1":"post","2":"type-post","3":"status-publish","4":"format-standard","5":"has-post-thumbnail","7":"category-television","8":"tag-divertissement","9":"tag-entertainment","10":"tag-fr","11":"tag-france","12":"tag-television","13":"tag-tv"},"share_on_mastodon":{"url":"https:\/\/pubeurope.com\/@fr\/115632194142027828","error":""},"_links":{"self":[{"href":"https:\/\/www.europesays.com\/fr\/wp-json\/wp\/v2\/posts\/566329","targetHints":{"allow":["GET"]}}],"collection":[{"href":"https:\/\/www.europesays.com\/fr\/wp-json\/wp\/v2\/posts"}],"about":[{"href":"https:\/\/www.europesays.com\/fr\/wp-json\/wp\/v2\/types\/post"}],"author":[{"embeddable":true,"href":"https:\/\/www.europesays.com\/fr\/wp-json\/wp\/v2\/users\/2"}],"replies":[{"embeddable":true,"href":"https:\/\/www.europesays.com\/fr\/wp-json\/wp\/v2\/comments?post=566329"}],"version-history":[{"count":0,"href":"https:\/\/www.europesays.com\/fr\/wp-json\/wp\/v2\/posts\/566329\/revisions"}],"wp:featuredmedia":[{"embeddable":true,"href":"https:\/\/www.europesays.com\/fr\/wp-json\/wp\/v2\/media\/566330"}],"wp:attachment":[{"href":"https:\/\/www.europesays.com\/fr\/wp-json\/wp\/v2\/media?parent=566329"}],"wp:term":[{"taxonomy":"category","embeddable":true,"href":"https:\/\/www.europesays.com\/fr\/wp-json\/wp\/v2\/categories?post=566329"},{"taxonomy":"post_tag","embeddable":true,"href":"https:\/\/www.europesays.com\/fr\/wp-json\/wp\/v2\/tags?post=566329"}],"curies":[{"name":"wp","href":"https:\/\/api.w.org\/{rel}","templated":true}]}}