{"id":566335,"date":"2025-11-29T09:08:13","date_gmt":"2025-11-29T09:08:13","guid":{"rendered":"https:\/\/www.europesays.com\/fr\/566335\/"},"modified":"2025-11-29T09:08:13","modified_gmt":"2025-11-29T09:08:13","slug":"adieu-les-rides-ce-soin-japonais-vendu-chez-sephora-lifte-la-peau-en-un-geste","status":"publish","type":"post","link":"https:\/\/www.europesays.com\/fr\/566335\/","title":{"rendered":"adieu les rides, ce soin japonais (vendu chez Sephora) lifte la peau en un geste"},"content":{"rendered":"<p>Sur le march\u00e9 de la cosm\u00e9tique, certaines p\u00e9pites m\u00e9ritent toute<br \/>\nnotre attention ! Si vous \u00eates \u00e0 la recherche d\u2019un <a href=\"https:\/\/www.grazia.fr\/beaute\/soins-visage-corps\/15-des-rides-du-lion-effacees-ce-serum-anti-age-stimule-la-production-de-collagene-et-aide-la-peau-a-retrouver-sa-jeunesse-1203641.html\" target=\"_blank\" rel=\"noopener\"><strong>soin anti-\u00e2ge<br \/>\nefficace<\/strong><\/a>, les rayons beaut\u00e9 regorgent de valeurs s\u00fbres<br \/>\nen tout genre. S\u00e9rums, cr\u00e8mes, masques\u2026 Il y en a vraiment pour<br \/>\ntous les besoins cutan\u00e9s et <strong>les soins made in<br \/>\nFrance<\/strong> ont su prouver leur efficacit\u00e9. Dans <a href=\"https:\/\/www.grazia.fr\/beaute\/soins-visage-corps\/mes-rides-du-front-sont-plus-lisses-ce-serum-revolutionnaire-vendu-en-pharmacie-est-le-meilleur-selon-un-jury-de-consommateurs-1203602.html\" target=\"_blank\" rel=\"noopener\">les pharmacies<\/a>, comme dans les<br \/>\nenseignes sp\u00e9cialis\u00e9es, ils font l\u2019unanimit\u00e9 !<\/p>\n<p>Pour autant, depuis quelques ann\u00e9es, de plus en plus de<br \/>\npassionn\u00e9s se tournent vers <strong>les tr\u00e9sors venus<br \/>\nd\u2019Asie<\/strong>\u2026 Si les produits cor\u00e9ens sont plus en vogue que<br \/>\njamais, <strong>les cosm\u00e9tiques japonais<\/strong> n\u2019ont rien \u00e0 leur<br \/>\nenvier. Il suffit de <a href=\"https:\/\/www.grazia.fr\/beaute\/parfum\/brigitte-bardot-ce-parfum-centenaire-qui-a-fait-sa-legende-continue-de-faire-fureur-chez-sephora-1186526.html\" target=\"_blank\" rel=\"noopener\">se rendre chez<br \/>\nSephora<\/a>\u00a0pour le constater. Au-del\u00e0 des<br \/>\nr\u00e9f\u00e9rences cor\u00e9ennes sign\u00e9es Laneige, Yepoda ou<br \/>\nencore Erborian, <strong>une marque japonaise<\/strong><br \/>\naffole les beautystas en qu\u00eate d\u2019efficacit\u00e9\u2026<\/p>\n<p>Sephora : cette cr\u00e8me japonaise cible les signes de l\u2019\u00e2ge et<br \/>\nravive la jeunesse de la peau<\/p>\n<p>On ne la pr\u00e9sente plus : v\u00e9ritable pilier de la beaut\u00e9<br \/>\njaponaise, <strong>la marque Shiseido<\/strong> continue de<br \/>\ns\u00e9duire avec ses soins ultra-performants. Dans cet article, nous<br \/>\nvous parlons justement de l\u2019un d\u2019eux. Parfait pour chouchouter<br \/>\n<strong>les peaux matures<\/strong>, ou retarder l\u2019apparition des<br \/>\npremiers signes de l\u2019\u00e2ge, ce produit promet de raviver la jeunesse<br \/>\ndu visage. La <a href=\"https:\/\/fliz.ly\/mJV8N_w\" target=\"_blank\" rel=\"nofollow noopener sponsored\"><strong>Cr\u00e8me de jour lissante<br \/>\nanti-rides Benefiance<\/strong><\/a> s\u2019impose comme une<br \/>\nr\u00e9f\u00e9rence.\u00a0<\/p>\n<p>Avec sa technologie inspir\u00e9e des neurosciences, ce soin aide \u00e0<br \/>\n\u00e9veiller les capteurs sensoriels de la peau, la rendant ainsi plus<br \/>\nr\u00e9ceptive \u00e0 <strong>l\u00a0\u00bbaction anti-\u00e2ge<\/strong> des soins prodigu\u00e9s.<br \/>\nEn seulement 4 semaines, les ridules s\u2019estompent, tandis que la<br \/>\npeau gagne en douceur, en souplesse et en \u00e9lasticit\u00e9. Avec<br \/>\n<strong>son d\u00e9licat parfum<\/strong>, qui m\u00eale notes florales et<br \/>\nv\u00e9g\u00e9tales, cette cr\u00e8me permet d\u2019allier l\u2019utile \u00e0 l\u2019agr\u00e9able. Un<br \/>\nvrai plaisir sensoriel !<\/p>\n<p><img loading=\"lazy\" decoding=\"async\" itemprop=\"thumbnailUrl\" class=\"size-medium wp-image-1163119 img-responsive aligncenter pinit-here\" src=\"https:\/\/www.europesays.com\/fr\/wp-content\/uploads\/2025\/11\/468453_swatch-300x300.jpg\" alt=\"\" width=\"300\" height=\"300\" data-pin-media=\"https:\/\/www.grazia.fr\/wp-content\/uploads\/grazia\/2025\/05\/468453_swatch-736x736.jpg\"\/><br \/>\n\u00a9<br \/>\nShiseido<\/p>\n<p>Test\u00e9e et approuv\u00e9e : cette cr\u00e8me<br \/>\nanti-rides venue du Japon a su faire ses preuves<\/p>\n<p>Sur le site de Sephora, la <strong>Cr\u00e8me de jour<br \/>\nlissante anti-rides Benefiance de Shiseido<\/strong><br \/>\nr\u00e9coltent une poign\u00e9e d\u2019avis, dont la majorit\u00e9 sont tr\u00e8s positifs.<br \/>\nEntre les nouvelles adeptes et les habitu\u00e9es depuis des ann\u00e9es, les<br \/>\nutilisatrices saluent autant <strong>son efficacit\u00e9<br \/>\nvisible<\/strong> que son confort d\u2019application. Au final, tout le<br \/>\nmonde y trouve son compte et les compliments fusent :<\/p>\n<p>\u201c<strong>La meilleure cr\u00e8me<\/strong> que j\u2019aie<br \/>\njamais utilis\u00e9e. Je sens vraiment que <a href=\"https:\/\/www.grazia.fr\/beaute\/soins-visage-corps\/je-suis-dermatologue-et-je-ne-jure-que-par-cette-creme-de-nuit-lissante-vendue-en-pharmacie-1202362.html\" target=\"_blank\" rel=\"noopener\"><strong>ma peau est plus<br \/>\nlisse<\/strong><\/a> qu&rsquo;avant !\u201d ; \u201cJ&rsquo;ai adopt\u00e9<br \/>\ncette cr\u00e8me il y a plus de 20 ans et j&rsquo;adore !\u201d ; \u201cJe<br \/>\nrecommande ce soin \u00e0 toutes les femmes qui veulent estomper<br \/>\n<strong>leurs rides et leurs ridules<\/strong><br \/>\nrapidement\u201d\u2026 t\u00e9moignent notamment plusieurs utilisatrices<br \/>\ns\u00e9duites. Une preuve de plus que <strong>l\u2019expertise<br \/>\njaponaise<\/strong>, \u00e0 l&rsquo;instar de la cor\u00e9enne, continue de faire<br \/>\ndes merveilles dans nos routines beaut\u00e9 !<\/p>\n","protected":false},"excerpt":{"rendered":"Sur le march\u00e9 de la cosm\u00e9tique, certaines p\u00e9pites m\u00e9ritent toute notre attention ! Si vous \u00eates \u00e0 la&hellip;\n","protected":false},"author":2,"featured_media":566336,"comment_status":"","ping_status":"","sticky":false,"template":"","format":"standard","meta":{"footnotes":""},"categories":[10],"tags":[1011,27,72,6055,71],"class_list":{"0":"post-566335","1":"post","2":"type-post","3":"status-publish","4":"format-standard","5":"has-post-thumbnail","7":"category-sante","8":"tag-fr","9":"tag-france","10":"tag-health","11":"tag-republishing","12":"tag-sante"},"share_on_mastodon":{"url":"https:\/\/pubeurope.com\/@fr\/115632204787504623","error":""},"_links":{"self":[{"href":"https:\/\/www.europesays.com\/fr\/wp-json\/wp\/v2\/posts\/566335","targetHints":{"allow":["GET"]}}],"collection":[{"href":"https:\/\/www.europesays.com\/fr\/wp-json\/wp\/v2\/posts"}],"about":[{"href":"https:\/\/www.europesays.com\/fr\/wp-json\/wp\/v2\/types\/post"}],"author":[{"embeddable":true,"href":"https:\/\/www.europesays.com\/fr\/wp-json\/wp\/v2\/users\/2"}],"replies":[{"embeddable":true,"href":"https:\/\/www.europesays.com\/fr\/wp-json\/wp\/v2\/comments?post=566335"}],"version-history":[{"count":0,"href":"https:\/\/www.europesays.com\/fr\/wp-json\/wp\/v2\/posts\/566335\/revisions"}],"wp:featuredmedia":[{"embeddable":true,"href":"https:\/\/www.europesays.com\/fr\/wp-json\/wp\/v2\/media\/566336"}],"wp:attachment":[{"href":"https:\/\/www.europesays.com\/fr\/wp-json\/wp\/v2\/media?parent=566335"}],"wp:term":[{"taxonomy":"category","embeddable":true,"href":"https:\/\/www.europesays.com\/fr\/wp-json\/wp\/v2\/categories?post=566335"},{"taxonomy":"post_tag","embeddable":true,"href":"https:\/\/www.europesays.com\/fr\/wp-json\/wp\/v2\/tags?post=566335"}],"curies":[{"name":"wp","href":"https:\/\/api.w.org\/{rel}","templated":true}]}}