{"id":566341,"date":"2025-11-29T09:11:15","date_gmt":"2025-11-29T09:11:15","guid":{"rendered":"https:\/\/www.europesays.com\/fr\/566341\/"},"modified":"2025-11-29T09:11:15","modified_gmt":"2025-11-29T09:11:15","slug":"cette-nouvelle-camera-wyze-surveille-votre-exterieur-tout-en-restant-a-linterieur","status":"publish","type":"post","link":"https:\/\/www.europesays.com\/fr\/566341\/","title":{"rendered":"Cette nouvelle cam\u00e9ra Wyze surveille votre ext\u00e9rieur&#8230; tout en restant \u00e0 l&rsquo;int\u00e9rieur"},"content":{"rendered":"<p class=\"sc-9e1vpx-0 jVoltE\">La Wyze Window Cam mise donc sur la simplicit\u00e9 en supprimant d\u2019embl\u00e9e toutes les contraintes habituelles de l\u2019installation ext\u00e9rieure : plus besoin d\u2019\u00e9chelle, de per\u00e7age de mur ou de bricolage fastidieux. Ici, la cam\u00e9ra se fixe directement sur la fen\u00eatre gr\u00e2ce \u00e0 un support adh\u00e9sif sp\u00e9cialement con\u00e7u pour rester stable et s\u00e9curis\u00e9.<\/p>\n<p class=\"sc-9e1vpx-0 jVoltE\">Pas de batterie, la cam\u00e9ra est aliment\u00e9e par un c\u00e2ble de 3 m\u00e8tres (en microUSB) accompagn\u00e9 de clips qui permettent de conserver une installation propre et soign\u00e9e, presque \u00ab\u00a0professionnelle\u00a0\u00bb selon la marque. Une approche pens\u00e9e pour rendre la vid\u00e9osurveillance accessible \u00e0 tous, m\u00eame aux moins bricoleurs.<\/p>\n","protected":false},"excerpt":{"rendered":"La Wyze Window Cam mise donc sur la simplicit\u00e9 en supprimant d\u2019embl\u00e9e toutes les contraintes habituelles de l\u2019installation&hellip;\n","protected":false},"author":2,"featured_media":566342,"comment_status":"","ping_status":"","sticky":false,"template":"","format":"standard","meta":{"footnotes":""},"categories":[7],"tags":[1011,27,43,40,41,39,42,44],"class_list":{"0":"post-566341","1":"post","2":"type-post","3":"status-publish","4":"format-standard","5":"has-post-thumbnail","7":"category-sciences-et-technologies","8":"tag-fr","9":"tag-france","10":"tag-science","11":"tag-science-and-technology","12":"tag-sciences","13":"tag-sciences-et-technologies","14":"tag-technologies","15":"tag-technology"},"share_on_mastodon":{"url":"https:\/\/pubeurope.com\/@fr\/115632215920043782","error":""},"_links":{"self":[{"href":"https:\/\/www.europesays.com\/fr\/wp-json\/wp\/v2\/posts\/566341","targetHints":{"allow":["GET"]}}],"collection":[{"href":"https:\/\/www.europesays.com\/fr\/wp-json\/wp\/v2\/posts"}],"about":[{"href":"https:\/\/www.europesays.com\/fr\/wp-json\/wp\/v2\/types\/post"}],"author":[{"embeddable":true,"href":"https:\/\/www.europesays.com\/fr\/wp-json\/wp\/v2\/users\/2"}],"replies":[{"embeddable":true,"href":"https:\/\/www.europesays.com\/fr\/wp-json\/wp\/v2\/comments?post=566341"}],"version-history":[{"count":0,"href":"https:\/\/www.europesays.com\/fr\/wp-json\/wp\/v2\/posts\/566341\/revisions"}],"wp:featuredmedia":[{"embeddable":true,"href":"https:\/\/www.europesays.com\/fr\/wp-json\/wp\/v2\/media\/566342"}],"wp:attachment":[{"href":"https:\/\/www.europesays.com\/fr\/wp-json\/wp\/v2\/media?parent=566341"}],"wp:term":[{"taxonomy":"category","embeddable":true,"href":"https:\/\/www.europesays.com\/fr\/wp-json\/wp\/v2\/categories?post=566341"},{"taxonomy":"post_tag","embeddable":true,"href":"https:\/\/www.europesays.com\/fr\/wp-json\/wp\/v2\/tags?post=566341"}],"curies":[{"name":"wp","href":"https:\/\/api.w.org\/{rel}","templated":true}]}}