{"id":566343,"date":"2025-11-29T09:12:14","date_gmt":"2025-11-29T09:12:14","guid":{"rendered":"https:\/\/www.europesays.com\/fr\/566343\/"},"modified":"2025-11-29T09:12:14","modified_gmt":"2025-11-29T09:12:14","slug":"quelle-est-la-piste-privilegiee-par-le-gouvernement-de-sebastien-lecornu-pour-faire-baisser-la-facture","status":"publish","type":"post","link":"https:\/\/www.europesays.com\/fr\/566343\/","title":{"rendered":"quelle est la piste privil\u00e9gi\u00e9e par le gouvernement de S\u00e9bastien Lecornu pour faire baisser la facture ?"},"content":{"rendered":"<p>\n  Le Premier ministre a fait de la question de l&rsquo;\u00e9nergie une de ses cinq priorit\u00e9s \u00ab\u00a0absolues\u00a0\u00bb, avec la baisse du prix de l&rsquo;\u00e9lectricit\u00e9 comme objectif pour les Fran\u00e7ais. Pour cela, le gouvernement cible prioritairement la fiscalit\u00e9, \u00e0 travers le tarif d&rsquo;accise.\n<\/p>\n<p>Le sujet est aussi technique que politique, juste avant l&rsquo;hiver. A c\u00f4t\u00e9 de la t\u00e2che complexe de doter la France d&rsquo;un budget, S\u00e9bastien Lecornu a, lundi 24\u00a0novembre, fait de l&rsquo;\u00e9nergie <a href=\"https:\/\/www.franceinfo.fr\/economie\/budget\/il-veut-montrer-qu-il-gouverne-sebastien-lecornu-change-t-il-de-strategie-pour-tenter-de-faire-voter-le-budget-par-une-majorite-de-deputes_7636826.html\" target=\"_blank\" rel=\"noopener\">l&rsquo;une de ses cinq priorit\u00e9s \u00ab\u00a0absolues\u00a0\u00bb<\/a>, avec le d\u00e9ficit, la r\u00e9forme de l&rsquo;Etat, l&rsquo;agriculture et la s\u00e9curit\u00e9. \u00ab\u00a0Le Premier ministre a demand\u00e9 au ministre en charge de l&rsquo;Economie et l&rsquo;Energie <a href=\"https:\/\/www.franceinfo.fr\/politique\/gouvernement-de-sebastien-lecornu\/sebastiel-lecornu-demande-au-ministre-de-l-economie-et-de-l-energie-de-travailler-a-des-scenarios-de-baisse-du-prix-de-l-electricite_7639517.html\" target=\"_blank\" rel=\"noopener\">de travailler \u00e0 des sc\u00e9narios de baisse du prix de l&rsquo;\u00e9lectricit\u00e9<\/a> pour les Fran\u00e7ais\u00a0\u00bb, a expliqu\u00e9 son entourage \u00e0 la presse, dans la foul\u00e9e d&rsquo;une d\u00e9claration de S\u00e9bastien Lecornu sur le perron de Matignon.\u00a0<\/p>\n<p>La facture d&rsquo;\u00e9lectricit\u00e9 va-t-elle diminuer pour les m\u00e9nages et les entreprises dans les mois \u00e0 venir, maintenant que le dossier de l&rsquo;\u00e9nergie est tout en haut de la pile\u00a0? Imm\u00e9diatement, le ministre en question, Roland Lescure, <a href=\"https:\/\/www.franceinfo.fr\/environnement\/energie\/prix-de-l-electricite-le-ministre-de-l-economie-roland-lescure-va-etudier-les-manieres-de-financer-de-potentielles-baisses-de-taxes_7640798.html\" target=\"_blank\" rel=\"noopener\">s&rsquo;est attel\u00e9 \u00e0 ce chantier<\/a>. Mercredi, il a assur\u00e9 sur France Inter que le gouvernement y travaillait de deux mani\u00e8res.<\/p>\n<p>Il y a d&rsquo;un c\u00f4t\u00e9 les pistes de la Programmation pluriannuelle de l&rsquo;\u00e9nergie (PPE), \u00e0 moyen terme, avec l&rsquo;ambition d&rsquo;un \u00ab\u00a0grand plan d&rsquo;investissement\u00a0\u00bb men\u00e9 \u00ab\u00a0dans les mois, trimestres, ann\u00e9es qui viennent, pour financer des nouveaux r\u00e9acteurs nucl\u00e9aires, pour financer les \u00e9nergies renouvelables, parce que c&rsquo;est la seule garantie de prix d&rsquo;\u00e9lectricit\u00e9 faibles dans les d\u00e9cennies qui viennent\u00a0\u00bb. Pourtant, ce document, qui d\u00e9termine la feuille de route \u00e9nerg\u00e9tique de la France pour les dix prochaines ann\u00e9es, se fait attendre depuis l&rsquo;ann\u00e9e 2023 pour sa troisi\u00e8me version.<\/p>\n<p>De l&rsquo;autre c\u00f4t\u00e9, le ministre a fait r\u00e9f\u00e9rence aux pistes qui peuvent \u00eatre explor\u00e9es dans le cadre du budget de l&rsquo;Etat pour 2026, actuellement examin\u00e9 au S\u00e9nat. A l&rsquo;heure actuelle, dans ce projet de loi de finances (PLF), le gouvernement a clairement une pr\u00e9f\u00e9rence. Roland Lescure a confirm\u00e9 se pencher sur \u00ab\u00a0ce qu&rsquo;on appelle les accises sur l&rsquo;\u00e9lectricit\u00e9, qui sont des formes de taxes\u00a0\u00bb, a-t-il expliqu\u00e9 sur France Inter.<\/p>\n<p>Assez peu connues du grand public, ces taxes sont collect\u00e9es par les fournisseurs d&rsquo;\u00e9nergie et revers\u00e9es \u00ab\u00a0au budget g\u00e9n\u00e9ral de l&rsquo;Etat qui assure les versements de compensation aux op\u00e9rateurs supportant des charges\u00a0\u00bb, d\u00e9crit le site d&rsquo;<a href=\"https:\/\/www.edf.fr\/collectivites\/faq\/electricite-gaz-bien-preparer-son-appel-d-offre\/taxes-et-normes-du-marche-de-l-electricite\/qu-est-ce-que-l-accise-sur-l-electricite\" target=\"_blank\" rel=\"noopener\">EDF<\/a>. Cet imp\u00f4t indirect est divis\u00e9 en cinq fractions\u00a0: les taxes sur l&rsquo;\u00e9lectricit\u00e9, le charbon, le gaz naturel, les \u00ab\u00a0autres produits\u00a0\u00bb en m\u00e9tropole et les \u00ab\u00a0autres produits\u00a0\u00bb en outre-mer. \u00ab\u00a0L&rsquo;accise repr\u00e9sente environ 15% d&rsquo;une facture d&rsquo;\u00e9lectricit\u00e9 et elle entre aussi dans le calcul de la TVA\u00a0\u00bb, pr\u00e9cise \u00e0 franceinfo Nicolas Goldberg, expert chez Colombus Consulting et responsable \u00e9nergie chez Terra Nova.<\/p>\n<blockquote class=\"ftvi_content_quote\">\n<p class=\"ftvi_citation_quote\">\u00ab\u00a0L&rsquo;accise est une part non n\u00e9gligeable de la facture des consommateurs, surtout les plus petits qui n&rsquo;ont pas de taux r\u00e9duits.\u00a0\u00bb<\/p>\n<p>Nicolas Goldberg, expert \u00e9nergie chez Columbus Consulting<\/p>\n<p class=\"ftvi_citation_source\">\u00e0 franceinfo<\/p>\n<\/blockquote>\n<p>Selon Roland Lescure, le gouvernement \u00ab\u00a0analyse\u00a0\u00bb les amendements \u00ab\u00a0qui tournent\u00a0\u00bb au Parlement dans le cadre des d\u00e9bats et pourrait d\u00e9cider d&rsquo;en soutenir certains, pour tenter d&rsquo;inscrire cette baisse dans le budget finalement adopt\u00e9. Et ce, quel que soit le moyen\u00a0: par un vote, l&rsquo;utilisation de l&rsquo;article 49.3 de la Constitution ou des ordonnances.<\/p>\n<p>L&rsquo;un de ces amendements est d\u00e9fendu par Jean-Fran\u00e7ois Husson, rapporteur g\u00e9n\u00e9ral du budget au S\u00e9nat. L&rsquo;\u00e9lu Les R\u00e9publicains <a href=\"https:\/\/www.senat.fr\/amendements\/2025-2026\/138\/Amdt_I-11.html#:~:text=Ces%20%C3%A9volutions%20sont%20neutres%20pour,%C3%A0%204%20euros%20par%20mois).\" target=\"_blank\" rel=\"noopener\">propose une baisse du tarif d&rsquo;accise sur l&rsquo;\u00e9lectricit\u00e9<\/a> et une hausse du tarif d&rsquo;accise sur le gaz naturel, pour compenser le manque \u00e0 gagner. \u00ab\u00a0Ces \u00e9volutions sont neutres pour le budget de l&rsquo;Etat\u00a0\u00bb, d\u00e9fend-il dans son amendement. \u00ab\u00a0Elles permettront de r\u00e9duire les factures d&rsquo;\u00e9lectricit\u00e9 de m\u00e9nages &lsquo;tout \u00e9lectrique&rsquo; \u00e0 hauteur de 11 \u00e0 45\u00a0euros par an selon les consommations (soit de un \u00e0 quatre euros par mois).\u00a0\u00bb En revanche, \u00ab\u00a0la facture annuelle des m\u00e9nages utilisant le gaz pour le chauffage, l&rsquo;eau chaude sanitaire et la cuisine pourrait augmenter de 12 \u00e0 80\u00a0euros par an selon les consommations (soit de un \u00e0 sept euros par mois)\u00a0\u00bb, est-il encore \u00e9crit.<\/p>\n<p>\u00ab\u00a0Comme de nombreux locataires n&rsquo;ont aucun moyen de basculer vers de l&rsquo;\u00e9lectrique, ils vont donc \u00eatre p\u00e9nalis\u00e9s. Il y a quand m\u00eame 60% de m\u00e9nages dans le parc social qui sont chauff\u00e9s au gaz\u00a0\u00bb, avertit Clarisse Berger, de l&rsquo;UFC Que Choisir, aupr\u00e8s de <a href=\"https:\/\/www.20minutes.fr\/economie\/4188119-20251127-electricite-moins-chere-chez-voisins-europeens\" target=\"_blank\" rel=\"noopener\">20 Minutes<\/a>. \u00ab\u00a0Il est toutefois peu probable\u00a0\u00bb, selon Nicolas Goldberg, que le gouvernement accepte d&rsquo;augmenter significativement le prix du gaz \u00ab\u00a0compte tenu de la sensibilit\u00e9 du sujet, en particulier pour les m\u00e9nages captifs de leur chauffage au gaz, dans les logements collectifs par exemple\u00a0\u00bb.<\/p>\n<p>S&rsquo;il n&rsquo;a pas r\u00e9pondu aux questions de franceinfo sur le m\u00e9canisme pr\u00e9cis qu&rsquo;il souhaite soutenir lors des d\u00e9bats budg\u00e9taires, le gouvernement est clairement hostile \u00e0 la baisse de la TVA sur l&rsquo;\u00e9lectricit\u00e9. Il s&rsquo;est oppos\u00e9 au r\u00e9tablissement de la TVA \u00e0 5,5% sur les abonnements, vot\u00e9e par les d\u00e9put\u00e9s en premi\u00e8re lecture du PLF le 20\u00a0novembre. <a href=\"https:\/\/www.franceinfo.fr\/environnement\/energie\/baisse-du-taux-du-livret-a-factures-d-electricite-compteur-linky-ce-qui-change-a-partir-du-1er-aout-2025_7408150.html\" target=\"_blank\" rel=\"noopener\">Elle avait \u00e9t\u00e9 port\u00e9e \u00e0 20% le 1er ao\u00fbt<\/a>, pour se conformer au droit europ\u00e9en, avait avanc\u00e9 l&rsquo;ex\u00e9cutif.\u00a0<\/p>\n<p>Cette piste de la baisse de la TVA \u00e0 5,5% est r\u00e9guli\u00e8rement mise en avant par le Rassemblement national pour les produits \u00e9nerg\u00e9tiques. \u00ab\u00a0\u00c7a co\u00fbte une fortune et \u00e7a ne sert \u00e0 rien\u00a0\u00bb, a balay\u00e9 Roland Lescure, mercredi. \u00ab\u00a0La piste de la TVA est \u00e0 \u00e9carter pour plusieurs raisons, abonde Nicolas Goldberg. D&rsquo;une part, parce qu&rsquo;elle ne concerne pas les entreprises, et donc la baisser n&rsquo;agit pas sur la comp\u00e9titivit\u00e9. D&rsquo;autre part, parce qu&rsquo;elle est moins modulable, au sens o\u00f9 la France ne peut pas mettre n&rsquo;importe quel taux de taxation, contrairement \u00e0 l&rsquo;accise, qui est totalement \u00e0 sa main.\u00a0\u00bb<\/p>\n<p>Quoi qu&rsquo;il en soit, le gouvernement n&rsquo;entend pas grever les comptes publics avec la mesure qu&rsquo;il soutiendrait en faveur du pouvoir d&rsquo;achat et de la comp\u00e9titivit\u00e9. \u00ab\u00a0Comment on finance\u00a0? Devant chaque plus, je veux un moins\u00a0\u00bb, a martel\u00e9 Roland Lescure sur France Inter.\u00a0Selon les informations de franceinfo, <a href=\"https:\/\/www.franceinfo.fr\/replay-radio\/le-decryptage-eco\/pas-de-hausse-de-la-taxe-fonciere-en-vue_7613102.html%C2%A0\" target=\"_blank\" rel=\"noopener\">Matignon a test\u00e9 aupr\u00e8s des entreprises l&rsquo;id\u00e9e de renoncer \u00e0 baisser les imp\u00f4ts de production<\/a> sur les PME, comme la cotisation sur la valeur ajout\u00e9e des entreprises (CVAE), tel qu&rsquo;envisag\u00e9 dans le projet de budget qu&rsquo;il a pr\u00e9sent\u00e9 mi-octobre. L&rsquo;objectif serait de financer la baisse du tarif d&rsquo;accise sur l&rsquo;\u00e9lectricit\u00e9 en conservant les 1,3\u00a0milliard d&rsquo;euros de la CVAE.<\/p>\n<p>L&rsquo;annonce du gouvernement intervient par ailleurs dans un contexte particulier pour les prix de l&rsquo;\u00e9lectricit\u00e9. A partir du 1er\u00a0janvier 2026, l&rsquo;Acc\u00e8s r\u00e9gul\u00e9 \u00e0 l&rsquo;\u00e9lectricit\u00e9 nucl\u00e9aire historique (Arenh) <a href=\"https:\/\/www.franceinfo.fr\/environnement\/energie\/nucleaire\/prix-de-l-electricite-on-n-aura-pas-une-explosion-de-facture-pour-les-particuliers-en-2026-avec-la-nouvelle-regulation-du-nucleaire-assure-un-expert_7095735.html\" target=\"_blank\" rel=\"noopener\">ne sera plus en vigueur<\/a>. Jusqu&rsquo;\u00e0 pr\u00e9sent, l&rsquo;Etat imposait \u00e0 EDF de vendre \u00e0 ses concurrents une partie de l&rsquo;\u00e9lectricit\u00e9 que le groupe produisait, au prix bas de 42\u00a0euros le MWh. <\/p>\n<p>La fin de l&rsquo;Arenh \u00ab\u00a0aurait pu se traduire par une hausse des factures d&rsquo;\u00e9lectricit\u00e9 pour les m\u00e9nages, mais par chance, les prix de march\u00e9 ont tellement chut\u00e9 que finalement, le tarif r\u00e9glement\u00e9 pourrait rester stable, voire baisser l&rsquo;an prochain\u00a0\u00bb, d\u00e9veloppe Nicolas Goldberg. \u00ab\u00a0Une baisse de taxe viendrait accentuer cette baisse et envoyer un signal positif vis-\u00e0-vis de l&rsquo;\u00e9lectrification.\u00a0\u00bb<\/p>\n","protected":false},"excerpt":{"rendered":"Le Premier ministre a fait de la question de l&rsquo;\u00e9nergie une de ses cinq priorit\u00e9s \u00ab\u00a0absolues\u00a0\u00bb, avec la&hellip;\n","protected":false},"author":2,"featured_media":566344,"comment_status":"","ping_status":"","sticky":false,"template":"","format":"standard","meta":{"footnotes":""},"categories":[6],"tags":[35,33,34,1011,27],"class_list":{"0":"post-566343","1":"post","2":"type-post","3":"status-publish","4":"format-standard","5":"has-post-thumbnail","7":"category-economie","8":"tag-business","9":"tag-economie","10":"tag-economy","11":"tag-fr","12":"tag-france"},"share_on_mastodon":{"url":"https:\/\/pubeurope.com\/@fr\/115632219385364507","error":""},"_links":{"self":[{"href":"https:\/\/www.europesays.com\/fr\/wp-json\/wp\/v2\/posts\/566343","targetHints":{"allow":["GET"]}}],"collection":[{"href":"https:\/\/www.europesays.com\/fr\/wp-json\/wp\/v2\/posts"}],"about":[{"href":"https:\/\/www.europesays.com\/fr\/wp-json\/wp\/v2\/types\/post"}],"author":[{"embeddable":true,"href":"https:\/\/www.europesays.com\/fr\/wp-json\/wp\/v2\/users\/2"}],"replies":[{"embeddable":true,"href":"https:\/\/www.europesays.com\/fr\/wp-json\/wp\/v2\/comments?post=566343"}],"version-history":[{"count":0,"href":"https:\/\/www.europesays.com\/fr\/wp-json\/wp\/v2\/posts\/566343\/revisions"}],"wp:featuredmedia":[{"embeddable":true,"href":"https:\/\/www.europesays.com\/fr\/wp-json\/wp\/v2\/media\/566344"}],"wp:attachment":[{"href":"https:\/\/www.europesays.com\/fr\/wp-json\/wp\/v2\/media?parent=566343"}],"wp:term":[{"taxonomy":"category","embeddable":true,"href":"https:\/\/www.europesays.com\/fr\/wp-json\/wp\/v2\/categories?post=566343"},{"taxonomy":"post_tag","embeddable":true,"href":"https:\/\/www.europesays.com\/fr\/wp-json\/wp\/v2\/tags?post=566343"}],"curies":[{"name":"wp","href":"https:\/\/api.w.org\/{rel}","templated":true}]}}