{"id":566345,"date":"2025-11-29T09:13:13","date_gmt":"2025-11-29T09:13:13","guid":{"rendered":"https:\/\/www.europesays.com\/fr\/566345\/"},"modified":"2025-11-29T09:13:13","modified_gmt":"2025-11-29T09:13:13","slug":"donald-trump-va-gracier-lex-president-du-honduras-condamne-pour-trafic-de-drogue","status":"publish","type":"post","link":"https:\/\/www.europesays.com\/fr\/566345\/","title":{"rendered":"Donald Trump va gracier l\u2019ex-pr\u00e9sident du Honduras condamn\u00e9 pour trafic de drogue"},"content":{"rendered":"<p>Voil\u00e0 un timing qui interroge. A deux jours du scrutin pr\u00e9sidentiel au Honduras, Donald Trump a annonc\u00e9 qu\u2019il allait gracier l\u2019ex-pr\u00e9sident de droite de ce pays d\u2019Am\u00e9rique centrale. L\u2019an pass\u00e9, Juan Orlando Hernandez avait \u00e9t\u00e9 <a href=\"https:\/\/www.20minutes.fr\/monde\/etats-unis\/4098365-20240627-honduras-ancien-president-condamne-45-ans-prison-trafic-cocaine\" class=\"c-link c-link--is-underlined\" target=\"_blank\" rel=\"noopener\">condamn\u00e9 \u00e0 quarante-cinq ans de prison aux Etats-Unis<\/a> pour trafic de drogue. \u00ab\u00a0Je vais accorder une gr\u00e2ce totale et absolue \u00e0 l\u2019ancien pr\u00e9sident Juan Orlando Hernandez qui, d\u2019apr\u00e8s de nombreuses personnes que je respecte \u00e9norm\u00e9ment, a \u00e9t\u00e9 trait\u00e9 de mani\u00e8re tr\u00e8s dure et injuste\u00a0\u00bb, a \u00e9crit le pr\u00e9sident am\u00e9ricain sur son r\u00e9seau Truth Social. L\u2019ancien pr\u00e9sident avait \u00e9t\u00e9 reconnu coupable d\u2019avoir aid\u00e9 <a href=\"https:\/\/www.20minutes.fr\/monde\/etats-unis\/4077412-20240221-new-york-proces-trafic-international-drogues-ex-president-honduras\" class=\"c-link c-link--is-underlined\" target=\"_blank\" rel=\"noopener\">\u00e0 exp\u00e9dier des centaines de tonnes de coca\u00efne aux Etats-Unis<\/a>.<\/p>\n<p>Cette annonce survient au moment o\u00f9 le r\u00e9publicain, qui n\u2019h\u00e9site pas \u00e0 s\u2019inviter dans la vie politique d\u2019autres pays, multiplie les appels \u00e0 voter pour Nasry Asfura, candidat de la droite venant du m\u00eame parti que Juan Orlando Hernandez. Nasry Asfura s\u2019est f\u00e9licit\u00e9 de ce soutien, qui pourrait selon lui s\u2019av\u00e9rer b\u00e9n\u00e9fique <a href=\"https:\/\/www.lexpress.fr\/monde\/amerique\/la-caravane-des-migrants-du-honduras-vers-les-etats-unis_2045054.html\" target=\"_blank\" class=\"c-link c-link--is-underlined\" rel=\"noopener\">pour les migrants honduriens install\u00e9s aux Etats-Unis<\/a> mais aussi pour l\u2019\u00e9conomie de son pays.<\/p>\n<\/p>\n<p>Il a \u00e9galement assur\u00e9 n\u2019avoir \u00ab\u00a0aucun lien\u00a0\u00bb avec Juan Orlando Hernandez. \u00ab\u00a0Le parti n\u2019est pas responsable des agissements personnels\u00a0\u00bb.<\/p>\n<p>Des accusations de fraude \u00e9lectorale<\/p>\n<p>Les \u00e9lecteurs honduriens sont appel\u00e9s \u00e0 choisir, dimanche, entre la continuit\u00e9 d\u2019un gouvernement de gauche et le retour de la droite lors d\u2019\u00e9lections \u00e0 la fois l\u00e9gislative et pr\u00e9sidentielle au r\u00e9sultat incertain.<\/p>\n<p>Les trois candidats qui font la course en t\u00eate sont donn\u00e9s au coude-\u00e0-coude et s\u2019accusent mutuellement de pr\u00e9parer une fraude \u00e9lectorale. Le Honduras est l\u2019un des pays les plus violents d\u2019Am\u00e9rique latine, du fait principalement des gangs qui contr\u00f4lent le trafic de drogue et le crime organis\u00e9.<\/p>\n","protected":false},"excerpt":{"rendered":"Voil\u00e0 un timing qui interroge. A deux jours du scrutin pr\u00e9sidentiel au Honduras, Donald Trump a annonc\u00e9 qu\u2019il&hellip;\n","protected":false},"author":2,"featured_media":566346,"comment_status":"","ping_status":"","sticky":false,"template":"","format":"standard","meta":{"footnotes":""},"categories":[5],"tags":[47,11,3993,75,1052,73,1011,27,36554,15099,14,74,12,4919,806,887,28],"class_list":{"0":"post-566345","1":"post","2":"type-post","3":"status-publish","4":"format-standard","5":"has-post-thumbnail","7":"category-international","8":"tag-actualite","9":"tag-actualites","10":"tag-cocaine","11":"tag-donald-trump","12":"tag-drogue","13":"tag-etats-unis","14":"tag-fr","15":"tag-france","16":"tag-grace-presidentielle","17":"tag-honduras","18":"tag-international","19":"tag-monde","20":"tag-news","21":"tag-president","22":"tag-prison","23":"tag-trafic-de-drogue","24":"tag-world"},"share_on_mastodon":{"url":"https:\/\/pubeurope.com\/@fr\/115632223397214990","error":""},"_links":{"self":[{"href":"https:\/\/www.europesays.com\/fr\/wp-json\/wp\/v2\/posts\/566345","targetHints":{"allow":["GET"]}}],"collection":[{"href":"https:\/\/www.europesays.com\/fr\/wp-json\/wp\/v2\/posts"}],"about":[{"href":"https:\/\/www.europesays.com\/fr\/wp-json\/wp\/v2\/types\/post"}],"author":[{"embeddable":true,"href":"https:\/\/www.europesays.com\/fr\/wp-json\/wp\/v2\/users\/2"}],"replies":[{"embeddable":true,"href":"https:\/\/www.europesays.com\/fr\/wp-json\/wp\/v2\/comments?post=566345"}],"version-history":[{"count":0,"href":"https:\/\/www.europesays.com\/fr\/wp-json\/wp\/v2\/posts\/566345\/revisions"}],"wp:featuredmedia":[{"embeddable":true,"href":"https:\/\/www.europesays.com\/fr\/wp-json\/wp\/v2\/media\/566346"}],"wp:attachment":[{"href":"https:\/\/www.europesays.com\/fr\/wp-json\/wp\/v2\/media?parent=566345"}],"wp:term":[{"taxonomy":"category","embeddable":true,"href":"https:\/\/www.europesays.com\/fr\/wp-json\/wp\/v2\/categories?post=566345"},{"taxonomy":"post_tag","embeddable":true,"href":"https:\/\/www.europesays.com\/fr\/wp-json\/wp\/v2\/tags?post=566345"}],"curies":[{"name":"wp","href":"https:\/\/api.w.org\/{rel}","templated":true}]}}