{"id":566347,"date":"2025-11-29T09:14:16","date_gmt":"2025-11-29T09:14:16","guid":{"rendered":"https:\/\/www.europesays.com\/fr\/566347\/"},"modified":"2025-11-29T09:14:16","modified_gmt":"2025-11-29T09:14:16","slug":"garde-alternee-taxe-sur-les-residences-secondaires-ce-qui-change-au-1er-decembre","status":"publish","type":"post","link":"https:\/\/www.europesays.com\/fr\/566347\/","title":{"rendered":"Garde altern\u00e9e, taxe sur les r\u00e9sidences secondaires\u2026 Ce qui change au 1er\u00a0d\u00e9cembre"},"content":{"rendered":"<p>On s\u2019approche de <a href=\"https:\/\/www.20minutes.fr\/tempo\/food\/4185467-20251128-cadeaux-noel-2025-cultivez-bon-gout-fait-maison-pied-sapin\" target=\"_blank\" class=\"c-link c-link--is-underlined\" rel=\"noopener\">No\u00ebl<\/a> et des derniers jours de\u00a02025 mais avant de profiter de toutes ces r\u00e9jouissances, d\u00e9cembre apporte d\u00e9j\u00e0 son lot de changements d\u00e8s ce lundi. <a href=\"https:\/\/www.20minutes.fr\/politique\/assemblee_nationale\/4183893-20251106-budget-2026-lescure-defend-prime-noel-uniquement-ceux-croient-encore-pere-noel\" target=\"_blank\" class=\"c-link c-link--is-underlined\" rel=\"noopener\">Prime de No\u00ebl<\/a>, remboursement des <a href=\"https:\/\/www.20minutes.fr\/societe\/4137449-20250206-handicap-fauteuils-roulants-integralement-rembourses-fin-2025\" target=\"_blank\" class=\"c-link c-link--is-underlined\" rel=\"noopener\">fauteuils roulants<\/a>, garde altern\u00e9e\u2026 20 Minutes vous propose de d\u00e9couvrir les grands changements de ce 1er\u00a0d\u00e9cembre.<\/p>\n<p>Garde altern\u00e9e\u00a0: r\u00e9forme du Compl\u00e9ment de libre choix du mode de garde<\/p>\n<p>Les parents s\u00e9par\u00e9s en r\u00e9sidence altern\u00e9e peuvent enfin respirer\u00a0: le CMG, cette aide qui finance la garde d\u2019enfants de moins de 6 ans par une assistante maternelle ou \u00e0 domicile, est d\u00e9sormais vers\u00e9 aux deux parents, et non plus \u00e0 un seul. Cette mesure vise \u00e0 mieux refl\u00e9ter la r\u00e9alit\u00e9 des familles recompos\u00e9es et \u00e0 encourager l\u2019\u00e9galit\u00e9 parentale, selon <a href=\"https:\/\/www.info.gouv.fr\/actualite\/ce-qui-change-au-mois-de-decembre-2025\" rel=\"nofollow noopener\" target=\"_blank\" class=\"c-link c-link--is-underlined\">le gouvernement<\/a>. Pour les d\u00e9marches, le parent d\u00e9j\u00e0 allocataire n\u2019a rien \u00e0 faire\u00a0; l\u2019autre doit formuler une demande en ligne sur <a href=\"https:\/\/caf.fr\" rel=\"nofollow noopener\" target=\"_blank\" class=\"c-link c-link--is-underlined\">caf.fr<\/a> ou via son espace personnel.<\/p>\n<p>Le remboursement \u00e0 100\u00a0% des fauteuils roulants<\/p>\n<p>Une avanc\u00e9e majeure pour l\u2019accessibilit\u00e9\u00a0: l\u2019Assurance maladie prend d\u00e9sormais en charge <a href=\"https:\/\/www.20minutes.fr\/societe\/4137610-20250207-handicap-remboursement-fauteuils-roulants-besoin-luxe-temoigne-sarah\" class=\"c-link c-link--is-underlined\" target=\"_blank\" rel=\"noopener\">int\u00e9gralement tous les fauteuils roulants \u00e9ligibles<\/a>, qu\u2019ils soient manuels, \u00e9lectriques ou adapt\u00e9s \u00e0 des handicaps complexes. Fini le reste \u00e0 charge qui pouvait repr\u00e9senter 30 \u00e0 50\u00a0% du co\u00fbt, souvent plusieurs milliers d\u2019euros. Cette r\u00e9forme, promise lors de la Conf\u00e9rence nationale du handicap en\u00a02023, simplifie aussi les proc\u00e9dures via un guichet unique.<\/p>\n<p>Le versement de la prime de No\u00ebl pour les m\u00e9nages modestes<\/p>\n<p>C\u2019est l\u2019aide qui fait du bien avant les cadeaux\u00a0: plus de 2,3\u00a0millions de foyers modestes recevront cette prime exceptionnelle pour affronter les d\u00e9penses de fin d\u2019ann\u00e9e. Elle cible les allocataires de minima sociaux et est vers\u00e9e automatiquement, sans paperasse superflue. Un peu de patience tout de m\u00eame, elle sera vers\u00e9e le 16\u00a0d\u00e9cembre.<\/p>\n<p>L\u2019ouverture de la plateforme <a href=\"https:\/\/www.20minutes.fr\/societe\/parcoursup\/\" class=\"c-link c-link--is-underlined\" target=\"_blank\" rel=\"noopener\">Parcoursup <\/a>pour la rentr\u00e9e\u00a02026<\/p>\n<p>Les <a href=\"https:\/\/www.20minutes.fr\/dossier\/lyceen\" class=\"c-link c-link--is-underlined\" target=\"_blank\" rel=\"noopener\">lyc\u00e9ens<\/a>, pr\u00e9parez vos v\u0153ux\u00a0! La phase de consultation de Parcoursup d\u00e9bute, avec une carte interactive des formations et, pour la premi\u00e8re fois, des infos sur les profils des admis des ann\u00e9es pass\u00e9es (notes, mentions au bac\u2026). C\u2019est l\u2019occasion id\u00e9ale de rep\u00e9rer les bonnes options avant les inscriptions de janvier. L\u2019ouverture se fera le 17\u00a0d\u00e9cembre. Les vraies candidatures d\u00e9marrent en janvier.<\/p>\n<p>Taxe d\u2019habitation sur les r\u00e9sidences secondaires et imp\u00f4ts sur les hauts revenus<\/p>\n<p>D\u00e9cembre est aussi synonyme de ch\u00e8ques \u00e0 envoyer\u00a0: la taxe d\u2019habitation sur les r\u00e9sidences secondaires (et les taxes sur logements vacants) tombe, avec des d\u00e9lais serr\u00e9s pour \u00e9viter les p\u00e9nalit\u00e9s\u00a0: le 15\u00a0d\u00e9cembre pour les paiements physiques et le 20\u00a0d\u00e9cembre pour les paiements en ligne. Par ailleurs, si votre situation a chang\u00e9 (mariage, naissance\u2026), actualisez votre taux de pr\u00e9l\u00e8vement \u00e0 la source pour un impact d\u00e8s janvier\u00a02026. Et pour les foyers ais\u00e9s (dont les revenus d\u00e9passent plus de 250.000 euros), un acompte sur la contribution diff\u00e9rentielle sur les hauts revenus est exig\u00e9 le 1er\u00a0d\u00e9cembre et le 15.<\/p>\n","protected":false},"excerpt":{"rendered":"On s\u2019approche de No\u00ebl et des derniers jours de\u00a02025 mais avant de profiter de toutes ces r\u00e9jouissances, d\u00e9cembre&hellip;\n","protected":false},"author":2,"featured_media":566348,"comment_status":"","ping_status":"","sticky":false,"template":"","format":"standard","meta":{"footnotes":""},"categories":[4],"tags":[47,11,732,20504,7681,1011,27,1943,342,2633,16446,12,15830,6686,3306,25,104,15391],"class_list":{"0":"post-566347","1":"post","2":"type-post","3":"status-publish","4":"format-standard","5":"has-post-thumbnail","7":"category-france","8":"tag-actualite","9":"tag-actualites","10":"tag-assurance-maladie","11":"tag-caf","12":"tag-divorce","13":"tag-fr","14":"tag-france","15":"tag-handicap","16":"tag-impots","17":"tag-lycee","18":"tag-lyceen","19":"tag-news","20":"tag-noel","21":"tag-parcoursup-2025","22":"tag-parents","23":"tag-republique-francaise","24":"tag-societe","25":"tag-taxe-d-habitation"},"share_on_mastodon":{"url":"https:\/\/pubeurope.com\/@fr\/115632227322586530","error":""},"_links":{"self":[{"href":"https:\/\/www.europesays.com\/fr\/wp-json\/wp\/v2\/posts\/566347","targetHints":{"allow":["GET"]}}],"collection":[{"href":"https:\/\/www.europesays.com\/fr\/wp-json\/wp\/v2\/posts"}],"about":[{"href":"https:\/\/www.europesays.com\/fr\/wp-json\/wp\/v2\/types\/post"}],"author":[{"embeddable":true,"href":"https:\/\/www.europesays.com\/fr\/wp-json\/wp\/v2\/users\/2"}],"replies":[{"embeddable":true,"href":"https:\/\/www.europesays.com\/fr\/wp-json\/wp\/v2\/comments?post=566347"}],"version-history":[{"count":0,"href":"https:\/\/www.europesays.com\/fr\/wp-json\/wp\/v2\/posts\/566347\/revisions"}],"wp:featuredmedia":[{"embeddable":true,"href":"https:\/\/www.europesays.com\/fr\/wp-json\/wp\/v2\/media\/566348"}],"wp:attachment":[{"href":"https:\/\/www.europesays.com\/fr\/wp-json\/wp\/v2\/media?parent=566347"}],"wp:term":[{"taxonomy":"category","embeddable":true,"href":"https:\/\/www.europesays.com\/fr\/wp-json\/wp\/v2\/categories?post=566347"},{"taxonomy":"post_tag","embeddable":true,"href":"https:\/\/www.europesays.com\/fr\/wp-json\/wp\/v2\/tags?post=566347"}],"curies":[{"name":"wp","href":"https:\/\/api.w.org\/{rel}","templated":true}]}}