{"id":566369,"date":"2025-11-29T09:39:14","date_gmt":"2025-11-29T09:39:14","guid":{"rendered":"https:\/\/www.europesays.com\/fr\/566369\/"},"modified":"2025-11-29T09:39:14","modified_gmt":"2025-11-29T09:39:14","slug":"un-individu-percute-un-policier-un-autre-est-blesse","status":"publish","type":"post","link":"https:\/\/www.europesays.com\/fr\/566369\/","title":{"rendered":"un individu percute un policier, un autre est bless\u00e9"},"content":{"rendered":"<p>                    Par<br \/>\n        <strong><br \/>\n            <a href=\"https:\/\/actu.fr\/auteur\/laurene-fertin\" title=\"Consulter tous les articles de Laur\u00e8ne Fertin\" rel=\"nofollow noopener\" target=\"_blank\">Laur\u00e8ne Fertin<\/a><br \/>\n                    <\/strong><\/p>\n<p>        Publi\u00e9 le<\/p>\n<p>            29 nov. 2025 \u00e0 10h01        <\/p>\n<p>Dans la nuit de vendredi\u00a028 \u00e0 samedi 29\u00a0novembre 2025, \u00e0 2h45, deux policiers de la BAC, \u00e0 Rennes, ont \u00e9t\u00e9 bless\u00e9s <strong>apr\u00e8s un refus d\u2019obtemp\u00e9rer<\/strong> place d\u2019Italie, dans le quartier du <strong>Blosne.<\/strong><\/p>\n<p>Il percute un policier<\/p>\n<p class=\" wall-content\"><a href=\"https:\/\/x.com\/AlliancePN35\/status\/1994368526472380834\" rel=\"nofollow\">Comme l\u2019indique Alliance Police Nationale 35<\/a>, alors que les forces de l\u2019ordre tentent d\u2019interpeller <strong>deux individus,<\/strong> l\u2019un, en voiture, <strong>percute un policier<\/strong> \u00ab\u2009provoquant des blessures\u2009\u00bb.<\/p>\n<p class=\" wall-content\">Dans le m\u00eame temps,<strong> \u00ab\u2009un regroupement hostile\u2009\u00bb se forme,<\/strong> \u00ab\u2009imposant la demande de renforts\u2009\u00bb.<\/p>\n<blockquote class=\"ac-article-quote wall-content\">\n<p>Lors de l&rsquo;intervention, un autre coll\u00e8gue chute et se blesse.<\/p>\n<p>    <strong>Alliance Police Nationale 35<\/strong>\n            <\/p><\/blockquote>\n<p>Positif aux stup\u00e9fiants<\/p>\n<p class=\" wall-content\">Selon les forces de l\u2019ordre, les deux mis en cause \u00e9taient <strong>interdits, judiciairement, d\u2019\u00eatre ensemble.<\/strong> Le conducteur, quant \u00e0 lui, \u00e9tait positif aux stup\u00e9fiants.<\/p>\n<p class=\" wall-content\">\u00ab\u2009Alliance Police Nationale<strong> d\u00e9nonce fermement ces agressions<\/strong> de policiers et souhaite un prompt r\u00e9tablissement aux coll\u00e8gues\u2009\u00bb, a soulign\u00e9 le syndicat.<\/p>\n<p class=\" wall-content\">Personnalisez votre actualit\u00e9 en ajoutant vos villes et m\u00e9dias en favori avec <a href=\"https:\/\/moncompte.actu.fr\" title=\"D\u00e9couvez Mon Actu\" rel=\"nofollow noopener\" data-trk=\"{&quot;cta&quot;:{&quot;action&quot;:&quot;https:\\\/\\\/moncompte.actu.fr&quot;,&quot;category&quot;:&quot;mon compte&quot;,&quot;from&quot;:&quot;article footer&quot;,&quot;name&quot;:&quot;Mon actu&quot;,&quot;type&quot;:&quot;cta&quot;}}\" target=\"_blank\">Mon Actu<\/a>.<\/p>\n","protected":false},"excerpt":{"rendered":"Par Laur\u00e8ne Fertin Publi\u00e9 le 29 nov. 2025 \u00e0 10h01 Dans la nuit de vendredi\u00a028 \u00e0 samedi 29\u00a0novembre&hellip;\n","protected":false},"author":2,"featured_media":566370,"comment_status":"","ping_status":"","sticky":false,"template":"","format":"standard","meta":{"footnotes":""},"categories":[2821],"tags":[1111,11,829,1777,674,118,1011,27,7905,12,1072,584,25],"class_list":{"0":"post-566369","1":"post","2":"type-post","3":"status-publish","4":"format-standard","5":"has-post-thumbnail","7":"category-rennes","8":"tag-actu","9":"tag-actualites","10":"tag-bretagne","11":"tag-eu","12":"tag-europe","13":"tag-faits-divers","14":"tag-fr","15":"tag-france","16":"tag-le-blosne","17":"tag-news","18":"tag-police","19":"tag-rennes","20":"tag-republique-francaise"},"share_on_mastodon":{"url":"https:\/\/pubeurope.com\/@fr\/115632326020905693","error":""},"_links":{"self":[{"href":"https:\/\/www.europesays.com\/fr\/wp-json\/wp\/v2\/posts\/566369","targetHints":{"allow":["GET"]}}],"collection":[{"href":"https:\/\/www.europesays.com\/fr\/wp-json\/wp\/v2\/posts"}],"about":[{"href":"https:\/\/www.europesays.com\/fr\/wp-json\/wp\/v2\/types\/post"}],"author":[{"embeddable":true,"href":"https:\/\/www.europesays.com\/fr\/wp-json\/wp\/v2\/users\/2"}],"replies":[{"embeddable":true,"href":"https:\/\/www.europesays.com\/fr\/wp-json\/wp\/v2\/comments?post=566369"}],"version-history":[{"count":0,"href":"https:\/\/www.europesays.com\/fr\/wp-json\/wp\/v2\/posts\/566369\/revisions"}],"wp:featuredmedia":[{"embeddable":true,"href":"https:\/\/www.europesays.com\/fr\/wp-json\/wp\/v2\/media\/566370"}],"wp:attachment":[{"href":"https:\/\/www.europesays.com\/fr\/wp-json\/wp\/v2\/media?parent=566369"}],"wp:term":[{"taxonomy":"category","embeddable":true,"href":"https:\/\/www.europesays.com\/fr\/wp-json\/wp\/v2\/categories?post=566369"},{"taxonomy":"post_tag","embeddable":true,"href":"https:\/\/www.europesays.com\/fr\/wp-json\/wp\/v2\/tags?post=566369"}],"curies":[{"name":"wp","href":"https:\/\/api.w.org\/{rel}","templated":true}]}}