{"id":56637,"date":"2025-04-27T10:52:10","date_gmt":"2025-04-27T10:52:10","guid":{"rendered":"https:\/\/www.europesays.com\/fr\/56637\/"},"modified":"2025-04-27T10:52:10","modified_gmt":"2025-04-27T10:52:10","slug":"une-explosion-devastatrice-dans-le-principal-port-diran-fait-au-moins-25-morts-et-1000-blesses","status":"publish","type":"post","link":"https:\/\/www.europesays.com\/fr\/56637\/","title":{"rendered":"Une explosion d\u00e9vastatrice dans le principal port d\u2019Iran fait au moins 25 morts et 1000 bless\u00e9s"},"content":{"rendered":"<p>Ce port strat\u00e9gique est proche de la grande ville c\u00f4ti\u00e8re de Bandar Abbas, sur le d\u00e9troit d&rsquo;Ormuz, par o\u00f9 passe un cinqui\u00e8me de la production mondiale de p\u00e9trole, \u00e0 environ un millier de kilom\u00e8tres au sud de T\u00e9h\u00e9ran.<\/p>\n<p>Ouverture d&rsquo;une enqu\u00eate<\/p>\n<p>\u00abAu moins 25 personnes ont \u00e9t\u00e9 tu\u00e9es\u00bb, a rapport\u00e9 l\u2019agence Tasnim, citant le chef du pouvoir judiciaire de la province d\u2019Hormozgan (sud du pays), o\u00f9 se situe le port, Mojtaba Ghahremani. La t\u00e9l\u00e9vision d\u2019Etat a aussi fait \u00e9tat de 1000 bless\u00e9s. Le pr\u00e9sident Massoud Pezeshkian a ordonn\u00e9 l\u2019ouverture d\u2019une enqu\u00eate pour \u00e9tablir les causes de la catastrophe. Celle-ci est probablement due \u00e0 un incendie dans un d\u00e9p\u00f4t de stockage de mati\u00e8res dangereuses et chimiques, selon un communiqu\u00e9 des Douanes repris par la t\u00e9l\u00e9vision d\u2019Etat.<\/p>\n<p>  <a class=\"glightbox\" href=\"https:\/\/www.letemps.ch\/placeholder.png\" data-type=\"image\" data-description=\"Sur cette photo fournie par l&#039;Agence de presse des \u00e9tudiants iraniens, ISNA, un h\u00e9licopt\u00e8re largue de l&#039;eau sur le feu apr\u00e8s une explosion massive qui a secou\u00e9 un port pr\u00e8s de la ville portuaire m\u00e9ridionale de Bandar Abbas, en Iran, le samedi 26 avril 2025. \u2014 \u00a9 Razieh Pudat \/ keystone-sda.ch\" data- rel=\"nofollow noopener\" target=\"_blank\"><\/p>\n<p>      <img decoding=\"async\" class=\"lazy\" title=\"Sur cette photo fournie par l'Agence de presse des \u00e9tudiants iraniens, ISNA, un h\u00e9licopt\u00e8re largue de l'eau sur le feu apr\u00e8s une explosion massive qui a secou\u00e9 un port pr\u00e8s de la ville portuaire m\u00e9ridionale de Bandar Abbas, en Iran, le samedi 26 avril 2025. \u2014 \u00a9 Razieh Pudat \/ keystone-sda.ch\" alt=\"Sur cette photo fournie par l'Agence de presse des \u00e9tudiants iraniens, ISNA, un h\u00e9licopt\u00e8re largue de l'eau sur le feu apr\u00e8s une explosion massive qui a secou\u00e9 un port pr\u00e8s de la ville portuaire m\u00e9ridionale de Bandar Abbas, en Iran, le samedi 26 avril 2025. \u2014 \u00a9 Razieh Pudat \/ keystone-sda.ch\" src=\"https:\/\/www.europesays.com\/fr\/wp-content\/uploads\/2025\/04\/large.jpeg\"\/><\/p>\n<p>  <\/a><br \/>\n  Sur cette photo fournie par l&rsquo;Agence de presse des \u00e9tudiants iraniens, ISNA, un h\u00e9licopt\u00e8re largue de l&rsquo;eau sur le feu apr\u00e8s une explosion massive qui a secou\u00e9 un port pr\u00e8s de la ville portuaire m\u00e9ridionale de Bandar Abbas, en Iran, le samedi 26 avril 2025. \u2014 \u00a9 Razieh Pudat \/ keystone-sda.ch<\/p>\n<p>L\u2019explosion a \u00e9t\u00e9 provoqu\u00e9e par du perchlorate de sodium, une substance entrant dans la composition de carburants solides pour missiles, affirme le New York Times, citant une source anonyme proche des Gardiens de la R\u00e9volution, l\u2019arm\u00e9e id\u00e9ologique de la R\u00e9publique islamique d\u2019Iran.<\/p>\n<p>Des bombardiers d&rsquo;eau et des h\u00e9licopt\u00e8res mobilis\u00e9s<\/p>\n<p>\u00abL\u2019incendie est sous contr\u00f4le mais n\u2019est toujours pas \u00e9teint\u00bb, a indiqu\u00e9 dimanche un correspondant de la t\u00e9l\u00e9vision d\u2019Etat pr\u00e9sent sur les lieux, une \u00e9paisse fum\u00e9e noire visible derri\u00e8re lui. Seuls les m\u00e9dias iraniens ont \u00e9t\u00e9 autoris\u00e9s \u00e0 prendre des photos et vid\u00e9os dans le secteur du sinistre.<\/p>\n<p>Des avions bombardiers d\u2019eau et des h\u00e9licopt\u00e8res sont mobilis\u00e9s pour continuer \u00e0 lutter contre les flammes, 24h apr\u00e8s l\u2019explosion, selon des images de la t\u00e9l\u00e9vision d\u2019Etat. Au sol, d\u2019immenses lances \u00e0 incendie ont \u00e9t\u00e9 d\u00e9ploy\u00e9es par les pompiers.<\/p>\n<p>  <a class=\"glightbox\" href=\"https:\/\/www.letemps.ch\/placeholder.png\" data-type=\"image\" data-description=\"Sur cette photo fournie par l&#039;Agence de presse de la R\u00e9publique islamique (IRNA), des pompiers travaillent alors qu&#039;une fum\u00e9e noire s&#039;\u00e9l\u00e8ve dans le ciel apr\u00e8s une explosion massive qui a secou\u00e9 un port pr\u00e8s de la ville m\u00e9ridionale de Bandar Abbas, en Iran, le samedi 26 avril 2025. \u2014 \u00a9 Mohammad Rasoul Moradi \/ keystone-sda.ch\" data- rel=\"nofollow noopener\" target=\"_blank\"><\/p>\n<p>      <img decoding=\"async\" class=\"lazy\" title=\"Sur cette photo fournie par l'Agence de presse de la R\u00e9publique islamique (IRNA), des pompiers travaillent alors qu'une fum\u00e9e noire s'\u00e9l\u00e8ve dans le ciel apr\u00e8s une explosion massive qui a secou\u00e9 un port pr\u00e8s de la ville m\u00e9ridionale de Bandar Abbas, en Iran, le samedi 26 avril 2025. \u2014 \u00a9 Mohammad Rasoul Moradi \/ keystone-sda.ch\" alt=\"Sur cette photo fournie par l'Agence de presse de la R\u00e9publique islamique (IRNA), des pompiers travaillent alors qu'une fum\u00e9e noire s'\u00e9l\u00e8ve dans le ciel apr\u00e8s une explosion massive qui a secou\u00e9 un port pr\u00e8s de la ville m\u00e9ridionale de Bandar Abbas, en Iran, le samedi 26 avril 2025. \u2014 \u00a9 Mohammad Rasoul Moradi \/ keystone-sda.ch\" src=\"https:\/\/www.europesays.com\/fr\/wp-content\/uploads\/2025\/04\/1745751129_130_large.jpeg\"\/><\/p>\n<p>  <\/a><br \/>\n  Sur cette photo fournie par l&rsquo;Agence de presse de la R\u00e9publique islamique (IRNA), des pompiers travaillent alors qu&rsquo;une fum\u00e9e noire s&rsquo;\u00e9l\u00e8ve dans le ciel apr\u00e8s une explosion massive qui a secou\u00e9 un port pr\u00e8s de la ville m\u00e9ridionale de Bandar Abbas, en Iran, le samedi 26 avril 2025. \u2014 \u00a9 Mohammad Rasoul Moradi \/ keystone-sda.ch<\/p>\n<p>Les autorit\u00e9s ont ordonn\u00e9 la fermeture dimanche &#8211; jour ouvr\u00e9 en Iran &#8211; des bureaux et \u00e9tablissements scolaires \u00e0 Bandar Abbas, ville d\u2019environ 650 000 habitants, alors que la fum\u00e9e continue \u00e0 se propager dans les environs, selon un responsable des secours, Mehrdad Hassanzadeh.<\/p>\n<p>Le minist\u00e8re de la Sant\u00e9 a appel\u00e9 les habitants \u00e0 rester chez eux \u00abjusqu\u2019\u00e0 nouvel ordre\u00bb et porter des masques s\u2019ils doivent imp\u00e9rativement sortir. Un appel aux dons de sang a \u00e9t\u00e9 lanc\u00e9 pour les bless\u00e9s.<\/p>\n<p>Trois jours de deuil<\/p>\n<p>Les autorit\u00e9s ont d\u00e9cr\u00e9t\u00e9 trois jours de deuil \u00e0 compter de dimanche dans la province d\u2019Hormozgan, dont Bandar Abbas est le chef-lieu. La ville abrite la principale base de la marine iranienne.<\/p>\n<p>Le nombre d\u2019employ\u00e9s pr\u00e9sents sur le port au moment de l\u2019explosion n\u2019est pas connu. Les op\u00e9rations de d\u00e9douanement et de chargement des conteneurs ont repris, a d\u00e9clar\u00e9 dimanche \u00e0 la t\u00e9l\u00e9vision le ministre de l\u2019Int\u00e9rieur, Eskandar Momeni, d\u00e9p\u00each\u00e9 sur les lieux.<\/p>\n<p>  <a class=\"glightbox\" href=\"https:\/\/www.letemps.ch\/placeholder.png\" data-type=\"image\" data-description=\"Des personnes utilisent leur t\u00e9l\u00e9phone alors qu&#039;elles marchent le long d&#039;un boulevard d\u00e9vast\u00e9 par une explosion au quai du port Shahid Rajaee, au sud-ouest de Bandar Abbas, le 26 avril 2025. \u2014 \u00a9 MOHAMMAD RASOLE MORADI \/ AFP\" data- rel=\"nofollow noopener\" target=\"_blank\"><\/p>\n<p>      <img decoding=\"async\" class=\"lazy\" title=\"Des personnes utilisent leur t\u00e9l\u00e9phone alors qu'elles marchent le long d'un boulevard d\u00e9vast\u00e9 par une explosion au quai du port Shahid Rajaee, au sud-ouest de Bandar Abbas, le 26 avril 2025. \u2014 \u00a9 MOHAMMAD RASOLE MORADI \/ AFP\" alt=\"Des personnes utilisent leur t\u00e9l\u00e9phone alors qu'elles marchent le long d'un boulevard d\u00e9vast\u00e9 par une explosion au quai du port Shahid Rajaee, au sud-ouest de Bandar Abbas, le 26 avril 2025. \u2014 \u00a9 MOHAMMAD RASOLE MORADI \/ AFP\" src=\"https:\/\/www.europesays.com\/fr\/wp-content\/uploads\/2025\/04\/1745751130_688_large.jpeg\"\/><\/p>\n<p>  <\/a><br \/>\n  Des personnes utilisent leur t\u00e9l\u00e9phone alors qu&rsquo;elles marchent le long d&rsquo;un boulevard d\u00e9vast\u00e9 par une explosion au quai du port Shahid Rajaee, au sud-ouest de Bandar Abbas, le 26 avril 2025. \u2014 \u00a9 MOHAMMAD RASOLE MORADI \/ AFP<\/p>\n<p>L\u2019agence officielle Irna a publi\u00e9 des photos montrant un afflux de secouristes apr\u00e8s la catastrophe et une voiture couverte de taches de sang encastr\u00e9e dans un poids lourd. La d\u00e9flagration a \u00e9t\u00e9 telle qu\u2019une rang\u00e9e de semi-remorques a \u00e9t\u00e9 compl\u00e8tement souffl\u00e9e et r\u00e9duite \u00e0 l\u2019\u00e9tat de carcasses, selon des images sur les r\u00e9seaux sociaux dont l\u2019AFP n\u2019a pas pu v\u00e9rifier l\u2019authenticit\u00e9. Sur d\u2019autres images prises d\u2019un h\u00e9licopt\u00e8re, une \u00e9paisse fum\u00e9e noire dans le ciel semble indiquer plusieurs d\u00e9parts de feu.<\/p>\n<p>Condol\u00e9ances de l\u2019ONU et de nombreux pays<\/p>\n<p>L\u2019ONU et de nombreux pays, dont l\u2019Arabie saoudite, le Pakistan, l\u2019Inde, la Turquie et la Russie, ont pr\u00e9sent\u00e9 leurs condol\u00e9ances \u00e0 l\u2019Iran.<\/p>\n<p>L\u2019explosion de samedi s\u2019est produite au moment o\u00f9 des pourparlers cruciaux sur le nucl\u00e9aire entre l\u2019Iran et les Etats-Unis, ennemis depuis quatre d\u00e9cennies, se d\u00e9roulaient \u00e0 Oman. Isra\u00ebl, qui soup\u00e7onne l\u2019Iran de vouloir de doter de l\u2019arme nucl\u00e9aire comme d\u2019autres pays occidentaux, se livre depuis des ann\u00e9es \u00e0 une guerre de l\u2019ombre contre l\u2019Iran, son ennemi jur\u00e9, pour contrer son influence r\u00e9gionale.<\/p>\n<p>Lire aussi: <a href=\"https:\/\/www.letemps.ch\/articles\/nouvelle-journee-cruciale-de-negociation-entre-teheran-et-washington-sur-le-nucleaire-iranien\" rel=\"nofollow noopener\" target=\"_blank\">T\u00e9h\u00e9ran et Washington concluent une nouvelle journ\u00e9e de n\u00e9gociations sur le nucl\u00e9aire iranien<\/a>  <\/p>\n<p>Selon le quotidien am\u00e9ricain Washington Post, Isra\u00ebl avait lanc\u00e9 en mai 2020 une cyberattaque contre le port Shahid Raja\u00ef. La th\u00e8se d\u2019un sabotage n\u2019a pour l\u2019heure pas \u00e9t\u00e9 \u00e9voqu\u00e9e par les autorit\u00e9s iraniennes pour l\u2019explosion de samedi.<\/p>\n","protected":false},"excerpt":{"rendered":"Ce port strat\u00e9gique est proche de la grande ville c\u00f4ti\u00e8re de Bandar Abbas, sur le d\u00e9troit d&rsquo;Ormuz, par&hellip;\n","protected":false},"author":2,"featured_media":56638,"comment_status":"","ping_status":"","sticky":false,"template":"","format":"standard","meta":{"footnotes":""},"categories":[5],"tags":[11,1011,27,4438,14,3019,12,28],"class_list":{"0":"post-56637","1":"post","2":"type-post","3":"status-publish","4":"format-standard","5":"has-post-thumbnail","7":"category-international","8":"tag-actualites","9":"tag-fr","10":"tag-france","11":"tag-free","12":"tag-international","13":"tag-iran","14":"tag-news","15":"tag-world"},"share_on_mastodon":{"url":"https:\/\/pubeurope.com\/@fr\/114409553576724508","error":""},"_links":{"self":[{"href":"https:\/\/www.europesays.com\/fr\/wp-json\/wp\/v2\/posts\/56637","targetHints":{"allow":["GET"]}}],"collection":[{"href":"https:\/\/www.europesays.com\/fr\/wp-json\/wp\/v2\/posts"}],"about":[{"href":"https:\/\/www.europesays.com\/fr\/wp-json\/wp\/v2\/types\/post"}],"author":[{"embeddable":true,"href":"https:\/\/www.europesays.com\/fr\/wp-json\/wp\/v2\/users\/2"}],"replies":[{"embeddable":true,"href":"https:\/\/www.europesays.com\/fr\/wp-json\/wp\/v2\/comments?post=56637"}],"version-history":[{"count":0,"href":"https:\/\/www.europesays.com\/fr\/wp-json\/wp\/v2\/posts\/56637\/revisions"}],"wp:featuredmedia":[{"embeddable":true,"href":"https:\/\/www.europesays.com\/fr\/wp-json\/wp\/v2\/media\/56638"}],"wp:attachment":[{"href":"https:\/\/www.europesays.com\/fr\/wp-json\/wp\/v2\/media?parent=56637"}],"wp:term":[{"taxonomy":"category","embeddable":true,"href":"https:\/\/www.europesays.com\/fr\/wp-json\/wp\/v2\/categories?post=56637"},{"taxonomy":"post_tag","embeddable":true,"href":"https:\/\/www.europesays.com\/fr\/wp-json\/wp\/v2\/tags?post=56637"}],"curies":[{"name":"wp","href":"https:\/\/api.w.org\/{rel}","templated":true}]}}