{"id":566371,"date":"2025-11-29T09:40:44","date_gmt":"2025-11-29T09:40:44","guid":{"rendered":"https:\/\/www.europesays.com\/fr\/566371\/"},"modified":"2025-11-29T09:40:44","modified_gmt":"2025-11-29T09:40:44","slug":"avec-ses-photos-lartiste-frenchmotion-sublime-strasbourg","status":"publish","type":"post","link":"https:\/\/www.europesays.com\/fr\/566371\/","title":{"rendered":"avec ses photos, l\u2019artiste Frenchmotion sublime Strasbourg"},"content":{"rendered":"<p><strong>En vous baladant rue des Fr\u00e8res, peut-\u00eatre avez-vous aper\u00e7u la vitrine de l\u2019exposition capsule de Frenchmotion, m\u00ealant vues strasbourgeoises, moments suspendus et instants de gr\u00e2ce. Nous sommes all\u00e9(e)s \u00e0 la rencontre de France, autrice de ces images, pour qu\u2019elle nous parle de sa mani\u00e8re de regarder, et de magnifier les rues qu\u2019on voit tous les jours. <\/strong><\/p>\n<p><strong>Frenchmotion<\/strong>, c\u2019est le pseudo derri\u00e8re lequel se cache <strong>France<\/strong> depuis 2019. Un jeu de mots entre son pr\u00e9nom, <strong>sa qu\u00eate de l\u2019\u00e9motion et son app\u00e9tence pour le mouvement<\/strong> dans l\u2019image. Si \u00e0 la base, la photographie est un loisir pour elle, elle se consacre d\u00e9sormais uniquement \u00e0 cette activit\u00e9 qui la porte.<\/p>\n<p>C\u2019est dans <strong>une galerie \u00e9ph\u00e9m\u00e8re au 7a rue des Fr\u00e8res, ouverte jusque fin d\u00e9cembre, <\/strong>qu\u2019elle expose actuellement son travail : l\u2019occasion pour nous d\u2019y jeter un \u0153il, et de papoter avec l\u2019artiste au passage.<\/p>\n<p>    <img width=\"400\" height=\"600\" src=\"https:\/\/www.europesays.com\/fr\/wp-content\/uploads\/2025\/11\/french-motion-9-400x600.jpg\" class=\"attachment-image-size-M size-image-size-M\" alt=\"French Motion (9)\" decoding=\"async\" loading=\"lazy\"  \/>         \u00a9 Marie Goehner-David \/ Pokaa <\/p>\n<p>Strasbourg en instants suspendus<\/p>\n<p>\u00ab\u00a0Aujourd\u2019hui, la photo est \u00e0 port\u00e9e de main pour tout le monde. J\u2019essaie de la pratiquer pour qu\u2019on prenne le temps de s\u2019arr\u00eater dessus\u00a0: <strong>je cherche \u00e0 d\u00e9gager des instants, \u00e0 travailler l\u2019\u00e9motion, \u00e0 amener de la po\u00e9sie.<\/strong>\u00a0\u00bb C\u2019est dans ce contexte qu\u2019elle a organis\u00e9 sa premi\u00e8re \u00ab <strong>Capsule<\/strong>\u00a0\u00bb, exposition con\u00e7ue comme un condens\u00e9 de <strong>son travail sur les reflets.<\/strong><\/p>\n<p>\u00ab\u00a0Je ne suis pas Strasbourgeoise de naissance : je n\u2019habite la ville que depuis 2008. Je voulais montrer <strong>mon regard neuf sur les rues, prendre le temps d\u2019observer sous d\u2019autres angles, d\u2019autres perspectives. <\/strong>J\u2019aime travailler avec des fragments de ville, des ambiances urbaines mais aussi nocturnes, que je trouve tr\u00e8s cin\u00e9matographiques.\u00a0\u00bb<\/p>\n<p>                <img width=\"750\" height=\"500\" src=\"https:\/\/www.europesays.com\/fr\/wp-content\/uploads\/2025\/11\/french-motion-12-750x500.jpg\" class=\"attachment-gallery size-gallery\" alt=\"French Motion (12)\" data-full-url=\"https:\/\/pokaa.fr\/wp-content\/uploads\/2025\/11\/27\/french-motion-12.jpg\" decoding=\"async\" loading=\"lazy\"  \/>            <\/p>\n<p>                <img width=\"750\" height=\"500\" src=\"https:\/\/www.europesays.com\/fr\/wp-content\/uploads\/2025\/11\/french-motion-4-750x500.jpg\" class=\"attachment-gallery size-gallery\" alt=\"French Motion (4)\" data-full-url=\"https:\/\/pokaa.fr\/wp-content\/uploads\/2025\/11\/27\/french-motion-4.jpg\" decoding=\"async\" loading=\"lazy\"  \/>            <\/p>\n<p>                <img width=\"750\" height=\"500\" src=\"https:\/\/www.europesays.com\/fr\/wp-content\/uploads\/2025\/11\/french-motion-18-750x500.jpg\" class=\"attachment-gallery size-gallery\" alt=\"French Motion (18)\" data-full-url=\"https:\/\/pokaa.fr\/wp-content\/uploads\/2025\/11\/27\/french-motion-18.jpg\" decoding=\"async\" loading=\"lazy\"  \/>            <\/p>\n<p>                    \u00a9 Marie Goehner-David \/ Pokaa<\/p>\n<p>Cette premi\u00e8re capsule, c\u2019est un peu <strong>Strasbourg \u00e0 la sauce In the Mood for Love<\/strong> de Wong Kar-Wai (2000), qui a grandement inspir\u00e9 France. <strong>Lenteur, m\u00e9lancolie, plans \u00e9th\u00e9r\u00e9s et d\u00e9tails sentimentaux : <\/strong>c\u2019est ainsi que la ville se d\u00e9voile sous nos yeux.<\/p>\n<p>\u00ab\u00a0Un mot qui m\u2019inspire beaucoup est le terme portugais<strong> saudade<\/strong>, qui n\u2019a pas de traduction en fran\u00e7ais. <strong>Il \u00e9voque une m\u00e9lancolie m\u00eal\u00e9e \u00e0 de la joie et \u00e0 de l\u2019espoir.<\/strong> C\u2019est ce que j\u2019essaie de transmettre dans mes images.\u00a0\u00bb<\/p>\n<p>                <img width=\"394\" height=\"500\" src=\"https:\/\/www.europesays.com\/fr\/wp-content\/uploads\/2025\/11\/french-motion-5-394x500.png\" class=\"attachment-gallery size-gallery\" alt=\"French Motion (5)\" data-full-url=\"https:\/\/pokaa.fr\/wp-content\/uploads\/2025\/11\/27\/french-motion-5.png\" decoding=\"async\" loading=\"lazy\"  \/>            <\/p>\n<p>                <img width=\"393\" height=\"500\" src=\"https:\/\/www.europesays.com\/fr\/wp-content\/uploads\/2025\/11\/french-motion-4-393x500.png\" class=\"attachment-gallery size-gallery\" alt=\"French Motion (4)\" data-full-url=\"https:\/\/pokaa.fr\/wp-content\/uploads\/2025\/11\/27\/french-motion-4.png\" decoding=\"async\" loading=\"lazy\"  \/>            <\/p>\n<p>                <img width=\"389\" height=\"500\" src=\"https:\/\/www.europesays.com\/fr\/wp-content\/uploads\/2025\/11\/french-motion-1-389x500.png\" class=\"attachment-gallery size-gallery\" alt=\"French Motion (1)\" data-full-url=\"https:\/\/pokaa.fr\/wp-content\/uploads\/2025\/11\/27\/french-motion-1.png\" decoding=\"async\" loading=\"lazy\"  \/>            <\/p>\n<p>                    \u00a9 @frenchmotion \/ Captures d&rsquo;\u00e9cran<\/p>\n<p>    <img width=\"800\" height=\"533\" src=\"https:\/\/www.europesays.com\/fr\/wp-content\/uploads\/2025\/11\/french-motion-6-800x533.jpg\" class=\"attachment-image-size-L size-image-size-L\" alt=\"French Motion (6)\" decoding=\"async\" loading=\"lazy\"  \/>         \u00a9 Marie Goehner-David \/ Pokaa <\/p>\n<p>Ode au mouvement<\/p>\n<p>Dans les images de France, on retrouve beaucoup de g\u00e9om\u00e9trie et de structures anguleuses, mais aussi <strong>du flou, du mouvement, des silhouettes spectrales, <\/strong>comme un souffle qui passe discr\u00e8tement.<\/p>\n<p><strong>Plus jeune, elle passait de longues heures dans le train,<\/strong> \u00e0 traverser la France entre ses deux parents divorc\u00e9s. \u00ab\u00a0<strong>Le train, ce sont ces paysages fil\u00e9s, ces moments m\u00e9ditatifs,<\/strong> ce transit si particulier entre la m\u00e9lancolie et le r\u00eave.\u00a0C\u2019est peut-\u00eatre pour cela que j\u2019aime tant travailler avec le flou de mouvement.\u00a0\u00bb<\/p>\n<p>                <img width=\"654\" height=\"500\" src=\"https:\/\/www.europesays.com\/fr\/wp-content\/uploads\/2025\/11\/french-motion-21-654x500.jpg\" class=\"attachment-gallery size-gallery\" alt=\"French Motion (21)\" data-full-url=\"https:\/\/pokaa.fr\/wp-content\/uploads\/2025\/11\/27\/french-motion-21.jpg\" decoding=\"async\" loading=\"lazy\"  \/>            <\/p>\n<p>                <img width=\"750\" height=\"500\" src=\"https:\/\/www.europesays.com\/fr\/wp-content\/uploads\/2025\/11\/french-motion-19-750x500.jpg\" class=\"attachment-gallery size-gallery\" alt=\"French Motion (19)\" data-full-url=\"https:\/\/pokaa.fr\/wp-content\/uploads\/2025\/11\/27\/french-motion-19.jpg\" decoding=\"async\" loading=\"lazy\"  \/>            <\/p>\n<p>                    \u00a9 Marie Goehner-David \/ Pokaa<\/p>\n<p>Depuis, celle qui n\u2019a cess\u00e9 de voyager a accumul\u00e9 les images aux quatre coins du monde, sans jamais se lasser de <strong>transmettre la po\u00e9sie de ses perp\u00e9tuels d\u00e9placements <\/strong>dans ses images.<\/p>\n<p>Faire voyager la passion<\/p>\n<p>Le voyage, c\u2019est une philosophie que France applique aussi \u00e0 sa mani\u00e8re de faire vivre son art. \u00ab\u00a0Je propose <strong>des d\u00e9clinaisons de ces instants \u00e0 collectionner,<\/strong> avec des cartes postales ou des tirages sous passe-partout\u00a0: <strong>des gammes de prix accessibles, qui permettent \u00e0 tout le monde de repartir avec un morceau d\u2019art.<\/strong>\u00a0\u00bb<\/p>\n<p>Car c\u2019est aussi cela qui l\u2019anime\u00a0: le fait <strong>de partager, de transmettre, d\u2019apprendre ensemble, d\u2019\u00e9muler.<\/strong> C\u2019est pourquoi elle projette d\u2019organiser des ateliers pour travailler le regard, par exemple autour du flou de mouvement, ou encore de la double exposition.<\/p>\n<p>                <img width=\"750\" height=\"500\" src=\"https:\/\/www.europesays.com\/fr\/wp-content\/uploads\/2025\/11\/french-motion-7-750x500.jpg\" class=\"attachment-gallery size-gallery\" alt=\"French Motion (7)\" data-full-url=\"https:\/\/pokaa.fr\/wp-content\/uploads\/2025\/11\/27\/french-motion-7.jpg\" decoding=\"async\" loading=\"lazy\"  \/>            <\/p>\n<p>                <img width=\"750\" height=\"500\" src=\"https:\/\/www.europesays.com\/fr\/wp-content\/uploads\/2025\/11\/french-motion-3-750x500.jpg\" class=\"attachment-gallery size-gallery\" alt=\"French Motion (3)\" data-full-url=\"https:\/\/pokaa.fr\/wp-content\/uploads\/2025\/11\/27\/french-motion-3.jpg\" decoding=\"async\" loading=\"lazy\"  \/>            <\/p>\n<p>                <img width=\"750\" height=\"500\" src=\"https:\/\/www.europesays.com\/fr\/wp-content\/uploads\/2025\/11\/french-motion-2-750x500.jpg\" class=\"attachment-gallery size-gallery\" alt=\"French Motion (2)\" data-full-url=\"https:\/\/pokaa.fr\/wp-content\/uploads\/2025\/11\/27\/french-motion-2.jpg\" decoding=\"async\" loading=\"lazy\"  \/>            <\/p>\n<p>                <img width=\"750\" height=\"500\" src=\"https:\/\/www.europesays.com\/fr\/wp-content\/uploads\/2025\/11\/french-motion-1-750x500.jpg\" class=\"attachment-gallery size-gallery\" alt=\"French Motion (1)\" data-full-url=\"https:\/\/pokaa.fr\/wp-content\/uploads\/2025\/11\/27\/french-motion-1.jpg\" decoding=\"async\" loading=\"lazy\"  \/>            <\/p>\n<p>                    \u00a9 Marie Goehner-David \/ Pokaa<\/p>\n<p>En attendant, et en parall\u00e8le de l\u2019exposition \u00e9ph\u00e9m\u00e8re,<strong> elle propose avec son ami photographe <a href=\"https:\/\/www.instagram.com\/teiher_\/\" target=\"_blank\" rel=\"noopener\">Teiher<\/a> (R\u00e9gis) des s\u00e9ances photo, pour faire l\u2019exp\u00e9rience du march\u00e9 de No\u00ebl \u00e0 Strasbourg, et repartir avec un souvenir dans la poche. <\/strong>Pour vous faire tirer le portrait et avoir toutes les infos, il suffit de <strong>contacter France sur <a href=\"https:\/\/www.instagram.com\/frenchmotion\/\" target=\"_blank\" rel=\"noopener\">Instagram<\/a><\/strong>, ou de directement passer \u00e0 la galerie au 7a rue des Fr\u00e8res.<\/p>\n<p><strong>Alors, vous venez jeter un \u0153il\u00a0?<\/strong><\/p>\n<p>    <img width=\"800\" height=\"533\" src=\"https:\/\/www.europesays.com\/fr\/wp-content\/uploads\/2025\/11\/french-motion-8-800x533.jpg\" class=\"attachment-image-size-L size-image-size-L\" alt=\"French Motion (8)\" decoding=\"async\" loading=\"lazy\"  \/>         \u00a9 Marie Goehner-David \/ Pokaa <\/p>\n<p>            Capsule #01 &#8211; Reflets de Strasbourg<\/p>\n<p>            Quoi ? <\/p>\n<p>Exposition photo de Frenchmotion<\/p>\n<p>                Quand ?<\/p>\n<p>Jusqu\u2019au 31 d\u00e9cembre 2025, du mardi au dimanche, de 11h \u00e0 18h<\/p>\n<p>            o\u00f9 ?<\/p>\n<p>7a rue des Fr\u00e8res, \u00e0 Strasbourg<\/p>\n<p>                Plus d&rsquo;infos ?<\/p>\n<p><a href=\"https:\/\/www.instagram.com\/frenchmotion\/\" target=\"_blank\" rel=\"noopener\">Instagram de Frenchmotion<\/a><\/p>\n<p>Entr\u00e9e libre<\/p>\n<p>                <img width=\"750\" height=\"500\" src=\"https:\/\/www.europesays.com\/fr\/wp-content\/uploads\/2025\/11\/french-motion-5-750x500.jpg\" class=\"attachment-gallery size-gallery\" alt=\"French Motion (5)\" data-full-url=\"https:\/\/pokaa.fr\/wp-content\/uploads\/2025\/11\/27\/french-motion-5.jpg\" decoding=\"async\" loading=\"lazy\"  \/>            <\/p>\n<p>                <img width=\"750\" height=\"500\" src=\"https:\/\/www.europesays.com\/fr\/wp-content\/uploads\/2025\/11\/french-motion-14-750x500.jpg\" class=\"attachment-gallery size-gallery\" alt=\"French Motion (14)\" data-full-url=\"https:\/\/pokaa.fr\/wp-content\/uploads\/2025\/11\/27\/french-motion-14.jpg\" decoding=\"async\" loading=\"lazy\"  \/>            <\/p>\n<p>                <img width=\"750\" height=\"500\" src=\"https:\/\/www.europesays.com\/fr\/wp-content\/uploads\/2025\/11\/french-motion-15-750x500.jpg\" class=\"attachment-gallery size-gallery\" alt=\"French Motion (15)\" data-full-url=\"https:\/\/pokaa.fr\/wp-content\/uploads\/2025\/11\/27\/french-motion-15.jpg\" decoding=\"async\" loading=\"lazy\"  \/>            <\/p>\n<p>                <img width=\"750\" height=\"500\" src=\"https:\/\/www.europesays.com\/fr\/wp-content\/uploads\/2025\/11\/french-motion-16-750x500.jpg\" class=\"attachment-gallery size-gallery\" alt=\"French Motion (16)\" data-full-url=\"https:\/\/pokaa.fr\/wp-content\/uploads\/2025\/11\/27\/french-motion-16.jpg\" decoding=\"async\" loading=\"lazy\"  \/>            <\/p>\n<p>                <img width=\"750\" height=\"500\" src=\"https:\/\/www.europesays.com\/fr\/wp-content\/uploads\/2025\/11\/french-motion-17-750x500.jpg\" class=\"attachment-gallery size-gallery\" alt=\"French Motion (17)\" data-full-url=\"https:\/\/pokaa.fr\/wp-content\/uploads\/2025\/11\/27\/french-motion-17.jpg\" decoding=\"async\" loading=\"lazy\"  \/>            <\/p>\n<p>                    L&rsquo;art de Frenchmotion. \u00a9 Marie Goehner-David \/ Pokaa<\/p>\n<p><script async src=\"\/\/www.instagram.com\/embed.js\"><\/script><\/p>\n","protected":false},"excerpt":{"rendered":"En vous baladant rue des Fr\u00e8res, peut-\u00eatre avez-vous aper\u00e7u la vitrine de l\u2019exposition capsule de Frenchmotion, m\u00ealant vues&hellip;\n","protected":false},"author":2,"featured_media":566372,"comment_status":"","ping_status":"","sticky":false,"template":"","format":"standard","meta":{"footnotes":""},"categories":[2820],"tags":[1111,11,2593,1777,674,1011,27,68181,775,12,2745,1756,25,640],"class_list":{"0":"post-566371","1":"post","2":"type-post","3":"status-publish","4":"format-standard","5":"has-post-thumbnail","7":"category-strasbourg","8":"tag-actu","9":"tag-actualites","10":"tag-artiste","11":"tag-eu","12":"tag-europe","13":"tag-fr","14":"tag-france","15":"tag-french-motion","16":"tag-grand-est","17":"tag-news","18":"tag-photo","19":"tag-photographie","20":"tag-republique-francaise","21":"tag-strasbourg"},"share_on_mastodon":{"url":"https:\/\/pubeurope.com\/@fr\/115632351931666832","error":""},"_links":{"self":[{"href":"https:\/\/www.europesays.com\/fr\/wp-json\/wp\/v2\/posts\/566371","targetHints":{"allow":["GET"]}}],"collection":[{"href":"https:\/\/www.europesays.com\/fr\/wp-json\/wp\/v2\/posts"}],"about":[{"href":"https:\/\/www.europesays.com\/fr\/wp-json\/wp\/v2\/types\/post"}],"author":[{"embeddable":true,"href":"https:\/\/www.europesays.com\/fr\/wp-json\/wp\/v2\/users\/2"}],"replies":[{"embeddable":true,"href":"https:\/\/www.europesays.com\/fr\/wp-json\/wp\/v2\/comments?post=566371"}],"version-history":[{"count":0,"href":"https:\/\/www.europesays.com\/fr\/wp-json\/wp\/v2\/posts\/566371\/revisions"}],"wp:featuredmedia":[{"embeddable":true,"href":"https:\/\/www.europesays.com\/fr\/wp-json\/wp\/v2\/media\/566372"}],"wp:attachment":[{"href":"https:\/\/www.europesays.com\/fr\/wp-json\/wp\/v2\/media?parent=566371"}],"wp:term":[{"taxonomy":"category","embeddable":true,"href":"https:\/\/www.europesays.com\/fr\/wp-json\/wp\/v2\/categories?post=566371"},{"taxonomy":"post_tag","embeddable":true,"href":"https:\/\/www.europesays.com\/fr\/wp-json\/wp\/v2\/tags?post=566371"}],"curies":[{"name":"wp","href":"https:\/\/api.w.org\/{rel}","templated":true}]}}