{"id":566377,"date":"2025-11-29T09:48:16","date_gmt":"2025-11-29T09:48:16","guid":{"rendered":"https:\/\/www.europesays.com\/fr\/566377\/"},"modified":"2025-11-29T09:48:16","modified_gmt":"2025-11-29T09:48:16","slug":"nice-et-franck-haise-la-guerre-a-commence","status":"publish","type":"post","link":"https:\/\/www.europesays.com\/fr\/566377\/","title":{"rendered":"Nice et Franck Haise, la guerre a commenc\u00e9"},"content":{"rendered":"<p><b>En crise avec l\u2019OGC Nice, Franck Haise s\u2019est dit pr\u00eat \u00e0 partir \u00e0 condition que ses dirigeants le licencient. L\u2019entra\u00eeneur du Gym ne semble pas dispos\u00e9 \u00e0 abandonner ses indemnit\u00e9s de d\u00e9part. Ce que la direction azur\u00e9enne a bien compris.<\/b><\/p>\n<p><a href=\"https:\/\/www.foot01.com\/equipe\/nice\/\" target=\"_blank\" rel=\"noopener\">L\u2019OGC Nice<\/a> continue de s\u2019enfoncer. Corrig\u00e9s par le FC Porto (3-0) jeudi en Ligue Europa, avec un but conc\u00e9d\u00e9 apr\u00e8s seulement 18 secondes, les Aiglons viennent de perdre leurs cinq derniers matchs toutes comp\u00e9titions confondues. La s\u00e9rie affecte particuli\u00e8rement Franck Haise. A tel point que l\u2019entra\u00eeneur ni\u00e7ois a propos\u00e9 de quitter le Gym apr\u00e8s la d\u00e9route contre l\u2019Olympique de Marseille (1-5) vendredi dernier.<\/p>\n<p>\u00ab J&rsquo;ai eu des \u00e9changes t\u00e9l\u00e9phoniques avec Franck apr\u00e8s la d\u00e9faite contre Marseille, a confirm\u00e9 le pr\u00e9sident de l\u2019OGCN Fabrice Bocquet \u00e0 L\u2019Equipe. Il m&rsquo;a propos\u00e9 de partir sans d\u00e9missionner et je lui ai dit que je n&rsquo;\u00e9tais pas favorable \u00e0 cette solution. \u00bb Reste \u00e0 savoir si le dirigeant croit toujours son coach capable d\u2019inverser la situation. Ou s\u2019il refuse de payer de grosses indemnit\u00e9s pour le technicien prolong\u00e9 jusqu\u2019en 2029 en septembre dernier. En tout cas, les autres dirigeants du club sont sur la m\u00eame longueur d\u2019onde.<\/p>\n<p>\u00ab Il a \u00e9galement eu des \u00e9changes au t\u00e9l\u00e9phone dimanche avec Florian Maurice, le directeur sportif du club, lequel \u00e9tait sur la m\u00eame ligne que moi, a confi\u00e9 Fabrice Bocquet. Et le lundi, Jean-Claude Blanc (CEO d&rsquo;Ineos Sport) et Franck se sont vus au club, et Jean-Claude a \u00e9galement dit \u00e0 Franck qu&rsquo;il n&rsquo;\u00e9tait pas favorable \u00e0 cette id\u00e9e. Ensuite, nous avons eu une r\u00e9union de travail tous les quatre (Blanc, Bocquet, Haise et Maurice) avec le staff de Franck dans laquelle nous avons \u00e9voqu\u00e9 ce que nous pouvions faire tous ensemble pour redresser la situation. \u00bb<\/p>\n<p>\u00ab Il y a un travail au quotidien \u00e0 am\u00e9liorer, il y aura une fen\u00eatre au mercato d&rsquo;hiver qui pourra nous aider mais qui ne doit pas \u00eatre consid\u00e9r\u00e9e comme la solution \u00e0 tous nos probl\u00e8mes. Une chose est s\u00fbre, ce n&rsquo;est pas la solution de voir Franck partir. Ce que je retiens dans le discours de Franck, c&rsquo;est son envie de continuer. Il a dit qu&rsquo;il ne voulait pas jeter l&rsquo;\u00e9ponge et ne voulait pas abandonner ses joueurs et c&rsquo;est l&rsquo;essentiel. Il faut \u00eatre r\u00e9silient, faire preuve d&rsquo;unit\u00e9. Je me suis battu il y a un an et demi pour que Franck et son staff nous rejoignent \u00bb, a rappel\u00e9 le pr\u00e9sident du Gym dans un habile jeu de communication.<\/p>\n","protected":false},"excerpt":{"rendered":"En crise avec l\u2019OGC Nice, Franck Haise s\u2019est dit pr\u00eat \u00e0 partir \u00e0 condition que ses dirigeants le&hellip;\n","protected":false},"author":2,"featured_media":566378,"comment_status":"","ping_status":"","sticky":false,"template":"","format":"standard","meta":{"footnotes":""},"categories":[2819],"tags":[1111,11,1777,674,1011,27,66,12,2401,2268,882,25],"class_list":{"0":"post-566377","1":"post","2":"type-post","3":"status-publish","4":"format-standard","5":"has-post-thumbnail","7":"category-nice","8":"tag-actu","9":"tag-actualites","10":"tag-eu","11":"tag-europe","12":"tag-fr","13":"tag-france","14":"tag-ligue-1","15":"tag-news","16":"tag-nice","17":"tag-ogc-nice","18":"tag-provence-alpes-cote-dazur","19":"tag-republique-francaise"},"share_on_mastodon":{"url":"https:\/\/pubeurope.com\/@fr\/115632360945258136","error":""},"_links":{"self":[{"href":"https:\/\/www.europesays.com\/fr\/wp-json\/wp\/v2\/posts\/566377","targetHints":{"allow":["GET"]}}],"collection":[{"href":"https:\/\/www.europesays.com\/fr\/wp-json\/wp\/v2\/posts"}],"about":[{"href":"https:\/\/www.europesays.com\/fr\/wp-json\/wp\/v2\/types\/post"}],"author":[{"embeddable":true,"href":"https:\/\/www.europesays.com\/fr\/wp-json\/wp\/v2\/users\/2"}],"replies":[{"embeddable":true,"href":"https:\/\/www.europesays.com\/fr\/wp-json\/wp\/v2\/comments?post=566377"}],"version-history":[{"count":0,"href":"https:\/\/www.europesays.com\/fr\/wp-json\/wp\/v2\/posts\/566377\/revisions"}],"wp:featuredmedia":[{"embeddable":true,"href":"https:\/\/www.europesays.com\/fr\/wp-json\/wp\/v2\/media\/566378"}],"wp:attachment":[{"href":"https:\/\/www.europesays.com\/fr\/wp-json\/wp\/v2\/media?parent=566377"}],"wp:term":[{"taxonomy":"category","embeddable":true,"href":"https:\/\/www.europesays.com\/fr\/wp-json\/wp\/v2\/categories?post=566377"},{"taxonomy":"post_tag","embeddable":true,"href":"https:\/\/www.europesays.com\/fr\/wp-json\/wp\/v2\/tags?post=566377"}],"curies":[{"name":"wp","href":"https:\/\/api.w.org\/{rel}","templated":true}]}}