{"id":566379,"date":"2025-11-29T09:49:10","date_gmt":"2025-11-29T09:49:10","guid":{"rendered":"https:\/\/www.europesays.com\/fr\/566379\/"},"modified":"2025-11-29T09:49:10","modified_gmt":"2025-11-29T09:49:10","slug":"les-seniors-aux-revenus-modestes-vont-avoir-un-colis-cadeaux-gratuit","status":"publish","type":"post","link":"https:\/\/www.europesays.com\/fr\/566379\/","title":{"rendered":"les s\u00e9niors aux revenus modestes vont avoir un \u00ab colis cadeaux gratuit \u00bb"},"content":{"rendered":"<p>                    Par<br \/>\n        <strong><br \/>\n            <a href=\"https:\/\/actu.fr\/auteur\/redaction-nantes\" title=\"Consulter tous les articles de R\u00e9daction Nantes\" target=\"_blank\" rel=\"noopener\">R\u00e9daction Nantes<\/a><br \/>\n                    <\/strong><\/p>\n<p>        Publi\u00e9 le<\/p>\n<p>            29 nov. 2025 \u00e0 9h42        <\/p>\n<p>La Ville de Nantes offre aux Nantaises et Nantais \u00e2g\u00e9s de 60\u00a0ans et plus, aux revenus modestes, \u00ab\u2009un colis cadeaux gratuit contenant un repas de f\u00eate (tartinade, terrines, pur\u00e9e, mijot\u00e9, bouteille de vin, th\u00e9, pain d\u2019\u00e9pice, biscuits, truffes)\u2009\u00bb. Ces colis sont <b>\u00e0 retirer entre le 1er et le 31\u00a0d\u00e9cembre<\/b>, dans une des 10 mairies de quartier ou au Centre Communal d\u2019Action Sociale (CCAS) dans le centre-ville de Nantes.<\/p>\n<p>Comment en b\u00e9n\u00e9ficier\u2009?<\/p>\n<p class=\" wall-content\">Pour en b\u00e9n\u00e9ficier, il faut que <b>le montant total des ressources brutes <\/b>n\u2019exc\u00e8de pas <b>13\u2009650\u00a0euros par an pour une personne seule<\/b> et <b>21\u2009196\u00a0euros par an pour un couple<\/b>. Aucune d\u00e9marche en amont n\u2019est n\u00e9cessaire, il n\u2019y a<b> pas besoin de r\u00e9server.<\/b><\/p>\n<p class=\" wall-content\">Il est toutefois demand\u00e9 de se pr\u00e9senter directement dans un des lieux de retrait muni de trois justificatifs\u2009:<\/p>\n<ul class=\" wall-content\">\n<li>une pi\u00e8ce d\u2019identit\u00e9,<\/li>\n<li>un justificatif de domicile,<\/li>\n<li>un avis d\u2019imposition de 2024.<\/li>\n<\/ul>\n<p class=\" wall-content\">Le colis cadeau sera alors directement remis sur place. Si le ou la s\u00e9nior ne peut pas se d\u00e9placer, il est possible de donner procuration \u00e0 un proche pour le r\u00e9cup\u00e9rer \u00e0 sa place.<\/p>\n<p class=\" wall-content\">Le <b>formulaire de procuration est \u00e0 retirer en amont <\/b>dans une des mairies de quartier de Nantes ou au CCAS, <b>sans oublier de fournir les justificatifs<\/b> requis.<\/p>\n<p>Pour plus d\u2019informations\u2009: 02\u200940\u200999\u200928\u200910 \/ <a href=\"https:\/\/actu.fr\/cdn-cgi\/l\/email-protection\" class=\"__cf_email__\" data-cfemail=\"5c1f1f1d0f712c2e392f283d283533322f1c313d352e353971323d3228392f723a2e\" target=\"_blank\" rel=\"noopener\">[email\u00a0protected]<\/a><\/p>\n<p class=\" wall-content\">Personnalisez votre actualit\u00e9 en ajoutant vos villes et m\u00e9dias en favori avec <a href=\"https:\/\/moncompte.actu.fr\" title=\"D\u00e9couvez Mon Actu\" rel=\"nofollow noopener\" data-trk=\"{&quot;cta&quot;:{&quot;action&quot;:&quot;https:\\\/\\\/moncompte.actu.fr&quot;,&quot;category&quot;:&quot;mon compte&quot;,&quot;from&quot;:&quot;article footer&quot;,&quot;name&quot;:&quot;Mon actu&quot;,&quot;type&quot;:&quot;cta&quot;}}\" target=\"_blank\">Mon Actu<\/a>.<\/p>\n","protected":false},"excerpt":{"rendered":"Par R\u00e9daction Nantes Publi\u00e9 le 29 nov. 2025 \u00e0 9h42 La Ville de Nantes offre aux Nantaises et&hellip;\n","protected":false},"author":2,"featured_media":566380,"comment_status":"","ping_status":"","sticky":false,"template":"","format":"standard","meta":{"footnotes":""},"categories":[2818],"tags":[1111,11,1777,674,1011,27,766,12,15830,2636,25,3552,104,3400],"class_list":{"0":"post-566379","1":"post","2":"type-post","3":"status-publish","4":"format-standard","5":"has-post-thumbnail","7":"category-nantes","8":"tag-actu","9":"tag-actualites","10":"tag-eu","11":"tag-europe","12":"tag-fr","13":"tag-france","14":"tag-nantes","15":"tag-news","16":"tag-noel","17":"tag-pays-de-la-loire","18":"tag-republique-francaise","19":"tag-seniors","20":"tag-societe","21":"tag-solidarite"},"share_on_mastodon":{"url":"https:\/\/pubeurope.com\/@fr\/115632365021338353","error":""},"_links":{"self":[{"href":"https:\/\/www.europesays.com\/fr\/wp-json\/wp\/v2\/posts\/566379","targetHints":{"allow":["GET"]}}],"collection":[{"href":"https:\/\/www.europesays.com\/fr\/wp-json\/wp\/v2\/posts"}],"about":[{"href":"https:\/\/www.europesays.com\/fr\/wp-json\/wp\/v2\/types\/post"}],"author":[{"embeddable":true,"href":"https:\/\/www.europesays.com\/fr\/wp-json\/wp\/v2\/users\/2"}],"replies":[{"embeddable":true,"href":"https:\/\/www.europesays.com\/fr\/wp-json\/wp\/v2\/comments?post=566379"}],"version-history":[{"count":0,"href":"https:\/\/www.europesays.com\/fr\/wp-json\/wp\/v2\/posts\/566379\/revisions"}],"wp:featuredmedia":[{"embeddable":true,"href":"https:\/\/www.europesays.com\/fr\/wp-json\/wp\/v2\/media\/566380"}],"wp:attachment":[{"href":"https:\/\/www.europesays.com\/fr\/wp-json\/wp\/v2\/media?parent=566379"}],"wp:term":[{"taxonomy":"category","embeddable":true,"href":"https:\/\/www.europesays.com\/fr\/wp-json\/wp\/v2\/categories?post=566379"},{"taxonomy":"post_tag","embeddable":true,"href":"https:\/\/www.europesays.com\/fr\/wp-json\/wp\/v2\/tags?post=566379"}],"curies":[{"name":"wp","href":"https:\/\/api.w.org\/{rel}","templated":true}]}}