{"id":566381,"date":"2025-11-29T09:50:28","date_gmt":"2025-11-29T09:50:28","guid":{"rendered":"https:\/\/www.europesays.com\/fr\/566381\/"},"modified":"2025-11-29T09:50:28","modified_gmt":"2025-11-29T09:50:28","slug":"kita-donne-une-derniere-chance-a-luis-castro","status":"publish","type":"post","link":"https:\/\/www.europesays.com\/fr\/566381\/","title":{"rendered":"Kita donne une derni\u00e8re chance \u00e0 Luis Castro"},"content":{"rendered":"<p><b>Ce dimanche soir en <a href=\"https:\/\/www.foot01.com\/ligue1\" title=\"Ligue 1\" target=\"_blank\" rel=\"noopener\">Ligue 1<\/a>, le FC Nantes aura un d\u00e9placement p\u00e9rilleux \u00e0 g\u00e9rer sur la pelouse de l&rsquo;OL. Luis Castro jouera gros dans le Rh\u00f4ne. <\/b>Le FC <a href=\"https:\/\/www.foot01.com\/nantes\/nantes-un-joker-arrive-cest-confirme\" target=\"_self\" rel=\"noopener\">Nantes<\/a> n&rsquo;y arrive pas pas cette saison en Ligue 1. Luis Castro est en difficult\u00e9 et pourrait bient\u00f4t partir des Canaris si les choses ne s&rsquo;am\u00e9liorent pas. Pour le moment, le Portugais a encore la confiance de son vestiaire. Mais jusqu&rsquo;\u00e0 quand ? Les pensionnaires de La Beaujoire ont plus que jamais besoin de points en championnat. Le d\u00e9placement qui approche sur la pelouse de l&rsquo;OL a tout du match gal\u00e8re. Les Nantais devront faire preuve de caract\u00e8re s&rsquo;ils veulent ramener un bon r\u00e9sultat de Lyon. Avant cette rencontre, le FCNA veut avant tout gagner en s\u00e9r\u00e9nit\u00e9.Castro en danger \u00e0 Nantes mais&#8230;\u00a0<\/p>\n<p>Ces derni\u00e8res heures, Ouest France annonce notamment que <a href=\"https:\/\/www.foot01.com\/nantes\/nantes-luis-castro-vire-waldemar-kita-est-a-bout\" target=\"_self\" rel=\"noopener\">Luis Castro n&rsquo;est pas menac\u00e9 imm\u00e9diatement \u00e0 Nantes<\/a>, contrairement aux rumeurs qui circulaient depuis une semaine du c\u00f4t\u00e9 de la Beaujoire. Mais sa direction veut absolument des r\u00e9sultats et des points pris. Cette fin d&rsquo;ann\u00e9e est importante pour toute l&rsquo;institution, qui doit faire avec les moyens du bord. Le Portugais se veut de son c\u00f4t\u00e9 rassurant : \u00ab Je ne suis pas inquiet, je ne me sens pas menac\u00e9. Pas du tout. Apr\u00e8s, si le club aboutit dans sa r\u00e9flexion, que le probl\u00e8me, c\u2019est Luis Castro, c\u2019est \u00e0 Nantes de faire quelque chose \u00bb.\u00a0<img decoding=\"async\" src=\"https:\/\/www.europesays.com\/fr\/wp-content\/uploads\/2025\/11\/59.png\" alt=\"Nantes\" class=\"w-12 h-12 object-contain\"\/><img decoding=\"async\" class=\"w-4 h-4 left-[1.67px] top-[1.67px] absolute\" src=\"https:\/\/www.europesays.com\/fr\/wp-content\/uploads\/2025\/09\/301.png\" alt=\"Ligue 1\"\/><\/p>\n<p>Ligue 1<\/p>\n<p>23 novembre 2025 \u00e0 17:15<\/p>\n<p>Ligue 1<\/p>\n<p>08 novembre 2025 \u00e0 19:00<\/p>\n<p>Ligue 1<\/p>\n<p><img decoding=\"async\" src=\"https:\/\/www.europesays.com\/fr\/wp-content\/uploads\/2025\/11\/37328128.png\" alt=\"M. Abline\" class=\"w-16 h-16 object-cover rounded-full\"\/><\/p>\n<p>10.M. Abline<\/p>\n<p><img decoding=\"async\" src=\"https:\/\/www.europesays.com\/fr\/wp-content\/uploads\/2025\/09\/fr.png\" alt=\"FRA\" class=\"w-6 h-4 object-cover\"\/>FRA \u2022 \u00c2ge 22 \u2022 Attaquant<img decoding=\"async\" src=\"https:\/\/www.europesays.com\/fr\/wp-content\/uploads\/2025\/11\/37660433.png\" alt=\"B. Guirassy\" class=\"w-16 h-16 object-cover rounded-full\"\/><\/p>\n<p>11.B. Guirassy<\/p>\n<p><img decoding=\"async\" src=\"https:\/\/www.europesays.com\/fr\/wp-content\/uploads\/2025\/11\/gn.png\" alt=\"GUI\" class=\"w-6 h-4 object-cover\"\/>GUI \u2022 \u00c2ge  \u2022 Attaquant<\/p>\n<p>Avant la fin de l&rsquo;ann\u00e9e 2026, le FC Nantes a encore trois matchs \u00e0 disputer en Ligue 1. Un face \u00e0 l&rsquo;OL, un face au RC Lens Lens puis un face \u00e0 Angers. Il ne faudra pas se louper, alors que les Canaris sont, pour rappel, 15es de Ligue 1 avec 11 points pris en 13 rencontres disput\u00e9es depuis le d\u00e9but de la saison. Luis Castro n&rsquo;a pas encore perdu toute cr\u00e9dibilit\u00e9 aupr\u00e8s de ses joueurs et c&rsquo;est bien le moment pour ces derniers de le montrer.<\/p>\n","protected":false},"excerpt":{"rendered":"Ce dimanche soir en Ligue 1, le FC Nantes aura un d\u00e9placement p\u00e9rilleux \u00e0 g\u00e9rer sur la pelouse&hellip;\n","protected":false},"author":2,"featured_media":495255,"comment_status":"","ping_status":"","sticky":false,"template":"","format":"standard","meta":{"footnotes":""},"categories":[2818],"tags":[1111,11,1777,674,462,1011,27,66,766,12,2636,25],"class_list":{"0":"post-566381","1":"post","2":"type-post","3":"status-publish","4":"format-standard","5":"has-post-thumbnail","7":"category-nantes","8":"tag-actu","9":"tag-actualites","10":"tag-eu","11":"tag-europe","12":"tag-fc-nantes","13":"tag-fr","14":"tag-france","15":"tag-ligue-1","16":"tag-nantes","17":"tag-news","18":"tag-pays-de-la-loire","19":"tag-republique-francaise"},"share_on_mastodon":{"url":"https:\/\/pubeurope.com\/@fr\/115632369604410108","error":""},"_links":{"self":[{"href":"https:\/\/www.europesays.com\/fr\/wp-json\/wp\/v2\/posts\/566381","targetHints":{"allow":["GET"]}}],"collection":[{"href":"https:\/\/www.europesays.com\/fr\/wp-json\/wp\/v2\/posts"}],"about":[{"href":"https:\/\/www.europesays.com\/fr\/wp-json\/wp\/v2\/types\/post"}],"author":[{"embeddable":true,"href":"https:\/\/www.europesays.com\/fr\/wp-json\/wp\/v2\/users\/2"}],"replies":[{"embeddable":true,"href":"https:\/\/www.europesays.com\/fr\/wp-json\/wp\/v2\/comments?post=566381"}],"version-history":[{"count":0,"href":"https:\/\/www.europesays.com\/fr\/wp-json\/wp\/v2\/posts\/566381\/revisions"}],"wp:featuredmedia":[{"embeddable":true,"href":"https:\/\/www.europesays.com\/fr\/wp-json\/wp\/v2\/media\/495255"}],"wp:attachment":[{"href":"https:\/\/www.europesays.com\/fr\/wp-json\/wp\/v2\/media?parent=566381"}],"wp:term":[{"taxonomy":"category","embeddable":true,"href":"https:\/\/www.europesays.com\/fr\/wp-json\/wp\/v2\/categories?post=566381"},{"taxonomy":"post_tag","embeddable":true,"href":"https:\/\/www.europesays.com\/fr\/wp-json\/wp\/v2\/tags?post=566381"}],"curies":[{"name":"wp","href":"https:\/\/api.w.org\/{rel}","templated":true}]}}